{"id":6498,"date":"2026-05-01T14:06:19","date_gmt":"2026-05-01T17:06:19","guid":{"rendered":"https:\/\/www.encontracentrosaopaulo.com.br\/sobre\/africa-no-centro\/"},"modified":"2026-05-01T14:06:19","modified_gmt":"2026-05-01T17:06:19","slug":"africa-no-centro","status":"publish","type":"post","link":"https:\/\/www.encontracentrosaopaulo.com.br\/sobre\/africa-no-centro\/","title":{"rendered":"\u00c1frica no centro"},"content":{"rendered":"<div class=\"d6585b5127f45a35450431d0abc3f90c\" data-index=\"1\" style=\"float: none; margin:0px;\">\n<!-- Anuncio display - global -->\r\n<ins class=\"adsbygoogle\"\r\n     style=\"display:block\"\r\n     data-ad-client=\"ca-pub-8585364105181520\"\r\n     data-ad-slot=\"8789329856\"\r\n     data-ad-format=\"auto\"\r\n     data-full-width-responsive=\"true\"><\/ins>\r\n<script>\r\n     (adsbygoogle = window.adsbygoogle || []).push({});\r\n<\/script>\n<\/div>\n<h2>A Hist\u00f3ria da Presen\u00e7a Africana no Centro<\/h2>\n<p>A presen\u00e7a de africanos e afrodescendentes no Centro de S\u00e3o Paulo tem ra\u00edzes profundas, que remontam a s\u00e9culos de interc\u00e2mbios culturais e sociais. Desde a \u00e9poca colonial, com a chegada de africanos escravizados, at\u00e9 os movimentos migrat\u00f3rios contempor\u00e2neos, a hist\u00f3ria desse territ\u00f3rio \u00e9 marcada pela for\u00e7a da cultura africana, que se manifestou de diversas formas na vida urbana.<\/p>\n<p>No contexto atual, a presen\u00e7a africana no Centro \u00e9 evidenciada atrav\u00e9s de neg\u00f3cios, artes e trocas culturais que reafirmam a identidade negra na sociedade. Este espa\u00e7o, especialmente a regi\u00e3o da Pra\u00e7a da Rep\u00fablica, torna-se um ponto de refer\u00eancia para imigrantes africanos, onde criam uma nova viv\u00eancia ao mesmo tempo em que resgatam e mant\u00eam suas tradi\u00e7\u00f5es.<\/p>\n<h2>Cultura e Gastronomia: A Influ\u00eancia Africana<\/h2>\n<p>A influ\u00eancia africana na cultura paulistana \u00e9 imensa, especialmente nas \u00e1reas de culin\u00e1ria e festividades. Restaurantes, quiosques e mercados no Centro proporcionam uma variedade de pratos que refletem a rica gastronomia africana. Pratos como a muamba, o caruru e o acaraj\u00e9 s\u00e3o algumas das ofertas que chegaram ao Brasil, muitas vezes adaptadas, mas mantendo suas origens saud\u00e1veis e saborosas.<\/p>\n<p><img decoding=\"async\" src=\"https:\/\/www.encontracentrosaopaulo.com.br\/sobre\/wp-content\/uploads\/africa-no-centro.webp\" alt=\"\u00c1frica no centro\" loading=\"lazy\" \/><\/p>\n<p><strong>A popula\u00e7\u00e3o negra utiliza a gastronomia como forma de celebra\u00e7\u00e3o cultural.<\/strong> Festividades que celebram a tradi\u00e7\u00e3o africana ocorrem em diversos pontos da cidade, oferecendo ao p\u00fablico a oportunidade de experimentar n\u00e3o s\u00f3 a comida, mas tamb\u00e9m a m\u00fasica e as dan\u00e7as t\u00edpicas. Esses eventos, que incluem desde rodas de samba at\u00e9 festivais de cultura negra, s\u00e3o fundamentais para a intera\u00e7\u00e3o entre culturas e para a promo\u00e7\u00e3o da diversidade.<\/p>\n<h2>Representa\u00e7\u00e3o de Comunidades Africanas<\/h2>\n<p>A diversidade \u00e9tnica entre os imigrantes africanos \u00e9 evidente nas comunidades que se formaram no Centro de S\u00e3o Paulo. Nacionalidades como a angolana, nigeriana, senegalesa e congolense convivem, trazendo suas particularidades e tradi\u00e7\u00f5es. A presen\u00e7a de l\u00edderes comunit\u00e1rios e de organiza\u00e7\u00f5es sociais potencializa essa conviv\u00eancia, criando espa\u00e7os de acolhimento e promo\u00e7\u00e3o da cultura africana.<\/p>\n<p><strong>Entre as refer\u00eancias importantes est\u00e3o<\/strong> as associa\u00e7\u00f5es culturais que visam preservar a identidade africana e a solidariedade entre os membros da comunidade. Espa\u00e7os como essas associa\u00e7\u00f5es s\u00e3o essenciais para a manuten\u00e7\u00e3o da cultura, oferecendo atividades como aulas de dan\u00e7a, m\u00fasica, culin\u00e1ria e discuss\u00f5es sobre direitos e cidadania.<\/p>\n<h2>Os Neg\u00f3cios de Imigrantes Africanos<\/h2>\n<p>A Avenida Ipiranga e as ruas adjacentes abrigam diversos empreendimentos geridos por imigrantes africanos. As lojas e quiosques, voltados para a venda de produtos africanos, roupas, acess\u00f3rios e alimentos, s\u00e3o testemunhos da capacidade empreendedora dessa comunidade. Cheikh Gueye Seck, propriet\u00e1rio da loja &#8220;Cora\u00e7\u00e3o da \u00c1frica&#8221;, exemplifica como os neg\u00f3cios s\u00e3o criados a partir da percep\u00e7\u00e3o de uma necessidade no mercado. Segundo ele, a falta de espa\u00e7os que representassem a cultura africana em S\u00e3o Paulo o motivou a abrir sua loja.<\/p>\n<ul>\n<li><strong>Cheikh Gueye Seck:<\/strong> Propriet\u00e1rio da loja que oferece produtos africanos e atua como um ponto de encontro cultural.<\/li>\n<li><strong>Massar Sarr:<\/strong> Dono da Khelcom Art, famosa entre os adeptos de religi\u00f5es afro-brasileiras.<\/li>\n<li><strong>James Evaristus:<\/strong> Criou um bar focado nas tradi\u00e7\u00f5es nigerianas, atendendo \u00e0 comunidade local.<\/li>\n<\/ul>\n<p>Esses empreendimentos n\u00e3o apenas atendem \u00e0 demanda local, mas tamb\u00e9m geram um espa\u00e7o de protagonismo para os africanos na cidade, possibilitando a troca de experi\u00eancias e refor\u00e7ando a identidade cultural.<\/p>\n<h2>A Moda como Express\u00e3o da Cultura<\/h2>\n<p>A moda tamb\u00e9m se destaca como uma forma de express\u00e3o da cultura africana no Centro de S\u00e3o Paulo. Designers e estilistas africanos t\u00eam criado cole\u00e7\u00f5es que misturam tradi\u00e7\u00e3o e modernidade, apresentando um novo olhar sobre a est\u00e9tica africana. As lojas que oferecem vestu\u00e1rio afrodiasp\u00f3rico atraem n\u00e3o apenas a comunidade afro, mas tamb\u00e9m aqueles que buscam se conectar e conhecer essa cultura rica e diversa.<\/p>\n<p><strong>Estilistas como mama Soda Diop<\/strong>, conhecida por seu talento e sua influ\u00eancia, est\u00e1 entre as figuras que utilizam a moda como uma forma de contar hist\u00f3rias e afirmar identidades. As pe\u00e7as confeccionadas por esses artistas n\u00e3o apenas vestem, mas comunicam, trazem \u00e0 tona as ra\u00edzes, as lutas e as vit\u00f3rias da presen\u00e7a africana em S\u00e3o Paulo.<\/p>\n<h2>Eventos Culturais e Religiosos<\/h2>\n<p>A realiza\u00e7\u00e3o de eventos culturais e religiosos \u00e9 um aspecto central na vida das comunidades africanas do Centro. Celebra\u00e7\u00f5es como o Dia da Consci\u00eancia Negra, festas religiosas como o Candombl\u00e9 e a Umbanda, e outros festivais culturais t\u00eam atra\u00eddo n\u00e3o apenas a comunidade negra, mas pessoas de todas as origens. As festividades proporcionam um espa\u00e7o de celebra\u00e7\u00e3o, sincretismo e reafirma\u00e7\u00e3o cultural.<\/p>\n<p><strong>As intera\u00e7\u00f5es durante esses eventos criam ambientes de respeito e troca<\/strong>, onde a cultura negra \u00e9 celebrada e reconhecida. A m\u00fasica, a dan\u00e7a, a comida e as tradi\u00e7\u00f5es religiosas se entrela\u00e7am, criando uma rica tape\u00e7aria cultural que \u00e9 acess\u00edvel a todos os envolvidos.<\/p>\n<h2>A Contribui\u00e7\u00e3o da Juventude Africana<\/h2>\n<p>A juventude africana desempenha um papel decisivo no fortalecimento da cultura africana no Brasil. Jovens imigrantes e afrodescendentes t\u00eam buscado formas de se engajar ativamente na sociedade, seja atrav\u00e9s da arte, da m\u00fasica ou de iniciativas sociais. A nova gera\u00e7\u00e3o de l\u00edderes s\u00e3o influenciadores que utilizam as redes sociais para propagar a cultura africana e conectar-se com outras comunidades.<\/p>\n<p>Iniciativas como workshops, grupos de dan\u00e7a e shows t\u00eam permitido aos jovens expressar suas identidades e tradi\u00e7\u00f5es inovadoras, contribuindo assim para uma presen\u00e7a mais vis\u00edvel e respeitada dentro do contexto multicultural de S\u00e3o Paulo.<\/p>\n<h2>O Papel do Sesc na Difus\u00e3o Cultural<\/h2>\n<p>O Sesc S\u00e3o Paulo tem se destacado como um agente transformador na promo\u00e7\u00e3o da cultura negra. Com uma variedade de programa\u00e7\u00f5es e iniciativas, a institui\u00e7\u00e3o busca integrar a tem\u00e1tica da negritude em suas a\u00e7\u00f5es, oferecendo espa\u00e7o para que as vozes africanas sejam ouvidas e celebradas.<\/p>\n<p><strong>Projetos especiais, como o Festival Sesc Culturas Negras<\/strong>, t\u00eam como objetivo mostrar a rica diversidade cultural africana atrav\u00e9s de artes, discuss\u00f5es e performances. A inclus\u00e3o de atividades culturais, como cinema negro e exposi\u00e7\u00f5es, destaca a import\u00e2ncia da hist\u00f3ria e a atualidade das culturas africanas na sociedade.<\/p>\n<h2>Dificuldades e Desafios Enfrentados<\/h2>\n<p>Apesar da rica contribui\u00e7\u00e3o cultural, os imigrantes africanos no Centro de S\u00e3o Paulo enfrentam diversos desafios. A discrimina\u00e7\u00e3o racial, as dificuldades de inser\u00e7\u00e3o no mercado de trabalho e a necessidade de regulariza\u00e7\u00e3o migrat\u00f3ria s\u00e3o quest\u00f5es prementes. Al\u00e9m disso, a supera\u00e7\u00e3o dos estere\u00f3tipos que cercam a presen\u00e7a africana \u00e9 uma luta constante.<\/p>\n<p><strong>A falta de acesso a servi\u00e7os e oportunidades<\/strong> pode criar barreiras que dificultam o potencial de desenvolvimento da comunidade africana. No entanto, a resili\u00eancia e a uni\u00e3o comunit\u00e1ria s\u00e3o fundamentais para enfrentar essas adversidades e lutar por um espa\u00e7o mais inclusivo dentro da sociedade.<\/p>\n<h2>Caminhando pela Hist\u00f3ria do Centro de S\u00e3o Paulo<\/h2>\n<p>O Centro de S\u00e3o Paulo \u00e9 um microcosmo de intera\u00e7\u00f5es culturais e sociais. O entrela\u00e7amento de hist\u00f3rias africanas \u2014 de resist\u00eancia, adapta\u00e7\u00e3o e cria\u00e7\u00e3o \u2014 contribui para a ess\u00eancia vibrante desse local. Ao caminhar pelas ruas do Centro, \u00e9 poss\u00edvel perceber as marcas deixadas por cada grupo que ali habitou e a forma como essas hist\u00f3rias se cruzam na constru\u00e7\u00e3o de uma cidade mais plural e rica em diversidade.<\/p>\n<p>Esta hist\u00f3ria cont\u00ednua \u00e9 uma lembran\u00e7a de que a cultura africana, com todas as suas particularidades e nuances, n\u00e3o \u00e9 apenas uma parte do passado, mas uma presen\u00e7a viva e indispens\u00e1vel no presente e no futuro de S\u00e3o Paulo.<\/p>\n\n<div style=\"font-size: 0px; height: 0px; line-height: 0px; margin: 0; padding: 0; clear: both;\"><\/div>","protected":false},"excerpt":{"rendered":"<p>\u00c1frica no centro: Entenda sua influ\u00eancia vital na cultura paulistana.<\/p>\n","protected":false},"author":1,"featured_media":6497,"comment_status":"open","ping_status":"closed","sticky":false,"template":"","format":"standard","meta":{"footnotes":""},"categories":[6],"tags":[],"class_list":["post-6498","post","type-post","status-publish","format-standard","has-post-thumbnail","hentry","category-noticias-no-centro-sp","has_thumb"],"aioseo_notices":[],"_links":{"self":[{"href":"https:\/\/www.encontracentrosaopaulo.com.br\/sobre\/wp-json\/wp\/v2\/posts\/6498","targetHints":{"allow":["GET"]}}],"collection":[{"href":"https:\/\/www.encontracentrosaopaulo.com.br\/sobre\/wp-json\/wp\/v2\/posts"}],"about":[{"href":"https:\/\/www.encontracentrosaopaulo.com.br\/sobre\/wp-json\/wp\/v2\/types\/post"}],"author":[{"embeddable":true,"href":"https:\/\/www.encontracentrosaopaulo.com.br\/sobre\/wp-json\/wp\/v2\/users\/1"}],"replies":[{"embeddable":true,"href":"https:\/\/www.encontracentrosaopaulo.com.br\/sobre\/wp-json\/wp\/v2\/comments?post=6498"}],"version-history":[{"count":0,"href":"https:\/\/www.encontracentrosaopaulo.com.br\/sobre\/wp-json\/wp\/v2\/posts\/6498\/revisions"}],"wp:featuredmedia":[{"embeddable":true,"href":"https:\/\/www.encontracentrosaopaulo.com.br\/sobre\/wp-json\/wp\/v2\/media\/6497"}],"wp:attachment":[{"href":"https:\/\/www.encontracentrosaopaulo.com.br\/sobre\/wp-json\/wp\/v2\/media?parent=6498"}],"wp:term":[{"taxonomy":"category","embeddable":true,"href":"https:\/\/www.encontracentrosaopaulo.com.br\/sobre\/wp-json\/wp\/v2\/categories?post=6498"},{"taxonomy":"post_tag","embeddable":true,"href":"https:\/\/www.encontracentrosaopaulo.com.br\/sobre\/wp-json\/wp\/v2\/tags?post=6498"}],"curies":[{"name":"wp","href":"https:\/\/api.w.org\/{rel}","templated":true}]}}