{"id":6528,"date":"2026-05-07T14:18:27","date_gmt":"2026-05-07T17:18:27","guid":{"rendered":"https:\/\/www.encontracentrosaopaulo.com.br\/sobre\/times-square-paulistana-kassab-diz-ser-radicalmente-contra-projeto-se-lei-cidade-limpa-criada-por-ele-for-afetada\/"},"modified":"2026-05-07T14:18:27","modified_gmt":"2026-05-07T17:18:27","slug":"times-square-paulistana-kassab-diz-ser-radicalmente-contra-projeto-se-lei-cidade-limpa-criada-por-ele-for-afetada","status":"publish","type":"post","link":"https:\/\/www.encontracentrosaopaulo.com.br\/sobre\/times-square-paulistana-kassab-diz-ser-radicalmente-contra-projeto-se-lei-cidade-limpa-criada-por-ele-for-afetada\/","title":{"rendered":"Times Square Paulistana&#8217;: Kassab diz ser radicalmente contra projeto se Lei Cidade Limpa, criada por ele, for afetada"},"content":{"rendered":"<div class=\"d6585b5127f45a35450431d0abc3f90c\" data-index=\"1\" style=\"float: none; margin:0px;\">\n<!-- Anuncio display - global -->\r\n<ins class=\"adsbygoogle\"\r\n     style=\"display:block\"\r\n     data-ad-client=\"ca-pub-8585364105181520\"\r\n     data-ad-slot=\"8789329856\"\r\n     data-ad-format=\"auto\"\r\n     data-full-width-responsive=\"true\"><\/ins>\r\n<script>\r\n     (adsbygoogle = window.adsbygoogle || []).push({});\r\n<\/script>\n<\/div>\n<h2>Kassab e sua luta pela preserva\u00e7\u00e3o visual em SP<\/h2>\n<p>Gilberto Kassab, ex-prefeito de S\u00e3o Paulo, tem se posicionado fortemente contra altera\u00e7\u00f5es que possam afetar a Lei Cidade Limpa que ele mesmo instituiu em 2006. Essa lei foi um marco importante na hist\u00f3ria da cidade, com o objetivo de reduzir a polui\u00e7\u00e3o visual e reorganizar a publicidade em espa\u00e7os p\u00fablicos. Kassab levanta preocupa\u00e7\u00f5es sobre o impacto do projeto do Boulevard S\u00e3o Jo\u00e3o, conhecido como &#8216;Times Square Paulistana&#8217;. Ele destaca que modificar a Lei Cidade Limpa seria um desrespeito a milh\u00f5es de cidad\u00e3os que valorizam as diretrizes de preserva\u00e7\u00e3o visual que ajudaram a tornar S\u00e3o Paulo menos polu\u00edda visualmente.<\/p>\n<h2>O que \u00e9 a Lei Cidade Limpa?<\/h2>\n<p>A Lei Cidade Limpa representa uma regulamenta\u00e7\u00e3o que estabeleceu normas r\u00edgidas em rela\u00e7\u00e3o \u00e0 publicidade na cidade de S\u00e3o Paulo. O principal objetivo da lei \u00e9 evitar a polui\u00e7\u00e3o visual, estabelecendo limites para a coloca\u00e7\u00e3o de outdoors e outras formas de an\u00fancios publicit\u00e1rios. Desde sua implementa\u00e7\u00e3o, ela contribuiu significativamente para a moderniza\u00e7\u00e3o da paisagem urbana da metr\u00f3pole, promovendo um ambiente mais agrad\u00e1vel e organizado.<\/p>\n<h2>Impactos do projeto &#8216;Times Square&#8217; sobre a cidade<\/h2>\n<p>O projeto do Boulevard S\u00e3o Jo\u00e3o prop\u00f5e a instala\u00e7\u00e3o de tel\u00f5es de LED em plena zona central de S\u00e3o Paulo, com a inten\u00e7\u00e3o de revitalizar a \u00e1rea e atrair turistas e moradores para atividades culturais. Esse projeto, no entanto, gera controv\u00e9rsia, pois, segundo Kassab, se n\u00e3o respeitar os princ\u00edpios da Lei Cidade Limpa, resultar\u00e1 em um retrocesso na luta contra a polui\u00e7\u00e3o visual. Os defensores do projeto argumentam que os tel\u00f5es tamb\u00e9m trar\u00e3o um impulso comercial e cultural \u00e0 regi\u00e3o.<\/p>\n<p><img decoding=\"async\" src=\"https:\/\/www.encontracentrosaopaulo.com.br\/sobre\/wp-content\/uploads\/times-square-paulistana-kassab-diz-ser-radicalmente-contra-projeto-se-lei-cidade-limpa-criada-por-el.webp\" alt=\"Times Square Paulistana\" loading=\"lazy\" \/><\/p>\n<h2>Reflex\u00f5es sobre a polui\u00e7\u00e3o visual<\/h2>\n<p>Refletir sobre a polui\u00e7\u00e3o visual \u00e9 crucial em ambientes urbanos densamente povoados. Em S\u00e3o Paulo, a polui\u00e7\u00e3o visual exacerbada pode causar desconforto e aliena\u00e7\u00e3o na popula\u00e7\u00e3o. A experi\u00eancia est\u00e9tica do cidad\u00e3o pode ser comprometida se as cidades forem invadidas por publicidade agressiva. A Lei Cidade Limpa se tornou um s\u00edmbolo de luta contra essa forma de polui\u00e7\u00e3o e sua preserva\u00e7\u00e3o \u00e9 vista como fundamental para garantir um espa\u00e7o urbano harm\u00f4nico.<\/p>\n<h2>Papel da CPPU na aprova\u00e7\u00e3o de projetos<\/h2>\n<p>A Comiss\u00e3o de Prote\u00e7\u00e3o \u00e0 Paisagem Urbana (CPPU) desempenha um papel essencial na an\u00e1lise e aprova\u00e7\u00e3o de projetos que possam alterar a paisagem de S\u00e3o Paulo. Ela visa garantir que as interven\u00e7\u00f5es no espa\u00e7o urbano respeitem as normas vigentes, incluindo a Lei Cidade Limpa. No caso do Boulevard S\u00e3o Jo\u00e3o, a CPPU j\u00e1 deu sinal verde, o que levanta perguntas sobre a aplica\u00e7\u00e3o rigorosa da lei e se o projeto ser\u00e1 capaz de equilibrar desenvolvimento urbano e preserva\u00e7\u00e3o est\u00e9tica.<\/p>\n<h2>Investimentos e contrapartidas do Boulevard S\u00e3o Jo\u00e3o<\/h2>\n<p>O projeto do Boulevard S\u00e3o Jo\u00e3o envolve um investimento privado de aproximadamente R$ 44 milh\u00f5es, que ser\u00e1 utilizado para a instala\u00e7\u00e3o de tel\u00f5es e revitaliza\u00e7\u00e3o da \u00e1rea. Como contrapartida, o projeto promete melhorias urbanas significativas, incluindo a restaura\u00e7\u00e3o de \u00e1reas p\u00fablicas e a promo\u00e7\u00e3o de eventos culturais. No entanto, os cr\u00edticos questionam se o benef\u00edcio dessas obras compensar\u00e1 os impactos negativos potenciais \u00e0 paisagem urbana.<\/p>\n<h2>Direitos dos paulistanos e mudan\u00e7as nas leis<\/h2>\n<p>A discuss\u00e3o em torno do projeto tamb\u00e9m toca na quest\u00e3o dos direitos dos cidad\u00e3os de S\u00e3o Paulo. Muitos paulistanos acreditam que t\u00eam o direito de viver em uma cidade que priorize o bem-estar e a est\u00e9tica urbana. A negocia\u00e7\u00e3o de exce\u00e7\u00f5es \u00e0s regras da Lei Cidade Limpa para projetos privados levanta preocupa\u00e7\u00f5es sobre o valor que a sociedade atribui \u00e0 sua pr\u00f3pria qualidade de vida em detrimento de interesses comerciais.<\/p>\n<h2>Rea\u00e7\u00f5es nas redes sociais sobre o projeto<\/h2>\n<p>A proposi\u00e7\u00e3o do Boulevard S\u00e3o Jo\u00e3o gerou uma onda de rea\u00e7\u00f5es nas redes sociais, refletindo uma divis\u00e3o entre apoiadores e opositores do projeto. Muitos cidad\u00e3os expressaram suas preocupa\u00e7\u00f5es sobre a possibilidade de uma &#8220;Times Square Paulistana&#8221; interferir no que conquistaram em termos de qualidade visual. A capacidade de dialogar com a popula\u00e7\u00e3o e ouvir suas preocupa\u00e7\u00f5es ser\u00e1 essencial para qualquer avan\u00e7o neste projeto.<\/p>\n<h2>Kassab vs. Tarc\u00edsio: uma vis\u00e3o antag\u00f4nica<\/h2>\n<p>A diverg\u00eancia entre Gilberto Kassab e o governador Tarc\u00edsio de Freitas est\u00e1 evidente no debate sobre este projeto. Enquanto Kassab defende a preserva\u00e7\u00e3o da Lei Cidade Limpa e expressa seu receio de que altera\u00e7\u00f5es na legisla\u00e7\u00e3o possam prejudicar a cidade, Tarc\u00edsio v\u00ea a revitaliza\u00e7\u00e3o e a instala\u00e7\u00e3o de tel\u00f5es como uma oportunidade para impulsionar a economia local e trazer vida para o centro. Essa tens\u00e3o entre desenvolvimento e preserva\u00e7\u00e3o \u00e9 uma quest\u00e3o recorrente nas grandes cidades, que lutam para equilibrar progresso econ\u00f4mico e qualidade de vida urbana.<\/p>\n<h2>O futuro do Boulevard S\u00e3o Jo\u00e3o e seu impacto cultural<\/h2>\n<p>O futuro do Boulevard S\u00e3o Jo\u00e3o e seu impacto na cultura paulistana depender\u00e3o da forma como o projeto ser\u00e1 implementado e da maneira como as preocupa\u00e7\u00f5es da popula\u00e7\u00e3o ser\u00e3o levadas em considera\u00e7\u00e3o. Se o projeto puder ser executado respeitando os princ\u00edpios estabelecidos pela Lei Cidade Limpa, \u00e9 poss\u00edvel que ele traga benef\u00edcios culturais e econ\u00f4micos. Contudo, caso os interesses comerciais prevale\u00e7am em detrimento do bem-estar est\u00e9tico e social da cidade, S\u00e3o Paulo poder\u00e1 enfrentar um retrocesso no que diz respeito ao compromisso com a qualidade de seu espa\u00e7o urbano.<\/p>\n\n<div style=\"font-size: 0px; height: 0px; line-height: 0px; margin: 0; padding: 0; clear: both;\"><\/div>","protected":false},"excerpt":{"rendered":"<p>&#8216;Times Square Paulistana&#8217; gerar\u00e1 pol\u00eamica se afetar a Lei Cidade Limpa, diz Kassab.<\/p>\n","protected":false},"author":1,"featured_media":6527,"comment_status":"open","ping_status":"closed","sticky":false,"template":"","format":"standard","meta":{"footnotes":""},"categories":[6],"tags":[],"class_list":["post-6528","post","type-post","status-publish","format-standard","has-post-thumbnail","hentry","category-noticias-no-centro-sp","has_thumb"],"aioseo_notices":[],"aioseo_head":"\n\t\t<!-- All in One SEO 5.0.0.1 - aioseo.com -->\n\t<meta name=\"description\" content=\"&#039;Times Square Paulistana&#039; gerar\u00e1 pol\u00eamica se afetar a Lei Cidade Limpa, diz Kassab.\" \/>\n\t<meta name=\"robots\" content=\"max-image-preview:large\" \/>\n\t<meta name=\"author\" content=\"Encontra Centro SP\"\/>\n\t<link rel=\"canonical\" href=\"https:\/\/www.encontracentrosaopaulo.com.br\/sobre\/times-square-paulistana-kassab-diz-ser-radicalmente-contra-projeto-se-lei-cidade-limpa-criada-por-ele-for-afetada\/\" \/>\n\t<meta name=\"generator\" content=\"All in One SEO (AIOSEO) 5.0.0.1\" \/>\n\t\t<meta property=\"og:locale\" content=\"pt_BR\" \/>\n\t\t<meta property=\"og:site_name\" content=\"Encontra Centro SP | Not\u00edcias, eventos, informa\u00e7\u00f5es e dicas na cidade de Centro SP e regi\u00e3o.\" \/>\n\t\t<meta property=\"og:type\" content=\"article\" \/>\n\t\t<meta property=\"og:title\" content=\"Times Square Paulistana\u2019: Kassab diz ser radicalmente contra projeto se Lei Cidade Limpa, criada por ele, for afetada | Encontra Centro SP\" \/>\n\t\t<meta property=\"og:description\" content=\"&#039;Times Square Paulistana&#039; gerar\u00e1 pol\u00eamica se afetar a Lei Cidade Limpa, diz Kassab.\" \/>\n\t\t<meta property=\"og:url\" content=\"https:\/\/www.encontracentrosaopaulo.com.br\/sobre\/times-square-paulistana-kassab-diz-ser-radicalmente-contra-projeto-se-lei-cidade-limpa-criada-por-ele-for-afetada\/\" \/>\n\t\t<meta property=\"article:published_time\" content=\"2026-05-07T17:18:27+00:00\" \/>\n\t\t<meta property=\"article:modified_time\" content=\"2026-05-07T17:18:27+00:00\" \/>\n\t\t<meta name=\"twitter:card\" content=\"summary\" \/>\n\t\t<meta name=\"twitter:title\" content=\"Times Square Paulistana\u2019: Kassab diz ser radicalmente contra projeto se Lei Cidade Limpa, criada por ele, for afetada | Encontra Centro SP\" \/>\n\t\t<meta name=\"twitter:description\" content=\"&#039;Times Square Paulistana&#039; gerar\u00e1 pol\u00eamica se afetar a Lei Cidade Limpa, diz Kassab.\" \/>\n\t\t<script type=\"application\/ld+json\" class=\"aioseo-schema\">\n\t\t\t{\"@context\":\"https:\\\/\\\/schema.org\",\"@graph\":[{\"@type\":\"Article\",\"@id\":\"https:\\\/\\\/www.encontracentrosaopaulo.com.br\\\/sobre\\\/times-square-paulistana-kassab-diz-ser-radicalmente-contra-projeto-se-lei-cidade-limpa-criada-por-ele-for-afetada\\\/#article\",\"name\":\"Times Square Paulistana\\u2019: Kassab diz ser radicalmente contra projeto se Lei Cidade Limpa, criada por ele, for afetada | Encontra Centro SP\",\"headline\":\"Times Square Paulistana&#8217;: Kassab diz ser radicalmente contra projeto se Lei Cidade Limpa, criada por ele, for afetada\",\"author\":{\"@id\":\"https:\\\/\\\/www.encontracentrosaopaulo.com.br\\\/sobre\\\/author\\\/ecentrosaopaulo\\\/#author\"},\"publisher\":{\"@id\":\"https:\\\/\\\/www.encontracentrosaopaulo.com.br\\\/sobre\\\/#organization\"},\"image\":{\"@type\":\"ImageObject\",\"url\":\"https:\\\/\\\/www.encontracentrosaopaulo.com.br\\\/sobre\\\/wp-content\\\/uploads\\\/times-square-paulistana-kassab-diz-ser-radicalmente-contra-projeto-se-lei-cidade-limpa-criada-por-el.webp\",\"width\":280,\"height\":280,\"caption\":\"Times Square Paulistana\"},\"datePublished\":\"2026-05-07T14:18:27-03:00\",\"dateModified\":\"2026-05-07T14:18:27-03:00\",\"inLanguage\":\"pt-BR\",\"mainEntityOfPage\":{\"@id\":\"https:\\\/\\\/www.encontracentrosaopaulo.com.br\\\/sobre\\\/times-square-paulistana-kassab-diz-ser-radicalmente-contra-projeto-se-lei-cidade-limpa-criada-por-ele-for-afetada\\\/#webpage\"},\"isPartOf\":{\"@id\":\"https:\\\/\\\/www.encontracentrosaopaulo.com.br\\\/sobre\\\/times-square-paulistana-kassab-diz-ser-radicalmente-contra-projeto-se-lei-cidade-limpa-criada-por-ele-for-afetada\\\/#webpage\"},\"articleSection\":\"Not\\u00edcias Centro SP\"},{\"@type\":\"BreadcrumbList\",\"@id\":\"https:\\\/\\\/www.encontracentrosaopaulo.com.br\\\/sobre\\\/times-square-paulistana-kassab-diz-ser-radicalmente-contra-projeto-se-lei-cidade-limpa-criada-por-ele-for-afetada\\\/#breadcrumblist\",\"itemListElement\":[{\"@type\":\"ListItem\",\"@id\":\"https:\\\/\\\/www.encontracentrosaopaulo.com.br\\\/sobre#listItem\",\"position\":1,\"name\":\"In\\u00edcio\",\"item\":\"https:\\\/\\\/www.encontracentrosaopaulo.com.br\\\/sobre\",\"nextItem\":{\"@type\":\"ListItem\",\"@id\":\"https:\\\/\\\/www.encontracentrosaopaulo.com.br\\\/sobre\\\/noticias-no-centro-sp\\\/#listItem\",\"name\":\"Not\\u00edcias Centro SP\"}},{\"@type\":\"ListItem\",\"@id\":\"https:\\\/\\\/www.encontracentrosaopaulo.com.br\\\/sobre\\\/noticias-no-centro-sp\\\/#listItem\",\"position\":2,\"name\":\"Not\\u00edcias Centro SP\",\"item\":\"https:\\\/\\\/www.encontracentrosaopaulo.com.br\\\/sobre\\\/noticias-no-centro-sp\\\/\",\"nextItem\":{\"@type\":\"ListItem\",\"@id\":\"https:\\\/\\\/www.encontracentrosaopaulo.com.br\\\/sobre\\\/times-square-paulistana-kassab-diz-ser-radicalmente-contra-projeto-se-lei-cidade-limpa-criada-por-ele-for-afetada\\\/#listItem\",\"name\":\"Times Square Paulistana&#8217;: Kassab diz ser radicalmente contra projeto se Lei Cidade Limpa, criada por ele, for afetada\"},\"previousItem\":{\"@type\":\"ListItem\",\"@id\":\"https:\\\/\\\/www.encontracentrosaopaulo.com.br\\\/sobre#listItem\",\"name\":\"In\\u00edcio\"}},{\"@type\":\"ListItem\",\"@id\":\"https:\\\/\\\/www.encontracentrosaopaulo.com.br\\\/sobre\\\/times-square-paulistana-kassab-diz-ser-radicalmente-contra-projeto-se-lei-cidade-limpa-criada-por-ele-for-afetada\\\/#listItem\",\"position\":3,\"name\":\"Times Square Paulistana&#8217;: Kassab diz ser radicalmente contra projeto se Lei Cidade Limpa, criada por ele, for afetada\",\"previousItem\":{\"@type\":\"ListItem\",\"@id\":\"https:\\\/\\\/www.encontracentrosaopaulo.com.br\\\/sobre\\\/noticias-no-centro-sp\\\/#listItem\",\"name\":\"Not\\u00edcias Centro SP\"}}]},{\"@type\":\"Organization\",\"@id\":\"https:\\\/\\\/www.encontracentrosaopaulo.com.br\\\/sobre\\\/#organization\",\"name\":\"Encontra Centro SP\",\"description\":\"Not\\u00edcias, eventos, informa\\u00e7\\u00f5es e dicas na cidade de Centro SP e regi\\u00e3o.\",\"url\":\"https:\\\/\\\/www.encontracentrosaopaulo.com.br\\\/sobre\\\/\"},{\"@type\":\"Person\",\"@id\":\"https:\\\/\\\/www.encontracentrosaopaulo.com.br\\\/sobre\\\/author\\\/ecentrosaopaulo\\\/#author\",\"url\":\"https:\\\/\\\/www.encontracentrosaopaulo.com.br\\\/sobre\\\/author\\\/ecentrosaopaulo\\\/\",\"name\":\"Encontra Centro SP\",\"image\":{\"@type\":\"ImageObject\",\"@id\":\"https:\\\/\\\/www.encontracentrosaopaulo.com.br\\\/sobre\\\/times-square-paulistana-kassab-diz-ser-radicalmente-contra-projeto-se-lei-cidade-limpa-criada-por-ele-for-afetada\\\/#authorImage\",\"url\":\"https:\\\/\\\/secure.gravatar.com\\\/avatar\\\/507340682b8270222e1f208e23198b6ae7e2c6a1033ae84e99bc6bce4f82a387?s=96&d=mm&r=g\",\"width\":96,\"height\":96,\"caption\":\"Encontra Centro SP\"}},{\"@type\":\"WebPage\",\"@id\":\"https:\\\/\\\/www.encontracentrosaopaulo.com.br\\\/sobre\\\/times-square-paulistana-kassab-diz-ser-radicalmente-contra-projeto-se-lei-cidade-limpa-criada-por-ele-for-afetada\\\/#webpage\",\"url\":\"https:\\\/\\\/www.encontracentrosaopaulo.com.br\\\/sobre\\\/times-square-paulistana-kassab-diz-ser-radicalmente-contra-projeto-se-lei-cidade-limpa-criada-por-ele-for-afetada\\\/\",\"name\":\"Times Square Paulistana\\u2019: Kassab diz ser radicalmente contra projeto se Lei Cidade Limpa, criada por ele, for afetada | Encontra Centro SP\",\"description\":\"'Times Square Paulistana' gerar\\u00e1 pol\\u00eamica se afetar a Lei Cidade Limpa, diz Kassab.\",\"inLanguage\":\"pt-BR\",\"isPartOf\":{\"@id\":\"https:\\\/\\\/www.encontracentrosaopaulo.com.br\\\/sobre\\\/#website\"},\"breadcrumb\":{\"@id\":\"https:\\\/\\\/www.encontracentrosaopaulo.com.br\\\/sobre\\\/times-square-paulistana-kassab-diz-ser-radicalmente-contra-projeto-se-lei-cidade-limpa-criada-por-ele-for-afetada\\\/#breadcrumblist\"},\"author\":{\"@id\":\"https:\\\/\\\/www.encontracentrosaopaulo.com.br\\\/sobre\\\/author\\\/ecentrosaopaulo\\\/#author\"},\"creator\":{\"@id\":\"https:\\\/\\\/www.encontracentrosaopaulo.com.br\\\/sobre\\\/author\\\/ecentrosaopaulo\\\/#author\"},\"image\":{\"@type\":\"ImageObject\",\"url\":\"https:\\\/\\\/www.encontracentrosaopaulo.com.br\\\/sobre\\\/wp-content\\\/uploads\\\/times-square-paulistana-kassab-diz-ser-radicalmente-contra-projeto-se-lei-cidade-limpa-criada-por-el.webp\",\"@id\":\"https:\\\/\\\/www.encontracentrosaopaulo.com.br\\\/sobre\\\/times-square-paulistana-kassab-diz-ser-radicalmente-contra-projeto-se-lei-cidade-limpa-criada-por-ele-for-afetada\\\/#mainImage\",\"width\":280,\"height\":280,\"caption\":\"Times Square Paulistana\"},\"primaryImageOfPage\":{\"@id\":\"https:\\\/\\\/www.encontracentrosaopaulo.com.br\\\/sobre\\\/times-square-paulistana-kassab-diz-ser-radicalmente-contra-projeto-se-lei-cidade-limpa-criada-por-ele-for-afetada\\\/#mainImage\"},\"datePublished\":\"2026-05-07T14:18:27-03:00\",\"dateModified\":\"2026-05-07T14:18:27-03:00\"},{\"@type\":\"WebSite\",\"@id\":\"https:\\\/\\\/www.encontracentrosaopaulo.com.br\\\/sobre\\\/#website\",\"url\":\"https:\\\/\\\/www.encontracentrosaopaulo.com.br\\\/sobre\\\/\",\"name\":\"Encontra Centro SP\",\"description\":\"Not\\u00edcias, eventos, informa\\u00e7\\u00f5es e dicas na cidade de Centro SP e regi\\u00e3o.\",\"inLanguage\":\"pt-BR\",\"publisher\":{\"@id\":\"https:\\\/\\\/www.encontracentrosaopaulo.com.br\\\/sobre\\\/#organization\"}}]}\n\t\t<\/script>\n\t\t<!-- All in One SEO -->\n\n","aioseo_head_json":{"title":"Times Square Paulistana\u2019: Kassab diz ser radicalmente contra projeto se Lei Cidade Limpa, criada por ele, for afetada | Encontra Centro SP","description":"'Times Square Paulistana' gerar\u00e1 pol\u00eamica se afetar a Lei Cidade Limpa, diz Kassab.","canonical_url":"https:\/\/www.encontracentrosaopaulo.com.br\/sobre\/times-square-paulistana-kassab-diz-ser-radicalmente-contra-projeto-se-lei-cidade-limpa-criada-por-ele-for-afetada\/","robots":"max-image-preview:large","keywords":"","webmasterTools":{"miscellaneous":""},"schema":{"@context":"https:\/\/schema.org","@graph":[{"@type":"Article","@id":"https:\/\/www.encontracentrosaopaulo.com.br\/sobre\/times-square-paulistana-kassab-diz-ser-radicalmente-contra-projeto-se-lei-cidade-limpa-criada-por-ele-for-afetada\/#article","name":"Times Square Paulistana\u2019: Kassab diz ser radicalmente contra projeto se Lei Cidade Limpa, criada por ele, for afetada | Encontra Centro SP","headline":"Times Square Paulistana&#8217;: Kassab diz ser radicalmente contra projeto se Lei Cidade Limpa, criada por ele, for afetada","author":{"@id":"https:\/\/www.encontracentrosaopaulo.com.br\/sobre\/author\/ecentrosaopaulo\/#author"},"publisher":{"@id":"https:\/\/www.encontracentrosaopaulo.com.br\/sobre\/#organization"},"image":{"@type":"ImageObject","url":"https:\/\/www.encontracentrosaopaulo.com.br\/sobre\/wp-content\/uploads\/times-square-paulistana-kassab-diz-ser-radicalmente-contra-projeto-se-lei-cidade-limpa-criada-por-el.webp","width":280,"height":280,"caption":"Times Square Paulistana"},"datePublished":"2026-05-07T14:18:27-03:00","dateModified":"2026-05-07T14:18:27-03:00","inLanguage":"pt-BR","mainEntityOfPage":{"@id":"https:\/\/www.encontracentrosaopaulo.com.br\/sobre\/times-square-paulistana-kassab-diz-ser-radicalmente-contra-projeto-se-lei-cidade-limpa-criada-por-ele-for-afetada\/#webpage"},"isPartOf":{"@id":"https:\/\/www.encontracentrosaopaulo.com.br\/sobre\/times-square-paulistana-kassab-diz-ser-radicalmente-contra-projeto-se-lei-cidade-limpa-criada-por-ele-for-afetada\/#webpage"},"articleSection":"Not\u00edcias Centro SP"},{"@type":"BreadcrumbList","@id":"https:\/\/www.encontracentrosaopaulo.com.br\/sobre\/times-square-paulistana-kassab-diz-ser-radicalmente-contra-projeto-se-lei-cidade-limpa-criada-por-ele-for-afetada\/#breadcrumblist","itemListElement":[{"@type":"ListItem","@id":"https:\/\/www.encontracentrosaopaulo.com.br\/sobre#listItem","position":1,"name":"In\u00edcio","item":"https:\/\/www.encontracentrosaopaulo.com.br\/sobre","nextItem":{"@type":"ListItem","@id":"https:\/\/www.encontracentrosaopaulo.com.br\/sobre\/noticias-no-centro-sp\/#listItem","name":"Not\u00edcias Centro SP"}},{"@type":"ListItem","@id":"https:\/\/www.encontracentrosaopaulo.com.br\/sobre\/noticias-no-centro-sp\/#listItem","position":2,"name":"Not\u00edcias Centro SP","item":"https:\/\/www.encontracentrosaopaulo.com.br\/sobre\/noticias-no-centro-sp\/","nextItem":{"@type":"ListItem","@id":"https:\/\/www.encontracentrosaopaulo.com.br\/sobre\/times-square-paulistana-kassab-diz-ser-radicalmente-contra-projeto-se-lei-cidade-limpa-criada-por-ele-for-afetada\/#listItem","name":"Times Square Paulistana&#8217;: Kassab diz ser radicalmente contra projeto se Lei Cidade Limpa, criada por ele, for afetada"},"previousItem":{"@type":"ListItem","@id":"https:\/\/www.encontracentrosaopaulo.com.br\/sobre#listItem","name":"In\u00edcio"}},{"@type":"ListItem","@id":"https:\/\/www.encontracentrosaopaulo.com.br\/sobre\/times-square-paulistana-kassab-diz-ser-radicalmente-contra-projeto-se-lei-cidade-limpa-criada-por-ele-for-afetada\/#listItem","position":3,"name":"Times Square Paulistana&#8217;: Kassab diz ser radicalmente contra projeto se Lei Cidade Limpa, criada por ele, for afetada","previousItem":{"@type":"ListItem","@id":"https:\/\/www.encontracentrosaopaulo.com.br\/sobre\/noticias-no-centro-sp\/#listItem","name":"Not\u00edcias Centro SP"}}]},{"@type":"Organization","@id":"https:\/\/www.encontracentrosaopaulo.com.br\/sobre\/#organization","name":"Encontra Centro SP","description":"Not\u00edcias, eventos, informa\u00e7\u00f5es e dicas na cidade de Centro SP e regi\u00e3o.","url":"https:\/\/www.encontracentrosaopaulo.com.br\/sobre\/"},{"@type":"Person","@id":"https:\/\/www.encontracentrosaopaulo.com.br\/sobre\/author\/ecentrosaopaulo\/#author","url":"https:\/\/www.encontracentrosaopaulo.com.br\/sobre\/author\/ecentrosaopaulo\/","name":"Encontra Centro SP","image":{"@type":"ImageObject","@id":"https:\/\/www.encontracentrosaopaulo.com.br\/sobre\/times-square-paulistana-kassab-diz-ser-radicalmente-contra-projeto-se-lei-cidade-limpa-criada-por-ele-for-afetada\/#authorImage","url":"https:\/\/secure.gravatar.com\/avatar\/507340682b8270222e1f208e23198b6ae7e2c6a1033ae84e99bc6bce4f82a387?s=96&d=mm&r=g","width":96,"height":96,"caption":"Encontra Centro SP"}},{"@type":"WebPage","@id":"https:\/\/www.encontracentrosaopaulo.com.br\/sobre\/times-square-paulistana-kassab-diz-ser-radicalmente-contra-projeto-se-lei-cidade-limpa-criada-por-ele-for-afetada\/#webpage","url":"https:\/\/www.encontracentrosaopaulo.com.br\/sobre\/times-square-paulistana-kassab-diz-ser-radicalmente-contra-projeto-se-lei-cidade-limpa-criada-por-ele-for-afetada\/","name":"Times Square Paulistana\u2019: Kassab diz ser radicalmente contra projeto se Lei Cidade Limpa, criada por ele, for afetada | Encontra Centro SP","description":"'Times Square Paulistana' gerar\u00e1 pol\u00eamica se afetar a Lei Cidade Limpa, diz Kassab.","inLanguage":"pt-BR","isPartOf":{"@id":"https:\/\/www.encontracentrosaopaulo.com.br\/sobre\/#website"},"breadcrumb":{"@id":"https:\/\/www.encontracentrosaopaulo.com.br\/sobre\/times-square-paulistana-kassab-diz-ser-radicalmente-contra-projeto-se-lei-cidade-limpa-criada-por-ele-for-afetada\/#breadcrumblist"},"author":{"@id":"https:\/\/www.encontracentrosaopaulo.com.br\/sobre\/author\/ecentrosaopaulo\/#author"},"creator":{"@id":"https:\/\/www.encontracentrosaopaulo.com.br\/sobre\/author\/ecentrosaopaulo\/#author"},"image":{"@type":"ImageObject","url":"https:\/\/www.encontracentrosaopaulo.com.br\/sobre\/wp-content\/uploads\/times-square-paulistana-kassab-diz-ser-radicalmente-contra-projeto-se-lei-cidade-limpa-criada-por-el.webp","@id":"https:\/\/www.encontracentrosaopaulo.com.br\/sobre\/times-square-paulistana-kassab-diz-ser-radicalmente-contra-projeto-se-lei-cidade-limpa-criada-por-ele-for-afetada\/#mainImage","width":280,"height":280,"caption":"Times Square Paulistana"},"primaryImageOfPage":{"@id":"https:\/\/www.encontracentrosaopaulo.com.br\/sobre\/times-square-paulistana-kassab-diz-ser-radicalmente-contra-projeto-se-lei-cidade-limpa-criada-por-ele-for-afetada\/#mainImage"},"datePublished":"2026-05-07T14:18:27-03:00","dateModified":"2026-05-07T14:18:27-03:00"},{"@type":"WebSite","@id":"https:\/\/www.encontracentrosaopaulo.com.br\/sobre\/#website","url":"https:\/\/www.encontracentrosaopaulo.com.br\/sobre\/","name":"Encontra Centro SP","description":"Not\u00edcias, eventos, informa\u00e7\u00f5es e dicas na cidade de Centro SP e regi\u00e3o.","inLanguage":"pt-BR","publisher":{"@id":"https:\/\/www.encontracentrosaopaulo.com.br\/sobre\/#organization"}}]},"og:locale":"pt_BR","og:site_name":"Encontra Centro SP | Not\u00edcias, eventos, informa\u00e7\u00f5es e dicas na cidade de Centro SP e regi\u00e3o.","og:type":"article","og:title":"Times Square Paulistana\u2019: Kassab diz ser radicalmente contra projeto se Lei Cidade Limpa, criada por ele, for afetada | Encontra Centro SP","og:description":"'Times Square Paulistana' gerar\u00e1 pol\u00eamica se afetar a Lei Cidade Limpa, diz Kassab.","og:url":"https:\/\/www.encontracentrosaopaulo.com.br\/sobre\/times-square-paulistana-kassab-diz-ser-radicalmente-contra-projeto-se-lei-cidade-limpa-criada-por-ele-for-afetada\/","article:published_time":"2026-05-07T17:18:27+00:00","article:modified_time":"2026-05-07T17:18:27+00:00","twitter:card":"summary","twitter:title":"Times Square Paulistana\u2019: Kassab diz ser radicalmente contra projeto se Lei Cidade Limpa, criada por ele, for afetada | Encontra Centro SP","twitter:description":"'Times Square Paulistana' gerar\u00e1 pol\u00eamica se afetar a Lei Cidade Limpa, diz Kassab."},"aioseo_meta_data":{"post_id":"6528","title":null,"description":null,"keywords":null,"keyphrases":null,"primary_term":null,"canonical_url":null,"og_title":null,"og_description":null,"og_object_type":"default","og_image_type":"default","og_image_url":null,"og_image_width":null,"og_image_height":null,"og_image_custom_url":null,"og_image_custom_fields":null,"og_video":null,"og_custom_url":null,"og_article_section":null,"og_article_tags":null,"twitter_use_og":false,"twitter_card":"default","twitter_image_type":"default","twitter_image_url":null,"twitter_image_custom_url":null,"twitter_image_custom_fields":null,"twitter_title":null,"twitter_description":null,"schema":{"blockGraphs":[],"customGraphs":[],"default":{"data":{"Article":[],"Course":[],"Dataset":[],"FAQPage":[],"Movie":[],"Person":[],"Product":[],"ProductReview":[],"Car":[],"Recipe":[],"Service":[],"SoftwareApplication":[],"WebPage":[]},"graphName":"Article","isEnabled":true},"graphs":[]},"schema_type":"default","schema_type_options":null,"pillar_content":false,"robots_default":true,"robots_noindex":false,"robots_noarchive":false,"robots_nosnippet":false,"robots_nofollow":false,"robots_noimageindex":false,"robots_noodp":false,"robots_notranslate":false,"robots_max_snippet":null,"robots_max_videopreview":null,"robots_max_imagepreview":"large","priority":null,"frequency":null,"local_seo":null,"breadcrumb_settings":null,"limit_modified_date":false,"ai":null,"created":"2026-05-07 18:32:29","updated":"2026-05-07 20:09:21","seo_analyzer_scan_date":null,"focus_keyword":null,"additional_keywords":null,"truseo_locale":null},"aioseo_breadcrumb":"<div class=\"aioseo-breadcrumbs\"><span class=\"aioseo-breadcrumb\">\n\t\t\t<a href=\"https:\/\/www.encontracentrosaopaulo.com.br\/sobre\" title=\"In\u00edcio\">In\u00edcio<\/a>\n\t\t<\/span><span class=\"aioseo-breadcrumb-separator\">&raquo;<\/span><span class=\"aioseo-breadcrumb\">\n\t\t\t<a href=\"https:\/\/www.encontracentrosaopaulo.com.br\/sobre\/noticias-no-centro-sp\/\" title=\"Not\u00edcias Centro SP\">Not\u00edcias Centro SP<\/a>\n\t\t<\/span><span class=\"aioseo-breadcrumb-separator\">&raquo;<\/span><span class=\"aioseo-breadcrumb\">\n\t\t\tTimes Square Paulistana\u2019: Kassab diz ser radicalmente contra projeto se Lei Cidade Limpa, criada por ele, for afetada\n\t\t<\/span><\/div>","aioseo_breadcrumb_json":[{"label":"In\u00edcio","link":"https:\/\/www.encontracentrosaopaulo.com.br\/sobre"},{"label":"Not\u00edcias Centro SP","link":"https:\/\/www.encontracentrosaopaulo.com.br\/sobre\/noticias-no-centro-sp\/"},{"label":"Times Square Paulistana&#8217;: Kassab diz ser radicalmente contra projeto se Lei Cidade Limpa, criada por ele, for afetada","link":"https:\/\/www.encontracentrosaopaulo.com.br\/sobre\/times-square-paulistana-kassab-diz-ser-radicalmente-contra-projeto-se-lei-cidade-limpa-criada-por-ele-for-afetada\/"}],"_links":{"self":[{"href":"https:\/\/www.encontracentrosaopaulo.com.br\/sobre\/wp-json\/wp\/v2\/posts\/6528","targetHints":{"allow":["GET"]}}],"collection":[{"href":"https:\/\/www.encontracentrosaopaulo.com.br\/sobre\/wp-json\/wp\/v2\/posts"}],"about":[{"href":"https:\/\/www.encontracentrosaopaulo.com.br\/sobre\/wp-json\/wp\/v2\/types\/post"}],"author":[{"embeddable":true,"href":"https:\/\/www.encontracentrosaopaulo.com.br\/sobre\/wp-json\/wp\/v2\/users\/1"}],"replies":[{"embeddable":true,"href":"https:\/\/www.encontracentrosaopaulo.com.br\/sobre\/wp-json\/wp\/v2\/comments?post=6528"}],"version-history":[{"count":0,"href":"https:\/\/www.encontracentrosaopaulo.com.br\/sobre\/wp-json\/wp\/v2\/posts\/6528\/revisions"}],"wp:featuredmedia":[{"embeddable":true,"href":"https:\/\/www.encontracentrosaopaulo.com.br\/sobre\/wp-json\/wp\/v2\/media\/6527"}],"wp:attachment":[{"href":"https:\/\/www.encontracentrosaopaulo.com.br\/sobre\/wp-json\/wp\/v2\/media?parent=6528"}],"wp:term":[{"taxonomy":"category","embeddable":true,"href":"https:\/\/www.encontracentrosaopaulo.com.br\/sobre\/wp-json\/wp\/v2\/categories?post=6528"},{"taxonomy":"post_tag","embeddable":true,"href":"https:\/\/www.encontracentrosaopaulo.com.br\/sobre\/wp-json\/wp\/v2\/tags?post=6528"}],"curies":[{"name":"wp","href":"https:\/\/api.w.org\/{rel}","templated":true}]}}