{"id":6544,"date":"2026-05-11T13:43:09","date_gmt":"2026-05-11T16:43:09","guid":{"rendered":"https:\/\/www.encontracentrosaopaulo.com.br\/sobre\/onda-de-frio-em-sp-tem-328-moradores-em-situacao-de-rua-levados-a-albergues-em-1a-noite-da-operacao-baixas-temperaturas\/"},"modified":"2026-05-11T13:43:09","modified_gmt":"2026-05-11T16:43:09","slug":"onda-de-frio-em-sp-tem-328-moradores-em-situacao-de-rua-levados-a-albergues-em-1a-noite-da-operacao-baixas-temperaturas","status":"publish","type":"post","link":"https:\/\/www.encontracentrosaopaulo.com.br\/sobre\/onda-de-frio-em-sp-tem-328-moradores-em-situacao-de-rua-levados-a-albergues-em-1a-noite-da-operacao-baixas-temperaturas\/","title":{"rendered":"Onda de frio em SP tem 328 moradores em situa\u00e7\u00e3o de rua levados a albergues em 1\u00aa noite da Opera\u00e7\u00e3o Baixas Temperaturas"},"content":{"rendered":"<div class=\"d6585b5127f45a35450431d0abc3f90c\" data-index=\"1\" style=\"float: none; margin:0px;\">\n<!-- Anuncio display - global -->\r\n<ins class=\"adsbygoogle\"\r\n     style=\"display:block\"\r\n     data-ad-client=\"ca-pub-8585364105181520\"\r\n     data-ad-slot=\"8789329856\"\r\n     data-ad-format=\"auto\"\r\n     data-full-width-responsive=\"true\"><\/ins>\r\n<script>\r\n     (adsbygoogle = window.adsbygoogle || []).push({});\r\n<\/script>\n<\/div>\n<h2>O que \u00e9 a Opera\u00e7\u00e3o Baixas Temperaturas?<\/h2>\n<p>A Opera\u00e7\u00e3o Baixas Temperaturas (OBT) \u00e9 um programa anual da Prefeitura de S\u00e3o Paulo, estabelecido com o prop\u00f3sito de proporcionar assist\u00eancia a pessoas em situa\u00e7\u00e3o de vulnerabilidade, especialmente durante os per\u00edodos de frio intenso. Essa a\u00e7\u00e3o \u00e9 ativada quando a temperatura ou a sensa\u00e7\u00e3o t\u00e9rmica atinge 13 \u00b0C ou valores inferiores. A opera\u00e7\u00e3o re\u00fane esfor\u00e7os de diversas secretarias municipais, funcionando como um plano de emerg\u00eancia para o inverno.<\/p>\n<p>Suas principais caracter\u00edsticas incluem:<\/p>\n<ul>\n<li>Estabelecimento de tendas em v\u00e1rias partes da cidade;<\/li>\n<li>Distribui\u00e7\u00e3o de alimentos quentes como sopa, p\u00e3o, ch\u00e1, e chocolate quente;<\/li>\n<li>Recolhimento e acolhimento de pessoas em situa\u00e7\u00e3o de rua, direcionando-as para albergues e centros de acolhimento;<\/li>\n<li>Fornecimento de itens como \u00e1gua pot\u00e1vel e cobertores;<\/li>\n<li>Servi\u00e7os de sa\u00fade, com vacinas e cuidados m\u00e9dicos para os necessitados;<\/li>\n<li>Cuidado de animais de estima\u00e7\u00e3o que pertencem a essas pessoas.<\/li>\n<\/ul>\n<h2>Acolhimento em abrigos: n\u00fameros significativos<\/h2>\n<p>Na primeira noite da Opera\u00e7\u00e3o Baixas Temperaturas, 328 moradores em situa\u00e7\u00e3o de rua foram acolhidos e levados a albergues da cidade. Este n\u00famero \u00e9 parte de um esfor\u00e7o cont\u00ednuo da Secretaria Municipal de Assist\u00eancia e Desenvolvimento Social de S\u00e3o Paulo, que, em um \u00fanico dia, efetivou mais de 20 mil atendimentos a pessoas carentes, assegurando que todas recebessem assist\u00eancia adequada e acolhimento.<\/p>\n<p><img decoding=\"async\" src=\"https:\/\/www.encontracentrosaopaulo.com.br\/sobre\/wp-content\/uploads\/onda-de-frio-em-sp-tem-328-moradores-em-situacao-de-rua-levados-a-albergues-em-1-noite-da-operacao-b.webp\" alt=\"Onda de frio em SP\" loading=\"lazy\" \/><\/p>\n<p>Al\u00e9m do transporte das pessoas para as unidades de acolhimento, a opera\u00e7\u00e3o visa garantir que os albergues tenham capacidade suficiente para atender a demanda, ampliando as vagas dispon\u00edveis durante os per\u00edodos cr\u00edticos de frio.<\/p>\n<p>Esse tipo de acolhimento n\u00e3o se limita apenas a abrigos tempor\u00e1rios; ele tamb\u00e9m busca integrar as pessoas atendidas aos servi\u00e7os de sa\u00fade e assist\u00eancia social oferecidos na cidade, promovendo um acompanhamento necess\u00e1rio para a reintegra\u00e7\u00e3o social.<\/p>\n<h2>Distribui\u00e7\u00e3o de alimentos e itens essenciais<\/h2>\n<p>Durante a opera\u00e7\u00e3o mais recente, a gest\u00e3o municipal fez um esfor\u00e7o significativo na distribui\u00e7\u00e3o de itens essenciais para a popula\u00e7\u00e3o em situa\u00e7\u00e3o de vulnerabilidade. Ao todo, foram entregues 19 mil itens, que inclu\u00edram:<\/p>\n<ul>\n<li>Sopas quentes;<\/li>\n<li>P\u00e3es;<\/li>\n<li>Ch\u00e1s e chocolates quentes;<\/li>\n<li>Copo e garrafas de \u00e1gua;<\/li>\n<li>Cobertores para ajudar a enfrentar as baixas temperaturas.<\/li>\n<\/ul>\n<p>Esse aspecto da opera\u00e7\u00e3o \u00e9 fundamental, pois assegura que as necessidades imediatas da popula\u00e7\u00e3o em situa\u00e7\u00e3o de rua sejam atendidas, oferecendo conforto e seguran\u00e7a em momentos de frio extremo.<\/p>\n<h2>Vacina\u00e7\u00e3o durante a opera\u00e7\u00e3o<\/h2>\n<p>A qualidade da assist\u00eancia n\u00e3o \u00e9 voltada apenas para o conforto f\u00edsico. A Secretaria Municipal da Sa\u00fade (SMS) tamb\u00e9m participa ativamente da Opera\u00e7\u00e3o Baixas Temperaturas. Durante a \u00faltima a\u00e7\u00e3o, foram aplicadas 27 doses da vacina contra a influenza e 20 doses da vacina contra a Covid-19. Este esfor\u00e7o \u00e9 vital para a prote\u00e7\u00e3o da sa\u00fade dessa popula\u00e7\u00e3o, que frequentemente \u00e9 mais vulner\u00e1vel a doen\u00e7as.<\/p>\n<p>A vacina\u00e7\u00e3o nas opera\u00e7\u00f5es caracteriza-se como uma estrat\u00e9gia importante para garantir que esta comunidade receba n\u00e3o s\u00f3 abrigo e alimenta\u00e7\u00e3o, mas tamb\u00e9m atendimento m\u00e9dico essencial, prevenindo surtos de doen\u00e7as durante as temporadas frias.<\/p>\n<h2>Atendimento a animais de estima\u00e7\u00e3o<\/h2>\n<p>A preocupa\u00e7\u00e3o da Opera\u00e7\u00e3o Baixas Temperaturas vai al\u00e9m das pessoas, incluindo tamb\u00e9m o bem-estar dos animais de estima\u00e7\u00e3o. Durante a \u00faltima madrugada da opera\u00e7\u00e3o, 53 pets receberam atendimento, sendo que dois deles foram vacinados. Essa inclus\u00e3o \u00e9 um reflexo da sensibilidade da opera\u00e7\u00e3o em lidar com a realidade de moradores de rua que, frequentemente, t\u00eam animais como companheiros insepar\u00e1veis.<\/p>\n<p>O acolhimento de animais envolve a distribui\u00e7\u00e3o de potes de \u00e1gua e ra\u00e7\u00e3o, o que n\u00e3o apenas ajuda na sobreviv\u00eancia dos animais, mas tamb\u00e9m proporciona tranquilidade aos seus donos, sabendo que seus pets est\u00e3o sendo bem cuidados.<\/p>\n<h2>Como a popula\u00e7\u00e3o pode ajudar?<\/h2>\n<p>A participa\u00e7\u00e3o da comunidade \u00e9 fundamental para o sucesso da Opera\u00e7\u00e3o Baixas Temperaturas. H\u00e1 v\u00e1rias formas pelas quais cidad\u00e3os podem contribuir:<\/p>\n<ul>\n<li><strong>Doa\u00e7\u00f5es:<\/strong> Os cidad\u00e3os podem fazer doa\u00e7\u00f5es de alimentos n\u00e3o perec\u00edveis, roupas de frio, cobertores e itens de higiene pessoal.<\/li>\n<li><strong>Voluntariado:<\/strong> Ajudar como volunt\u00e1rio em abrigos ou em a\u00e7\u00f5es de distribui\u00e7\u00e3o de alimentos e itens essenciais \u00e9 uma excelente maneira de contribuir.<\/li>\n<li><strong>Divulga\u00e7\u00e3o:<\/strong> Informar outras pessoas sobre a opera\u00e7\u00e3o e suas necessidades pode ajudar a aumentar a conscientiza\u00e7\u00e3o e o envolvimento da comunidade.<\/li>\n<\/ul>\n<p>Por meio dessas a\u00e7\u00f5es, a popula\u00e7\u00e3o pode ajudar a tornar os dias de frio um pouco mais suport\u00e1veis para as pessoas que enfrentam situa\u00e7\u00f5es de vulnerabilidade.<\/p>\n<h2>Hist\u00f3rico das opera\u00e7\u00f5es anteriores<\/h2>\n<p>Desde sua cria\u00e7\u00e3o em 2015, a Opera\u00e7\u00e3o Baixas Temperaturas j\u00e1 demonstrou ser uma resposta eficaz para o atendimento das necessidades de pessoas em situa\u00e7\u00e3o de rua durante os meses de inverno. Em 2025, a prefeitura reportou mais de 1 milh\u00e3o de atendimentos durante a opera\u00e7\u00e3o, incluindo a entrega de milh\u00f5es de itens, como alimentos e cobertores.<\/p>\n<p>Esses dados revelam n\u00e3o apenas a gravidade da situa\u00e7\u00e3o das pessoas em situa\u00e7\u00e3o de rua, mas tamb\u00e9m a efic\u00e1cia das a\u00e7\u00f5es da Prefeitura em mobilizar recursos e servi\u00e7os para ajud\u00e1-las. Cada edi\u00e7\u00e3o da opera\u00e7\u00e3o refina suas abordagens e estrat\u00e9gias, garantindo que a resposta esteja alinhada c\/nas crescentes demandas da cidade.<\/p>\n<h2>Impacto no bem-estar dos moradores de rua<\/h2>\n<p>O impacto das a\u00e7\u00f5es da Opera\u00e7\u00e3o Baixas Temperaturas no bem-estar dos moradores em situa\u00e7\u00e3o de rua \u00e9 significativo. Al\u00e9m de atender \u00e0s necessidades imediatas, tais como abrigo e alimenta\u00e7\u00e3o, a opera\u00e7\u00e3o traz uma sensa\u00e7\u00e3o de cuidado e dignidade a uma popula\u00e7\u00e3o que muitas vezes enfrenta o abandono social.<\/p>\n<p>A possibilidade de um abrigo seguro e acesso a servi\u00e7os de sa\u00fade, como vacina\u00e7\u00e3o e atendimento m\u00e9dico, proporciona um al\u00edvio consider\u00e1vel. Al\u00e9m disso, a presen\u00e7a da opera\u00e7\u00e3o nas ruas tamb\u00e9m promove maior conscientiza\u00e7\u00e3o sobre a situa\u00e7\u00e3o de vulnerabilidade enfrentada por essas pessoas, estimulando discuss\u00f5es e a\u00e7\u00f5es em prol de sua reintegra\u00e7\u00e3o social.<\/p>\n<h2>Previs\u00f5es do tempo e continuidade da opera\u00e7\u00e3o<\/h2>\n<p>A Opera\u00e7\u00e3o Baixas Temperaturas \u00e9 influenciada diretamente pelas condi\u00e7\u00f5es clim\u00e1ticas. Ap\u00f3s um domingo marcado por chuvas e um descenso abrupto nas temperaturas, as previs\u00f5es indicam que os frios persistem, com m\u00ednimas por volta de 11\u00b0C.<\/p>\n<p>O monitoramento constante das autoridades meteorol\u00f3gicas permite que a opera\u00e7\u00e3o seja acionada sempre que houver necessidade, garantindo que ningu\u00e9m fique sem suporte durante as ondas de frio. A previs\u00e3o para os pr\u00f3ximos dias \u00e9 a manuten\u00e7\u00e3o das temperaturas baixas, fator que justifica a continuidade da opera\u00e7\u00e3o para assegurar a prote\u00e7\u00e3o da popula\u00e7\u00e3o vulner\u00e1vel contra os danos do frio.<\/p>\n<h2>Desafios enfrentados durante a opera\u00e7\u00e3o<\/h2>\n<p>A opera\u00e7\u00e3o enfrenta diversos desafios, que v\u00e3o desde a log\u00edstica de atendimento at\u00e9 a necessidade cont\u00ednua de recursos. A localiza\u00e7\u00e3o estrat\u00e9gica das tendas e abrigos \u00e9 vital para o sucesso da opera\u00e7\u00e3o, al\u00e9m de garantir que os moradores de rua sejam informados sobre a disponibilidade de servi\u00e7os de acolhimento.<\/p>\n<p>Outro desafio significativo s\u00e3o as condi\u00e7\u00f5es adversas mais severas durante os dias de frio intenso, que podem dificultar o transporte e a mobiliza\u00e7\u00e3o da equipe. Al\u00e9m disso, a necessidade de apoio constante da comunidade e de volunt\u00e1rios para ajudar nas opera\u00e7\u00f5es di\u00e1rias torna-se mais evidente durante essas crises, destacando assim a import\u00e2ncia da uni\u00e3o e colabora\u00e7\u00e3o em momentos cr\u00edticos.<\/p>\n<p>A opera\u00e7\u00e3o n\u00e3o \u00e9 apenas uma resposta \u00e0s condi\u00e7\u00f5es meteorol\u00f3gicas, mas sim um esfor\u00e7o conjunto para garantir dignidade e assist\u00eancia a uma popula\u00e7\u00e3o que precisa de suporte constante.<\/p>\n\n<div style=\"font-size: 0px; height: 0px; line-height: 0px; margin: 0; padding: 0; clear: both;\"><\/div>","protected":false},"excerpt":{"rendered":"<p>Onda de frio em SP leva 328 moradores de rua a albergues na opera\u00e7\u00e3o.<\/p>\n","protected":false},"author":1,"featured_media":6543,"comment_status":"open","ping_status":"closed","sticky":false,"template":"","format":"standard","meta":{"footnotes":""},"categories":[6],"tags":[],"class_list":["post-6544","post","type-post","status-publish","format-standard","has-post-thumbnail","hentry","category-noticias-no-centro-sp","has_thumb"],"aioseo_notices":[],"aioseo_head":"\n\t\t<!-- All in One SEO 5.0.0.1 - aioseo.com -->\n\t<meta name=\"description\" content=\"Onda de frio em SP leva 328 moradores de rua a albergues na opera\u00e7\u00e3o.\" \/>\n\t<meta name=\"robots\" content=\"max-image-preview:large\" \/>\n\t<meta name=\"author\" content=\"Encontra Centro SP\"\/>\n\t<link rel=\"canonical\" href=\"https:\/\/www.encontracentrosaopaulo.com.br\/sobre\/onda-de-frio-em-sp-tem-328-moradores-em-situacao-de-rua-levados-a-albergues-em-1a-noite-da-operacao-baixas-temperaturas\/\" \/>\n\t<meta name=\"generator\" content=\"All in One SEO (AIOSEO) 5.0.0.1\" \/>\n\t\t<meta property=\"og:locale\" content=\"pt_BR\" \/>\n\t\t<meta property=\"og:site_name\" content=\"Encontra Centro SP | Not\u00edcias, eventos, informa\u00e7\u00f5es e dicas na cidade de Centro SP e regi\u00e3o.\" \/>\n\t\t<meta property=\"og:type\" content=\"article\" \/>\n\t\t<meta property=\"og:title\" content=\"Onda de frio em SP tem 328 moradores em situa\u00e7\u00e3o de rua levados a albergues em 1\u00aa noite da Opera\u00e7\u00e3o Baixas Temperaturas | Encontra Centro SP\" \/>\n\t\t<meta property=\"og:description\" content=\"Onda de frio em SP leva 328 moradores de rua a albergues na opera\u00e7\u00e3o.\" \/>\n\t\t<meta property=\"og:url\" content=\"https:\/\/www.encontracentrosaopaulo.com.br\/sobre\/onda-de-frio-em-sp-tem-328-moradores-em-situacao-de-rua-levados-a-albergues-em-1a-noite-da-operacao-baixas-temperaturas\/\" \/>\n\t\t<meta property=\"article:published_time\" content=\"2026-05-11T16:43:09+00:00\" \/>\n\t\t<meta property=\"article:modified_time\" content=\"2026-05-11T16:43:09+00:00\" \/>\n\t\t<meta name=\"twitter:card\" content=\"summary\" \/>\n\t\t<meta name=\"twitter:title\" content=\"Onda de frio em SP tem 328 moradores em situa\u00e7\u00e3o de rua levados a albergues em 1\u00aa noite da Opera\u00e7\u00e3o Baixas Temperaturas | Encontra Centro SP\" \/>\n\t\t<meta name=\"twitter:description\" content=\"Onda de frio em SP leva 328 moradores de rua a albergues na opera\u00e7\u00e3o.\" \/>\n\t\t<script type=\"application\/ld+json\" class=\"aioseo-schema\">\n\t\t\t{\"@context\":\"https:\\\/\\\/schema.org\",\"@graph\":[{\"@type\":\"Article\",\"@id\":\"https:\\\/\\\/www.encontracentrosaopaulo.com.br\\\/sobre\\\/onda-de-frio-em-sp-tem-328-moradores-em-situacao-de-rua-levados-a-albergues-em-1a-noite-da-operacao-baixas-temperaturas\\\/#article\",\"name\":\"Onda de frio em SP tem 328 moradores em situa\\u00e7\\u00e3o de rua levados a albergues em 1\\u00aa noite da Opera\\u00e7\\u00e3o Baixas Temperaturas | Encontra Centro SP\",\"headline\":\"Onda de frio em SP tem 328 moradores em situa\\u00e7\\u00e3o de rua levados a albergues em 1\\u00aa noite da Opera\\u00e7\\u00e3o Baixas Temperaturas\",\"author\":{\"@id\":\"https:\\\/\\\/www.encontracentrosaopaulo.com.br\\\/sobre\\\/author\\\/ecentrosaopaulo\\\/#author\"},\"publisher\":{\"@id\":\"https:\\\/\\\/www.encontracentrosaopaulo.com.br\\\/sobre\\\/#organization\"},\"image\":{\"@type\":\"ImageObject\",\"url\":\"https:\\\/\\\/www.encontracentrosaopaulo.com.br\\\/sobre\\\/wp-content\\\/uploads\\\/onda-de-frio-em-sp-tem-328-moradores-em-situacao-de-rua-levados-a-albergues-em-1-noite-da-operacao-b.webp\",\"width\":280,\"height\":280,\"caption\":\"Onda de frio em SP\"},\"datePublished\":\"2026-05-11T13:43:09-03:00\",\"dateModified\":\"2026-05-11T13:43:09-03:00\",\"inLanguage\":\"pt-BR\",\"mainEntityOfPage\":{\"@id\":\"https:\\\/\\\/www.encontracentrosaopaulo.com.br\\\/sobre\\\/onda-de-frio-em-sp-tem-328-moradores-em-situacao-de-rua-levados-a-albergues-em-1a-noite-da-operacao-baixas-temperaturas\\\/#webpage\"},\"isPartOf\":{\"@id\":\"https:\\\/\\\/www.encontracentrosaopaulo.com.br\\\/sobre\\\/onda-de-frio-em-sp-tem-328-moradores-em-situacao-de-rua-levados-a-albergues-em-1a-noite-da-operacao-baixas-temperaturas\\\/#webpage\"},\"articleSection\":\"Not\\u00edcias Centro SP\"},{\"@type\":\"BreadcrumbList\",\"@id\":\"https:\\\/\\\/www.encontracentrosaopaulo.com.br\\\/sobre\\\/onda-de-frio-em-sp-tem-328-moradores-em-situacao-de-rua-levados-a-albergues-em-1a-noite-da-operacao-baixas-temperaturas\\\/#breadcrumblist\",\"itemListElement\":[{\"@type\":\"ListItem\",\"@id\":\"https:\\\/\\\/www.encontracentrosaopaulo.com.br\\\/sobre#listItem\",\"position\":1,\"name\":\"In\\u00edcio\",\"item\":\"https:\\\/\\\/www.encontracentrosaopaulo.com.br\\\/sobre\",\"nextItem\":{\"@type\":\"ListItem\",\"@id\":\"https:\\\/\\\/www.encontracentrosaopaulo.com.br\\\/sobre\\\/noticias-no-centro-sp\\\/#listItem\",\"name\":\"Not\\u00edcias Centro SP\"}},{\"@type\":\"ListItem\",\"@id\":\"https:\\\/\\\/www.encontracentrosaopaulo.com.br\\\/sobre\\\/noticias-no-centro-sp\\\/#listItem\",\"position\":2,\"name\":\"Not\\u00edcias Centro SP\",\"item\":\"https:\\\/\\\/www.encontracentrosaopaulo.com.br\\\/sobre\\\/noticias-no-centro-sp\\\/\",\"nextItem\":{\"@type\":\"ListItem\",\"@id\":\"https:\\\/\\\/www.encontracentrosaopaulo.com.br\\\/sobre\\\/onda-de-frio-em-sp-tem-328-moradores-em-situacao-de-rua-levados-a-albergues-em-1a-noite-da-operacao-baixas-temperaturas\\\/#listItem\",\"name\":\"Onda de frio em SP tem 328 moradores em situa\\u00e7\\u00e3o de rua levados a albergues em 1\\u00aa noite da Opera\\u00e7\\u00e3o Baixas Temperaturas\"},\"previousItem\":{\"@type\":\"ListItem\",\"@id\":\"https:\\\/\\\/www.encontracentrosaopaulo.com.br\\\/sobre#listItem\",\"name\":\"In\\u00edcio\"}},{\"@type\":\"ListItem\",\"@id\":\"https:\\\/\\\/www.encontracentrosaopaulo.com.br\\\/sobre\\\/onda-de-frio-em-sp-tem-328-moradores-em-situacao-de-rua-levados-a-albergues-em-1a-noite-da-operacao-baixas-temperaturas\\\/#listItem\",\"position\":3,\"name\":\"Onda de frio em SP tem 328 moradores em situa\\u00e7\\u00e3o de rua levados a albergues em 1\\u00aa noite da Opera\\u00e7\\u00e3o Baixas Temperaturas\",\"previousItem\":{\"@type\":\"ListItem\",\"@id\":\"https:\\\/\\\/www.encontracentrosaopaulo.com.br\\\/sobre\\\/noticias-no-centro-sp\\\/#listItem\",\"name\":\"Not\\u00edcias Centro SP\"}}]},{\"@type\":\"Organization\",\"@id\":\"https:\\\/\\\/www.encontracentrosaopaulo.com.br\\\/sobre\\\/#organization\",\"name\":\"Encontra Centro SP\",\"description\":\"Not\\u00edcias, eventos, informa\\u00e7\\u00f5es e dicas na cidade de Centro SP e regi\\u00e3o.\",\"url\":\"https:\\\/\\\/www.encontracentrosaopaulo.com.br\\\/sobre\\\/\"},{\"@type\":\"Person\",\"@id\":\"https:\\\/\\\/www.encontracentrosaopaulo.com.br\\\/sobre\\\/author\\\/ecentrosaopaulo\\\/#author\",\"url\":\"https:\\\/\\\/www.encontracentrosaopaulo.com.br\\\/sobre\\\/author\\\/ecentrosaopaulo\\\/\",\"name\":\"Encontra Centro SP\",\"image\":{\"@type\":\"ImageObject\",\"@id\":\"https:\\\/\\\/www.encontracentrosaopaulo.com.br\\\/sobre\\\/onda-de-frio-em-sp-tem-328-moradores-em-situacao-de-rua-levados-a-albergues-em-1a-noite-da-operacao-baixas-temperaturas\\\/#authorImage\",\"url\":\"https:\\\/\\\/secure.gravatar.com\\\/avatar\\\/507340682b8270222e1f208e23198b6ae7e2c6a1033ae84e99bc6bce4f82a387?s=96&d=mm&r=g\",\"width\":96,\"height\":96,\"caption\":\"Encontra Centro SP\"}},{\"@type\":\"WebPage\",\"@id\":\"https:\\\/\\\/www.encontracentrosaopaulo.com.br\\\/sobre\\\/onda-de-frio-em-sp-tem-328-moradores-em-situacao-de-rua-levados-a-albergues-em-1a-noite-da-operacao-baixas-temperaturas\\\/#webpage\",\"url\":\"https:\\\/\\\/www.encontracentrosaopaulo.com.br\\\/sobre\\\/onda-de-frio-em-sp-tem-328-moradores-em-situacao-de-rua-levados-a-albergues-em-1a-noite-da-operacao-baixas-temperaturas\\\/\",\"name\":\"Onda de frio em SP tem 328 moradores em situa\\u00e7\\u00e3o de rua levados a albergues em 1\\u00aa noite da Opera\\u00e7\\u00e3o Baixas Temperaturas | Encontra Centro SP\",\"description\":\"Onda de frio em SP leva 328 moradores de rua a albergues na opera\\u00e7\\u00e3o.\",\"inLanguage\":\"pt-BR\",\"isPartOf\":{\"@id\":\"https:\\\/\\\/www.encontracentrosaopaulo.com.br\\\/sobre\\\/#website\"},\"breadcrumb\":{\"@id\":\"https:\\\/\\\/www.encontracentrosaopaulo.com.br\\\/sobre\\\/onda-de-frio-em-sp-tem-328-moradores-em-situacao-de-rua-levados-a-albergues-em-1a-noite-da-operacao-baixas-temperaturas\\\/#breadcrumblist\"},\"author\":{\"@id\":\"https:\\\/\\\/www.encontracentrosaopaulo.com.br\\\/sobre\\\/author\\\/ecentrosaopaulo\\\/#author\"},\"creator\":{\"@id\":\"https:\\\/\\\/www.encontracentrosaopaulo.com.br\\\/sobre\\\/author\\\/ecentrosaopaulo\\\/#author\"},\"image\":{\"@type\":\"ImageObject\",\"url\":\"https:\\\/\\\/www.encontracentrosaopaulo.com.br\\\/sobre\\\/wp-content\\\/uploads\\\/onda-de-frio-em-sp-tem-328-moradores-em-situacao-de-rua-levados-a-albergues-em-1-noite-da-operacao-b.webp\",\"@id\":\"https:\\\/\\\/www.encontracentrosaopaulo.com.br\\\/sobre\\\/onda-de-frio-em-sp-tem-328-moradores-em-situacao-de-rua-levados-a-albergues-em-1a-noite-da-operacao-baixas-temperaturas\\\/#mainImage\",\"width\":280,\"height\":280,\"caption\":\"Onda de frio em SP\"},\"primaryImageOfPage\":{\"@id\":\"https:\\\/\\\/www.encontracentrosaopaulo.com.br\\\/sobre\\\/onda-de-frio-em-sp-tem-328-moradores-em-situacao-de-rua-levados-a-albergues-em-1a-noite-da-operacao-baixas-temperaturas\\\/#mainImage\"},\"datePublished\":\"2026-05-11T13:43:09-03:00\",\"dateModified\":\"2026-05-11T13:43:09-03:00\"},{\"@type\":\"WebSite\",\"@id\":\"https:\\\/\\\/www.encontracentrosaopaulo.com.br\\\/sobre\\\/#website\",\"url\":\"https:\\\/\\\/www.encontracentrosaopaulo.com.br\\\/sobre\\\/\",\"name\":\"Encontra Centro SP\",\"description\":\"Not\\u00edcias, eventos, informa\\u00e7\\u00f5es e dicas na cidade de Centro SP e regi\\u00e3o.\",\"inLanguage\":\"pt-BR\",\"publisher\":{\"@id\":\"https:\\\/\\\/www.encontracentrosaopaulo.com.br\\\/sobre\\\/#organization\"}}]}\n\t\t<\/script>\n\t\t<!-- All in One SEO -->\n\n","aioseo_head_json":{"title":"Onda de frio em SP tem 328 moradores em situa\u00e7\u00e3o de rua levados a albergues em 1\u00aa noite da Opera\u00e7\u00e3o Baixas Temperaturas | Encontra Centro SP","description":"Onda de frio em SP leva 328 moradores de rua a albergues na opera\u00e7\u00e3o.","canonical_url":"https:\/\/www.encontracentrosaopaulo.com.br\/sobre\/onda-de-frio-em-sp-tem-328-moradores-em-situacao-de-rua-levados-a-albergues-em-1a-noite-da-operacao-baixas-temperaturas\/","robots":"max-image-preview:large","keywords":"","webmasterTools":{"miscellaneous":""},"schema":{"@context":"https:\/\/schema.org","@graph":[{"@type":"Article","@id":"https:\/\/www.encontracentrosaopaulo.com.br\/sobre\/onda-de-frio-em-sp-tem-328-moradores-em-situacao-de-rua-levados-a-albergues-em-1a-noite-da-operacao-baixas-temperaturas\/#article","name":"Onda de frio em SP tem 328 moradores em situa\u00e7\u00e3o de rua levados a albergues em 1\u00aa noite da Opera\u00e7\u00e3o Baixas Temperaturas | Encontra Centro SP","headline":"Onda de frio em SP tem 328 moradores em situa\u00e7\u00e3o de rua levados a albergues em 1\u00aa noite da Opera\u00e7\u00e3o Baixas Temperaturas","author":{"@id":"https:\/\/www.encontracentrosaopaulo.com.br\/sobre\/author\/ecentrosaopaulo\/#author"},"publisher":{"@id":"https:\/\/www.encontracentrosaopaulo.com.br\/sobre\/#organization"},"image":{"@type":"ImageObject","url":"https:\/\/www.encontracentrosaopaulo.com.br\/sobre\/wp-content\/uploads\/onda-de-frio-em-sp-tem-328-moradores-em-situacao-de-rua-levados-a-albergues-em-1-noite-da-operacao-b.webp","width":280,"height":280,"caption":"Onda de frio em SP"},"datePublished":"2026-05-11T13:43:09-03:00","dateModified":"2026-05-11T13:43:09-03:00","inLanguage":"pt-BR","mainEntityOfPage":{"@id":"https:\/\/www.encontracentrosaopaulo.com.br\/sobre\/onda-de-frio-em-sp-tem-328-moradores-em-situacao-de-rua-levados-a-albergues-em-1a-noite-da-operacao-baixas-temperaturas\/#webpage"},"isPartOf":{"@id":"https:\/\/www.encontracentrosaopaulo.com.br\/sobre\/onda-de-frio-em-sp-tem-328-moradores-em-situacao-de-rua-levados-a-albergues-em-1a-noite-da-operacao-baixas-temperaturas\/#webpage"},"articleSection":"Not\u00edcias Centro SP"},{"@type":"BreadcrumbList","@id":"https:\/\/www.encontracentrosaopaulo.com.br\/sobre\/onda-de-frio-em-sp-tem-328-moradores-em-situacao-de-rua-levados-a-albergues-em-1a-noite-da-operacao-baixas-temperaturas\/#breadcrumblist","itemListElement":[{"@type":"ListItem","@id":"https:\/\/www.encontracentrosaopaulo.com.br\/sobre#listItem","position":1,"name":"In\u00edcio","item":"https:\/\/www.encontracentrosaopaulo.com.br\/sobre","nextItem":{"@type":"ListItem","@id":"https:\/\/www.encontracentrosaopaulo.com.br\/sobre\/noticias-no-centro-sp\/#listItem","name":"Not\u00edcias Centro SP"}},{"@type":"ListItem","@id":"https:\/\/www.encontracentrosaopaulo.com.br\/sobre\/noticias-no-centro-sp\/#listItem","position":2,"name":"Not\u00edcias Centro SP","item":"https:\/\/www.encontracentrosaopaulo.com.br\/sobre\/noticias-no-centro-sp\/","nextItem":{"@type":"ListItem","@id":"https:\/\/www.encontracentrosaopaulo.com.br\/sobre\/onda-de-frio-em-sp-tem-328-moradores-em-situacao-de-rua-levados-a-albergues-em-1a-noite-da-operacao-baixas-temperaturas\/#listItem","name":"Onda de frio em SP tem 328 moradores em situa\u00e7\u00e3o de rua levados a albergues em 1\u00aa noite da Opera\u00e7\u00e3o Baixas Temperaturas"},"previousItem":{"@type":"ListItem","@id":"https:\/\/www.encontracentrosaopaulo.com.br\/sobre#listItem","name":"In\u00edcio"}},{"@type":"ListItem","@id":"https:\/\/www.encontracentrosaopaulo.com.br\/sobre\/onda-de-frio-em-sp-tem-328-moradores-em-situacao-de-rua-levados-a-albergues-em-1a-noite-da-operacao-baixas-temperaturas\/#listItem","position":3,"name":"Onda de frio em SP tem 328 moradores em situa\u00e7\u00e3o de rua levados a albergues em 1\u00aa noite da Opera\u00e7\u00e3o Baixas Temperaturas","previousItem":{"@type":"ListItem","@id":"https:\/\/www.encontracentrosaopaulo.com.br\/sobre\/noticias-no-centro-sp\/#listItem","name":"Not\u00edcias Centro SP"}}]},{"@type":"Organization","@id":"https:\/\/www.encontracentrosaopaulo.com.br\/sobre\/#organization","name":"Encontra Centro SP","description":"Not\u00edcias, eventos, informa\u00e7\u00f5es e dicas na cidade de Centro SP e regi\u00e3o.","url":"https:\/\/www.encontracentrosaopaulo.com.br\/sobre\/"},{"@type":"Person","@id":"https:\/\/www.encontracentrosaopaulo.com.br\/sobre\/author\/ecentrosaopaulo\/#author","url":"https:\/\/www.encontracentrosaopaulo.com.br\/sobre\/author\/ecentrosaopaulo\/","name":"Encontra Centro SP","image":{"@type":"ImageObject","@id":"https:\/\/www.encontracentrosaopaulo.com.br\/sobre\/onda-de-frio-em-sp-tem-328-moradores-em-situacao-de-rua-levados-a-albergues-em-1a-noite-da-operacao-baixas-temperaturas\/#authorImage","url":"https:\/\/secure.gravatar.com\/avatar\/507340682b8270222e1f208e23198b6ae7e2c6a1033ae84e99bc6bce4f82a387?s=96&d=mm&r=g","width":96,"height":96,"caption":"Encontra Centro SP"}},{"@type":"WebPage","@id":"https:\/\/www.encontracentrosaopaulo.com.br\/sobre\/onda-de-frio-em-sp-tem-328-moradores-em-situacao-de-rua-levados-a-albergues-em-1a-noite-da-operacao-baixas-temperaturas\/#webpage","url":"https:\/\/www.encontracentrosaopaulo.com.br\/sobre\/onda-de-frio-em-sp-tem-328-moradores-em-situacao-de-rua-levados-a-albergues-em-1a-noite-da-operacao-baixas-temperaturas\/","name":"Onda de frio em SP tem 328 moradores em situa\u00e7\u00e3o de rua levados a albergues em 1\u00aa noite da Opera\u00e7\u00e3o Baixas Temperaturas | Encontra Centro SP","description":"Onda de frio em SP leva 328 moradores de rua a albergues na opera\u00e7\u00e3o.","inLanguage":"pt-BR","isPartOf":{"@id":"https:\/\/www.encontracentrosaopaulo.com.br\/sobre\/#website"},"breadcrumb":{"@id":"https:\/\/www.encontracentrosaopaulo.com.br\/sobre\/onda-de-frio-em-sp-tem-328-moradores-em-situacao-de-rua-levados-a-albergues-em-1a-noite-da-operacao-baixas-temperaturas\/#breadcrumblist"},"author":{"@id":"https:\/\/www.encontracentrosaopaulo.com.br\/sobre\/author\/ecentrosaopaulo\/#author"},"creator":{"@id":"https:\/\/www.encontracentrosaopaulo.com.br\/sobre\/author\/ecentrosaopaulo\/#author"},"image":{"@type":"ImageObject","url":"https:\/\/www.encontracentrosaopaulo.com.br\/sobre\/wp-content\/uploads\/onda-de-frio-em-sp-tem-328-moradores-em-situacao-de-rua-levados-a-albergues-em-1-noite-da-operacao-b.webp","@id":"https:\/\/www.encontracentrosaopaulo.com.br\/sobre\/onda-de-frio-em-sp-tem-328-moradores-em-situacao-de-rua-levados-a-albergues-em-1a-noite-da-operacao-baixas-temperaturas\/#mainImage","width":280,"height":280,"caption":"Onda de frio em SP"},"primaryImageOfPage":{"@id":"https:\/\/www.encontracentrosaopaulo.com.br\/sobre\/onda-de-frio-em-sp-tem-328-moradores-em-situacao-de-rua-levados-a-albergues-em-1a-noite-da-operacao-baixas-temperaturas\/#mainImage"},"datePublished":"2026-05-11T13:43:09-03:00","dateModified":"2026-05-11T13:43:09-03:00"},{"@type":"WebSite","@id":"https:\/\/www.encontracentrosaopaulo.com.br\/sobre\/#website","url":"https:\/\/www.encontracentrosaopaulo.com.br\/sobre\/","name":"Encontra Centro SP","description":"Not\u00edcias, eventos, informa\u00e7\u00f5es e dicas na cidade de Centro SP e regi\u00e3o.","inLanguage":"pt-BR","publisher":{"@id":"https:\/\/www.encontracentrosaopaulo.com.br\/sobre\/#organization"}}]},"og:locale":"pt_BR","og:site_name":"Encontra Centro SP | Not\u00edcias, eventos, informa\u00e7\u00f5es e dicas na cidade de Centro SP e regi\u00e3o.","og:type":"article","og:title":"Onda de frio em SP tem 328 moradores em situa\u00e7\u00e3o de rua levados a albergues em 1\u00aa noite da Opera\u00e7\u00e3o Baixas Temperaturas | Encontra Centro SP","og:description":"Onda de frio em SP leva 328 moradores de rua a albergues na opera\u00e7\u00e3o.","og:url":"https:\/\/www.encontracentrosaopaulo.com.br\/sobre\/onda-de-frio-em-sp-tem-328-moradores-em-situacao-de-rua-levados-a-albergues-em-1a-noite-da-operacao-baixas-temperaturas\/","article:published_time":"2026-05-11T16:43:09+00:00","article:modified_time":"2026-05-11T16:43:09+00:00","twitter:card":"summary","twitter:title":"Onda de frio em SP tem 328 moradores em situa\u00e7\u00e3o de rua levados a albergues em 1\u00aa noite da Opera\u00e7\u00e3o Baixas Temperaturas | Encontra Centro SP","twitter:description":"Onda de frio em SP leva 328 moradores de rua a albergues na opera\u00e7\u00e3o."},"aioseo_meta_data":{"post_id":"6544","title":null,"description":null,"keywords":null,"keyphrases":null,"primary_term":null,"canonical_url":null,"og_title":null,"og_description":null,"og_object_type":"default","og_image_type":"default","og_image_url":null,"og_image_width":null,"og_image_height":null,"og_image_custom_url":null,"og_image_custom_fields":null,"og_video":null,"og_custom_url":null,"og_article_section":null,"og_article_tags":null,"twitter_use_og":false,"twitter_card":"default","twitter_image_type":"default","twitter_image_url":null,"twitter_image_custom_url":null,"twitter_image_custom_fields":null,"twitter_title":null,"twitter_description":null,"schema":{"blockGraphs":[],"customGraphs":[],"default":{"data":{"Article":[],"Course":[],"Dataset":[],"FAQPage":[],"Movie":[],"Person":[],"Product":[],"ProductReview":[],"Car":[],"Recipe":[],"Service":[],"SoftwareApplication":[],"WebPage":[]},"graphName":"Article","isEnabled":true},"graphs":[]},"schema_type":"default","schema_type_options":null,"pillar_content":false,"robots_default":true,"robots_noindex":false,"robots_noarchive":false,"robots_nosnippet":false,"robots_nofollow":false,"robots_noimageindex":false,"robots_noodp":false,"robots_notranslate":false,"robots_max_snippet":null,"robots_max_videopreview":null,"robots_max_imagepreview":"large","priority":null,"frequency":null,"local_seo":null,"breadcrumb_settings":null,"limit_modified_date":false,"ai":null,"created":"2026-05-11 16:43:12","updated":"2026-05-11 16:54:28","seo_analyzer_scan_date":null,"focus_keyword":null,"additional_keywords":null,"truseo_locale":null},"aioseo_breadcrumb":"<div class=\"aioseo-breadcrumbs\"><span class=\"aioseo-breadcrumb\">\n\t\t\t<a href=\"https:\/\/www.encontracentrosaopaulo.com.br\/sobre\" title=\"In\u00edcio\">In\u00edcio<\/a>\n\t\t<\/span><span class=\"aioseo-breadcrumb-separator\">&raquo;<\/span><span class=\"aioseo-breadcrumb\">\n\t\t\t<a href=\"https:\/\/www.encontracentrosaopaulo.com.br\/sobre\/noticias-no-centro-sp\/\" title=\"Not\u00edcias Centro SP\">Not\u00edcias Centro SP<\/a>\n\t\t<\/span><span class=\"aioseo-breadcrumb-separator\">&raquo;<\/span><span class=\"aioseo-breadcrumb\">\n\t\t\tOnda de frio em SP tem 328 moradores em situa\u00e7\u00e3o de rua levados a albergues em 1\u00aa noite da Opera\u00e7\u00e3o Baixas Temperaturas\n\t\t<\/span><\/div>","aioseo_breadcrumb_json":[{"label":"In\u00edcio","link":"https:\/\/www.encontracentrosaopaulo.com.br\/sobre"},{"label":"Not\u00edcias Centro SP","link":"https:\/\/www.encontracentrosaopaulo.com.br\/sobre\/noticias-no-centro-sp\/"},{"label":"Onda de frio em SP tem 328 moradores em situa\u00e7\u00e3o de rua levados a albergues em 1\u00aa noite da Opera\u00e7\u00e3o Baixas Temperaturas","link":"https:\/\/www.encontracentrosaopaulo.com.br\/sobre\/onda-de-frio-em-sp-tem-328-moradores-em-situacao-de-rua-levados-a-albergues-em-1a-noite-da-operacao-baixas-temperaturas\/"}],"_links":{"self":[{"href":"https:\/\/www.encontracentrosaopaulo.com.br\/sobre\/wp-json\/wp\/v2\/posts\/6544","targetHints":{"allow":["GET"]}}],"collection":[{"href":"https:\/\/www.encontracentrosaopaulo.com.br\/sobre\/wp-json\/wp\/v2\/posts"}],"about":[{"href":"https:\/\/www.encontracentrosaopaulo.com.br\/sobre\/wp-json\/wp\/v2\/types\/post"}],"author":[{"embeddable":true,"href":"https:\/\/www.encontracentrosaopaulo.com.br\/sobre\/wp-json\/wp\/v2\/users\/1"}],"replies":[{"embeddable":true,"href":"https:\/\/www.encontracentrosaopaulo.com.br\/sobre\/wp-json\/wp\/v2\/comments?post=6544"}],"version-history":[{"count":0,"href":"https:\/\/www.encontracentrosaopaulo.com.br\/sobre\/wp-json\/wp\/v2\/posts\/6544\/revisions"}],"wp:featuredmedia":[{"embeddable":true,"href":"https:\/\/www.encontracentrosaopaulo.com.br\/sobre\/wp-json\/wp\/v2\/media\/6543"}],"wp:attachment":[{"href":"https:\/\/www.encontracentrosaopaulo.com.br\/sobre\/wp-json\/wp\/v2\/media?parent=6544"}],"wp:term":[{"taxonomy":"category","embeddable":true,"href":"https:\/\/www.encontracentrosaopaulo.com.br\/sobre\/wp-json\/wp\/v2\/categories?post=6544"},{"taxonomy":"post_tag","embeddable":true,"href":"https:\/\/www.encontracentrosaopaulo.com.br\/sobre\/wp-json\/wp\/v2\/tags?post=6544"}],"curies":[{"name":"wp","href":"https:\/\/api.w.org\/{rel}","templated":true}]}}