{"id":6617,"date":"2026-05-29T13:56:48","date_gmt":"2026-05-29T16:56:48","guid":{"rendered":"https:\/\/www.encontracentrosaopaulo.com.br\/sobre\/justica-suspende-times-square-paulistana-que-preve-paineis-gigantes-de-led-no-centro-de-sp\/"},"modified":"2026-05-29T13:56:48","modified_gmt":"2026-05-29T16:56:48","slug":"justica-suspende-times-square-paulistana-que-preve-paineis-gigantes-de-led-no-centro-de-sp","status":"publish","type":"post","link":"https:\/\/www.encontracentrosaopaulo.com.br\/sobre\/justica-suspende-times-square-paulistana-que-preve-paineis-gigantes-de-led-no-centro-de-sp\/","title":{"rendered":"Justi\u00e7a suspende &#8216;Times Square Paulistana&#8217;, que prev\u00ea pain\u00e9is gigantes de LED no Centro de SP"},"content":{"rendered":"<div class=\"d6585b5127f45a35450431d0abc3f90c\" data-index=\"1\" style=\"float: none; margin:0px;\">\n<!-- Anuncio display - global -->\r\n<ins class=\"adsbygoogle\"\r\n     style=\"display:block\"\r\n     data-ad-client=\"ca-pub-8585364105181520\"\r\n     data-ad-slot=\"8789329856\"\r\n     data-ad-format=\"auto\"\r\n     data-full-width-responsive=\"true\"><\/ins>\r\n<script>\r\n     (adsbygoogle = window.adsbygoogle || []).push({});\r\n<\/script>\n<\/div>\n<h2>Impacto da Decis\u00e3o no Projeto<\/h2>\n<p>A recente decis\u00e3o da Justi\u00e7a de S\u00e3o Paulo suspendeu temporariamente o projeto conhecido como &#8220;Times Square Paulistana&#8221;, que pretende implementar pain\u00e9is de LED de grandes dimens\u00f5es em edif\u00edcios localizados no cruzamento das avenidas Ipiranga e S\u00e3o Jo\u00e3o. Essa delibera\u00e7\u00e3o tem implica\u00e7\u00f5es significativas, j\u00e1 que a aprova\u00e7\u00e3o do projeto estava em andamento com a previs\u00e3o de um investimento de aproximadamente R$ 42 milh\u00f5es, custeado pela iniciativa privada.<\/p>\n<p>A suspens\u00e3o impede, momentaneamente, n\u00e3o apenas o in\u00edcio das obras, mas tamb\u00e9m a formaliza\u00e7\u00e3o de acordos que haviam sido estabelecidos entre a Prefeitura e os investidores. Caso as obras fossem executadas, as modifica\u00e7\u00f5es no centro da cidade poderiam afetar o ambiente urbano e a din\u00e2mica de movimenta\u00e7\u00e3o da popula\u00e7\u00e3o, alterando a paisagem do local que, atualmente, \u00e9 marcado por um contexto mais tradicional.<\/p>\n<h2>Hist\u00f3rico da Times Square Paulistana<\/h2>\n<p>O conceito do projeto &#8220;Times Square Paulistana&#8221; foi apresentado como uma iniciativa para revitalizar essa \u00e1rea central de S\u00e3o Paulo, inspirando-se na famosa Times Square de Nova York, conhecida por sua intensa ilumina\u00e7\u00e3o e movimento. A proposta busca criar um espa\u00e7o em que a cultura, a arte e a vida noturna possam florescer, trazendo um novo estilo para o cora\u00e7\u00e3o da capital paulista.<\/p>\n<p><img decoding=\"async\" src=\"https:\/\/www.encontracentrosaopaulo.com.br\/sobre\/wp-content\/uploads\/justica-suspende-times-square-paulistana-que-preve-paineis-gigantes-de-led-no-centro-de-sp.webp\" alt=\"Times Square Paulistana\" loading=\"lazy\" \/><\/p>\n<p>Desde o seu lan\u00e7amento em abril, a proposta viu apoio de diferentes setores, incluindo empres\u00e1rios e autoridades locais, e foi recebida com entusiasmo por parte da sociedade que anseia por uma transforma\u00e7\u00e3o no espa\u00e7o p\u00fablico. O termo &#8220;Boulevard S\u00e3o Jo\u00e3o&#8221; j\u00e1 come\u00e7a a ser associado \u00e0s expectativas de um ambiente mais din\u00e2mico e atraente, apto para eventos e intera\u00e7\u00f5es culturais.<\/p>\n<h2>Rea\u00e7\u00e3o da Prefeitura de S\u00e3o Paulo<\/h2>\n<p>A Prefeitura, mesmo com a suspens\u00e3o imposta pela Justi\u00e7a, ainda possui a possibilidade de recorrer da decis\u00e3o. O prefeito Ricardo Nunes e seu governo mostraram-se favor\u00e1veis \u00e0 realiza\u00e7\u00e3o do projeto, destacando a import\u00e2ncia do mesmo para revitalizar o centro e oferecer op\u00e7\u00f5es de lazer e cultura ao p\u00fablico.<\/p>\n<p>Nunes enfatizou que a administra\u00e7\u00e3o p\u00fablica estaria engajada no acompanhamento dos eventos culturais que seriam realizados, com a participa\u00e7\u00e3o direta das secretarias de Cultura, buscando promover uma programa\u00e7\u00e3o diversificada e acess\u00edvel \u00e0 popula\u00e7\u00e3o.<\/p>\n<h2>Como a Popula\u00e7\u00e3o Est\u00e1 Respondendo<\/h2>\n<p>A rea\u00e7\u00e3o do p\u00fablico em rela\u00e7\u00e3o ao projeto tem sido mista. Enquanto muitos veem a proposta como uma oportunidade de revitaliza\u00e7\u00e3o e atra\u00e7\u00e3o de turistas, outros expressam preocupa\u00e7\u00f5es em rela\u00e7\u00e3o aos impactos na paisagem urbana e poss\u00edveis consequ\u00eancias para a identidade cultural da regi\u00e3o. A a\u00e7\u00e3o popular que questionou a legalidade do projeto menciona a necessidade de respeitar a Lei Cidade Limpa, destinada a conservar a est\u00e9tica das cidades e evitar polui\u00e7\u00e3o visual.<\/p>\n<p>Os movimentos de defesa do patrim\u00f4nio e da integridade do espa\u00e7o urbano t\u00eam clamado por um di\u00e1logo aberto, onde a participa\u00e7\u00e3o da popula\u00e7\u00e3o seja levada em conta antes de decis\u00f5es que alterem significativamente a \u00e1rea.<\/p>\n<h2>Import\u00e2ncia dos Pain\u00e9is de LED<\/h2>\n<p>Os pain\u00e9is de LED, que seriam instalados como parte da transforma\u00e7\u00e3o do espa\u00e7o, t\u00eam o potencial de oferecer uma nova dimens\u00e3o est\u00e9tica \u00e0 regi\u00e3o, alinhando-se com as inova\u00e7\u00f5es tecnol\u00f3gicas contempor\u00e2neas. Al\u00e9m de funcionarem como meios de publicidade, poderiam ser utilizados para comunicar informa\u00e7\u00f5es importantes \u00e0 popula\u00e7\u00e3o, como eventos culturais, alertas de seguran\u00e7a e outras mensagens de interesse p\u00fablico.<\/p>\n<p>No entanto, existe um debate cont\u00ednuo sobre a adequa\u00e7\u00e3o e o impacto que essa forma de publicidade e comunica\u00e7\u00e3o pode trazer. Alguns argumentam que essa adi\u00e7\u00e3o pode melhorar a vitalidade do local, enquanto outros manifestam preocupa\u00e7\u00f5es sobre a mudan\u00e7a da atmosfera que atualmente caracteriza a Avenida S\u00e3o Jo\u00e3o.<\/p>\n<h2>Contexto Urbano do Centro de SP<\/h2>\n<p>O centro de S\u00e3o Paulo \u00e9 um local de intensa movimenta\u00e7\u00e3o, onde se encontram diversas manifesta\u00e7\u00f5es culturais, econ\u00f4micas e sociais. Neste espa\u00e7o, a coexist\u00eancia de diferentes estilos e \u00e9pocas \u00e9 a marca registrada. As transforma\u00e7\u00f5es prop\u00f5em integrar mais cultura e modernidade, mas tamb\u00e9m levantam quest\u00f5es sobre a preserva\u00e7\u00e3o da mem\u00f3ria hist\u00f3rica da cidade.<\/p>\n<p>Os desafios urbanos do centro s\u00e3o complexos, envolvendo quest\u00f5es de seguran\u00e7a, higieniza\u00e7\u00e3o e revitaliza\u00e7\u00e3o. O projeto da &#8220;Times Square Paulistana&#8221; \u00e9 visto como uma tentativa de enfrentar parte destes desafios, visando tornar a \u00e1rea mais atrativa tanto para visitantes quanto para os moradores da cidade.<\/p>\n<h2>O Que \u00e9 a Lei Cidade Limpa?<\/h2>\n<p>A Lei Cidade Limpa, estabelecida em S\u00e3o Paulo, foi implementada para regulamentar a publicidade na cidade, visando a diminui\u00e7\u00e3o da polui\u00e7\u00e3o visual e a manuten\u00e7\u00e3o da est\u00e9tica urbana. Essa legisla\u00e7\u00e3o define normas r\u00edgidas para a coloca\u00e7\u00e3o de outdoors e outras formas de publicidade, buscando garantir um equil\u00edbrio entre desenvolvimento econ\u00f4mico e preserva\u00e7\u00e3o da paisagem.<\/p>\n<p>No caso do projeto &#8220;Times Square Paulistana&#8221;, a defesa argumenta que a proposta poderia ser uma exce\u00e7\u00e3o a essas regras, desde que fossem respeitadas as diretrizes estipuladas na lei, propondo contrapartidas ao munic\u00edpio em troca da libera\u00e7\u00e3o para a instala\u00e7\u00e3o dos pain\u00e9is de LED.<\/p>\n<h2>Proje\u00e7\u00f5es Futuras para o Projeto<\/h2>\n<p>O futuro do projeto ainda \u00e9 incerto, considerando a suspens\u00e3o judicial e as poss\u00edveis a\u00e7\u00f5es de apela\u00e7\u00e3o por parte da Prefeitura. A expectativa de iniciar as obras permanece latente entre as partes interessadas, mas a legalidade e os debates sobre seu impacto continuar\u00e3o a fazer parte do panorama.<\/p>\n<p>A possibilidade de um retorno ao debate p\u00fablico sobre a proposta pode abrir espa\u00e7o para a inclus\u00e3o de novas ideias e sugest\u00f5es, possibilitando uma transforma\u00e7\u00e3o que atenda tanto ao desejo de moderniza\u00e7\u00e3o, quanto \u00e0s inquieta\u00e7\u00f5es da comunidade sobre a preserva\u00e7\u00e3o do espa\u00e7o.<\/p>\n<h2>Porque a Participa\u00e7\u00e3o Popular \u00e9 Importante<\/h2>\n<p>A participa\u00e7\u00e3o popular em decis\u00f5es de grande impacto urbano \u00e9 fundamental para garantir que as solu\u00e7\u00f5es atendam verdadeiramente \u00e0s necessidades da comunidade. O exemplo da a\u00e7\u00e3o popular que gerou a suspens\u00e3o do projeto reflete um movimento em prol da manuten\u00e7\u00e3o dos direitos dos cidad\u00e3os de opinar sobre as interven\u00e7\u00f5es em seus espa\u00e7os de conviv\u00eancia.<\/p>\n<p>O di\u00e1logo entre a popula\u00e7\u00e3o e os gestores p\u00fablicos \u00e9 um passo essencial para construir um espa\u00e7o mais inclusivo, que n\u00e3o apenas promova o desenvolvimento urbano, mas tamb\u00e9m respeite a mem\u00f3ria e a cultura local.<\/p>\n<h2>Alternativas para o Boulevard S\u00e3o Jo\u00e3o<\/h2>\n<p>Com a suspens\u00e3o do projeto da &#8220;Times Square Paulistana&#8221;, alternativas podem ser exploradas para revitalizar a \u00e1rea do Boulevard S\u00e3o Jo\u00e3o sem comprometer a est\u00e9tica do centro da cidade. Solu\u00e7\u00f5es como a cria\u00e7\u00e3o de \u00e1reas verdes, espa\u00e7os para feiras de artesanato, e a promo\u00e7\u00e3o de eventos culturais ao ar livre podem ser vi\u00e1veis e bem aceitas pela popula\u00e7\u00e3o.<\/p>\n<p>As a\u00e7\u00f5es que preservem o car\u00e1ter hist\u00f3rico e cultural do local podem estimular o turismo e o com\u00e9rcio local, ajudando a revitalizar a \u00e1rea sem a necessidade de modificar drasticamente a paisagem. Assim, ser\u00e1 poss\u00edvel encontrar um equil\u00edbrio entre modernidade e hist\u00f3ria, criando um ambiente mais acolhedor e sustent\u00e1vel para todos.<\/p>\n\n<div style=\"font-size: 0px; height: 0px; line-height: 0px; margin: 0; padding: 0; clear: both;\"><\/div>","protected":false},"excerpt":{"rendered":"<p>Justi\u00e7a suspende Times Square Paulistana em decis\u00e3o provis\u00f3ria.<\/p>\n","protected":false},"author":1,"featured_media":6616,"comment_status":"open","ping_status":"closed","sticky":false,"template":"","format":"standard","meta":{"footnotes":""},"categories":[6],"tags":[],"class_list":["post-6617","post","type-post","status-publish","format-standard","has-post-thumbnail","hentry","category-noticias-no-centro-sp","has_thumb"],"aioseo_notices":[],"aioseo_head":"\n\t\t<!-- All in One SEO 5.0.0.1 - aioseo.com -->\n\t<meta name=\"description\" content=\"Justi\u00e7a suspende Times Square Paulistana em decis\u00e3o provis\u00f3ria.\" \/>\n\t<meta name=\"robots\" content=\"max-image-preview:large\" \/>\n\t<meta name=\"author\" content=\"Encontra Centro SP\"\/>\n\t<link rel=\"canonical\" href=\"https:\/\/www.encontracentrosaopaulo.com.br\/sobre\/justica-suspende-times-square-paulistana-que-preve-paineis-gigantes-de-led-no-centro-de-sp\/\" \/>\n\t<meta name=\"generator\" content=\"All in One SEO (AIOSEO) 5.0.0.1\" \/>\n\t\t<meta property=\"og:locale\" content=\"pt_BR\" \/>\n\t\t<meta property=\"og:site_name\" content=\"Encontra Centro SP | Not\u00edcias, eventos, informa\u00e7\u00f5es e dicas na cidade de Centro SP e regi\u00e3o.\" \/>\n\t\t<meta property=\"og:type\" content=\"article\" \/>\n\t\t<meta property=\"og:title\" content=\"Justi\u00e7a suspende \u2018Times Square Paulistana\u2019, que prev\u00ea pain\u00e9is gigantes de LED no Centro de SP | Encontra Centro SP\" \/>\n\t\t<meta property=\"og:description\" content=\"Justi\u00e7a suspende Times Square Paulistana em decis\u00e3o provis\u00f3ria.\" \/>\n\t\t<meta property=\"og:url\" content=\"https:\/\/www.encontracentrosaopaulo.com.br\/sobre\/justica-suspende-times-square-paulistana-que-preve-paineis-gigantes-de-led-no-centro-de-sp\/\" \/>\n\t\t<meta property=\"article:published_time\" content=\"2026-05-29T16:56:48+00:00\" \/>\n\t\t<meta property=\"article:modified_time\" content=\"2026-05-29T16:56:48+00:00\" \/>\n\t\t<meta name=\"twitter:card\" content=\"summary\" \/>\n\t\t<meta name=\"twitter:title\" content=\"Justi\u00e7a suspende \u2018Times Square Paulistana\u2019, que prev\u00ea pain\u00e9is gigantes de LED no Centro de SP | Encontra Centro SP\" \/>\n\t\t<meta name=\"twitter:description\" content=\"Justi\u00e7a suspende Times Square Paulistana em decis\u00e3o provis\u00f3ria.\" \/>\n\t\t<script type=\"application\/ld+json\" class=\"aioseo-schema\">\n\t\t\t{\"@context\":\"https:\\\/\\\/schema.org\",\"@graph\":[{\"@type\":\"Article\",\"@id\":\"https:\\\/\\\/www.encontracentrosaopaulo.com.br\\\/sobre\\\/justica-suspende-times-square-paulistana-que-preve-paineis-gigantes-de-led-no-centro-de-sp\\\/#article\",\"name\":\"Justi\\u00e7a suspende \\u2018Times Square Paulistana\\u2019, que prev\\u00ea pain\\u00e9is gigantes de LED no Centro de SP | Encontra Centro SP\",\"headline\":\"Justi\\u00e7a suspende &#8216;Times Square Paulistana&#8217;, que prev\\u00ea pain\\u00e9is gigantes de LED no Centro de SP\",\"author\":{\"@id\":\"https:\\\/\\\/www.encontracentrosaopaulo.com.br\\\/sobre\\\/author\\\/ecentrosaopaulo\\\/#author\"},\"publisher\":{\"@id\":\"https:\\\/\\\/www.encontracentrosaopaulo.com.br\\\/sobre\\\/#organization\"},\"image\":{\"@type\":\"ImageObject\",\"url\":\"https:\\\/\\\/www.encontracentrosaopaulo.com.br\\\/sobre\\\/wp-content\\\/uploads\\\/justica-suspende-times-square-paulistana-que-preve-paineis-gigantes-de-led-no-centro-de-sp.webp\",\"width\":280,\"height\":280,\"caption\":\"Times Square Paulistana\"},\"datePublished\":\"2026-05-29T13:56:48-03:00\",\"dateModified\":\"2026-05-29T13:56:48-03:00\",\"inLanguage\":\"pt-BR\",\"mainEntityOfPage\":{\"@id\":\"https:\\\/\\\/www.encontracentrosaopaulo.com.br\\\/sobre\\\/justica-suspende-times-square-paulistana-que-preve-paineis-gigantes-de-led-no-centro-de-sp\\\/#webpage\"},\"isPartOf\":{\"@id\":\"https:\\\/\\\/www.encontracentrosaopaulo.com.br\\\/sobre\\\/justica-suspende-times-square-paulistana-que-preve-paineis-gigantes-de-led-no-centro-de-sp\\\/#webpage\"},\"articleSection\":\"Not\\u00edcias Centro SP\"},{\"@type\":\"BreadcrumbList\",\"@id\":\"https:\\\/\\\/www.encontracentrosaopaulo.com.br\\\/sobre\\\/justica-suspende-times-square-paulistana-que-preve-paineis-gigantes-de-led-no-centro-de-sp\\\/#breadcrumblist\",\"itemListElement\":[{\"@type\":\"ListItem\",\"@id\":\"https:\\\/\\\/www.encontracentrosaopaulo.com.br\\\/sobre#listItem\",\"position\":1,\"name\":\"In\\u00edcio\",\"item\":\"https:\\\/\\\/www.encontracentrosaopaulo.com.br\\\/sobre\",\"nextItem\":{\"@type\":\"ListItem\",\"@id\":\"https:\\\/\\\/www.encontracentrosaopaulo.com.br\\\/sobre\\\/noticias-no-centro-sp\\\/#listItem\",\"name\":\"Not\\u00edcias Centro SP\"}},{\"@type\":\"ListItem\",\"@id\":\"https:\\\/\\\/www.encontracentrosaopaulo.com.br\\\/sobre\\\/noticias-no-centro-sp\\\/#listItem\",\"position\":2,\"name\":\"Not\\u00edcias Centro SP\",\"item\":\"https:\\\/\\\/www.encontracentrosaopaulo.com.br\\\/sobre\\\/noticias-no-centro-sp\\\/\",\"nextItem\":{\"@type\":\"ListItem\",\"@id\":\"https:\\\/\\\/www.encontracentrosaopaulo.com.br\\\/sobre\\\/justica-suspende-times-square-paulistana-que-preve-paineis-gigantes-de-led-no-centro-de-sp\\\/#listItem\",\"name\":\"Justi\\u00e7a suspende &#8216;Times Square Paulistana&#8217;, que prev\\u00ea pain\\u00e9is gigantes de LED no Centro de SP\"},\"previousItem\":{\"@type\":\"ListItem\",\"@id\":\"https:\\\/\\\/www.encontracentrosaopaulo.com.br\\\/sobre#listItem\",\"name\":\"In\\u00edcio\"}},{\"@type\":\"ListItem\",\"@id\":\"https:\\\/\\\/www.encontracentrosaopaulo.com.br\\\/sobre\\\/justica-suspende-times-square-paulistana-que-preve-paineis-gigantes-de-led-no-centro-de-sp\\\/#listItem\",\"position\":3,\"name\":\"Justi\\u00e7a suspende &#8216;Times Square Paulistana&#8217;, que prev\\u00ea pain\\u00e9is gigantes de LED no Centro de SP\",\"previousItem\":{\"@type\":\"ListItem\",\"@id\":\"https:\\\/\\\/www.encontracentrosaopaulo.com.br\\\/sobre\\\/noticias-no-centro-sp\\\/#listItem\",\"name\":\"Not\\u00edcias Centro SP\"}}]},{\"@type\":\"Organization\",\"@id\":\"https:\\\/\\\/www.encontracentrosaopaulo.com.br\\\/sobre\\\/#organization\",\"name\":\"Encontra Centro SP\",\"description\":\"Not\\u00edcias, eventos, informa\\u00e7\\u00f5es e dicas na cidade de Centro SP e regi\\u00e3o.\",\"url\":\"https:\\\/\\\/www.encontracentrosaopaulo.com.br\\\/sobre\\\/\"},{\"@type\":\"Person\",\"@id\":\"https:\\\/\\\/www.encontracentrosaopaulo.com.br\\\/sobre\\\/author\\\/ecentrosaopaulo\\\/#author\",\"url\":\"https:\\\/\\\/www.encontracentrosaopaulo.com.br\\\/sobre\\\/author\\\/ecentrosaopaulo\\\/\",\"name\":\"Encontra Centro SP\",\"image\":{\"@type\":\"ImageObject\",\"@id\":\"https:\\\/\\\/www.encontracentrosaopaulo.com.br\\\/sobre\\\/justica-suspende-times-square-paulistana-que-preve-paineis-gigantes-de-led-no-centro-de-sp\\\/#authorImage\",\"url\":\"https:\\\/\\\/secure.gravatar.com\\\/avatar\\\/507340682b8270222e1f208e23198b6ae7e2c6a1033ae84e99bc6bce4f82a387?s=96&d=mm&r=g\",\"width\":96,\"height\":96,\"caption\":\"Encontra Centro SP\"}},{\"@type\":\"WebPage\",\"@id\":\"https:\\\/\\\/www.encontracentrosaopaulo.com.br\\\/sobre\\\/justica-suspende-times-square-paulistana-que-preve-paineis-gigantes-de-led-no-centro-de-sp\\\/#webpage\",\"url\":\"https:\\\/\\\/www.encontracentrosaopaulo.com.br\\\/sobre\\\/justica-suspende-times-square-paulistana-que-preve-paineis-gigantes-de-led-no-centro-de-sp\\\/\",\"name\":\"Justi\\u00e7a suspende \\u2018Times Square Paulistana\\u2019, que prev\\u00ea pain\\u00e9is gigantes de LED no Centro de SP | Encontra Centro SP\",\"description\":\"Justi\\u00e7a suspende Times Square Paulistana em decis\\u00e3o provis\\u00f3ria.\",\"inLanguage\":\"pt-BR\",\"isPartOf\":{\"@id\":\"https:\\\/\\\/www.encontracentrosaopaulo.com.br\\\/sobre\\\/#website\"},\"breadcrumb\":{\"@id\":\"https:\\\/\\\/www.encontracentrosaopaulo.com.br\\\/sobre\\\/justica-suspende-times-square-paulistana-que-preve-paineis-gigantes-de-led-no-centro-de-sp\\\/#breadcrumblist\"},\"author\":{\"@id\":\"https:\\\/\\\/www.encontracentrosaopaulo.com.br\\\/sobre\\\/author\\\/ecentrosaopaulo\\\/#author\"},\"creator\":{\"@id\":\"https:\\\/\\\/www.encontracentrosaopaulo.com.br\\\/sobre\\\/author\\\/ecentrosaopaulo\\\/#author\"},\"image\":{\"@type\":\"ImageObject\",\"url\":\"https:\\\/\\\/www.encontracentrosaopaulo.com.br\\\/sobre\\\/wp-content\\\/uploads\\\/justica-suspende-times-square-paulistana-que-preve-paineis-gigantes-de-led-no-centro-de-sp.webp\",\"@id\":\"https:\\\/\\\/www.encontracentrosaopaulo.com.br\\\/sobre\\\/justica-suspende-times-square-paulistana-que-preve-paineis-gigantes-de-led-no-centro-de-sp\\\/#mainImage\",\"width\":280,\"height\":280,\"caption\":\"Times Square Paulistana\"},\"primaryImageOfPage\":{\"@id\":\"https:\\\/\\\/www.encontracentrosaopaulo.com.br\\\/sobre\\\/justica-suspende-times-square-paulistana-que-preve-paineis-gigantes-de-led-no-centro-de-sp\\\/#mainImage\"},\"datePublished\":\"2026-05-29T13:56:48-03:00\",\"dateModified\":\"2026-05-29T13:56:48-03:00\"},{\"@type\":\"WebSite\",\"@id\":\"https:\\\/\\\/www.encontracentrosaopaulo.com.br\\\/sobre\\\/#website\",\"url\":\"https:\\\/\\\/www.encontracentrosaopaulo.com.br\\\/sobre\\\/\",\"name\":\"Encontra Centro SP\",\"description\":\"Not\\u00edcias, eventos, informa\\u00e7\\u00f5es e dicas na cidade de Centro SP e regi\\u00e3o.\",\"inLanguage\":\"pt-BR\",\"publisher\":{\"@id\":\"https:\\\/\\\/www.encontracentrosaopaulo.com.br\\\/sobre\\\/#organization\"}}]}\n\t\t<\/script>\n\t\t<!-- All in One SEO -->\n\n","aioseo_head_json":{"title":"Justi\u00e7a suspende \u2018Times Square Paulistana\u2019, que prev\u00ea pain\u00e9is gigantes de LED no Centro de SP | Encontra Centro SP","description":"Justi\u00e7a suspende Times Square Paulistana em decis\u00e3o provis\u00f3ria.","canonical_url":"https:\/\/www.encontracentrosaopaulo.com.br\/sobre\/justica-suspende-times-square-paulistana-que-preve-paineis-gigantes-de-led-no-centro-de-sp\/","robots":"max-image-preview:large","keywords":"","webmasterTools":{"miscellaneous":""},"schema":{"@context":"https:\/\/schema.org","@graph":[{"@type":"Article","@id":"https:\/\/www.encontracentrosaopaulo.com.br\/sobre\/justica-suspende-times-square-paulistana-que-preve-paineis-gigantes-de-led-no-centro-de-sp\/#article","name":"Justi\u00e7a suspende \u2018Times Square Paulistana\u2019, que prev\u00ea pain\u00e9is gigantes de LED no Centro de SP | Encontra Centro SP","headline":"Justi\u00e7a suspende &#8216;Times Square Paulistana&#8217;, que prev\u00ea pain\u00e9is gigantes de LED no Centro de SP","author":{"@id":"https:\/\/www.encontracentrosaopaulo.com.br\/sobre\/author\/ecentrosaopaulo\/#author"},"publisher":{"@id":"https:\/\/www.encontracentrosaopaulo.com.br\/sobre\/#organization"},"image":{"@type":"ImageObject","url":"https:\/\/www.encontracentrosaopaulo.com.br\/sobre\/wp-content\/uploads\/justica-suspende-times-square-paulistana-que-preve-paineis-gigantes-de-led-no-centro-de-sp.webp","width":280,"height":280,"caption":"Times Square Paulistana"},"datePublished":"2026-05-29T13:56:48-03:00","dateModified":"2026-05-29T13:56:48-03:00","inLanguage":"pt-BR","mainEntityOfPage":{"@id":"https:\/\/www.encontracentrosaopaulo.com.br\/sobre\/justica-suspende-times-square-paulistana-que-preve-paineis-gigantes-de-led-no-centro-de-sp\/#webpage"},"isPartOf":{"@id":"https:\/\/www.encontracentrosaopaulo.com.br\/sobre\/justica-suspende-times-square-paulistana-que-preve-paineis-gigantes-de-led-no-centro-de-sp\/#webpage"},"articleSection":"Not\u00edcias Centro SP"},{"@type":"BreadcrumbList","@id":"https:\/\/www.encontracentrosaopaulo.com.br\/sobre\/justica-suspende-times-square-paulistana-que-preve-paineis-gigantes-de-led-no-centro-de-sp\/#breadcrumblist","itemListElement":[{"@type":"ListItem","@id":"https:\/\/www.encontracentrosaopaulo.com.br\/sobre#listItem","position":1,"name":"In\u00edcio","item":"https:\/\/www.encontracentrosaopaulo.com.br\/sobre","nextItem":{"@type":"ListItem","@id":"https:\/\/www.encontracentrosaopaulo.com.br\/sobre\/noticias-no-centro-sp\/#listItem","name":"Not\u00edcias Centro SP"}},{"@type":"ListItem","@id":"https:\/\/www.encontracentrosaopaulo.com.br\/sobre\/noticias-no-centro-sp\/#listItem","position":2,"name":"Not\u00edcias Centro SP","item":"https:\/\/www.encontracentrosaopaulo.com.br\/sobre\/noticias-no-centro-sp\/","nextItem":{"@type":"ListItem","@id":"https:\/\/www.encontracentrosaopaulo.com.br\/sobre\/justica-suspende-times-square-paulistana-que-preve-paineis-gigantes-de-led-no-centro-de-sp\/#listItem","name":"Justi\u00e7a suspende &#8216;Times Square Paulistana&#8217;, que prev\u00ea pain\u00e9is gigantes de LED no Centro de SP"},"previousItem":{"@type":"ListItem","@id":"https:\/\/www.encontracentrosaopaulo.com.br\/sobre#listItem","name":"In\u00edcio"}},{"@type":"ListItem","@id":"https:\/\/www.encontracentrosaopaulo.com.br\/sobre\/justica-suspende-times-square-paulistana-que-preve-paineis-gigantes-de-led-no-centro-de-sp\/#listItem","position":3,"name":"Justi\u00e7a suspende &#8216;Times Square Paulistana&#8217;, que prev\u00ea pain\u00e9is gigantes de LED no Centro de SP","previousItem":{"@type":"ListItem","@id":"https:\/\/www.encontracentrosaopaulo.com.br\/sobre\/noticias-no-centro-sp\/#listItem","name":"Not\u00edcias Centro SP"}}]},{"@type":"Organization","@id":"https:\/\/www.encontracentrosaopaulo.com.br\/sobre\/#organization","name":"Encontra Centro SP","description":"Not\u00edcias, eventos, informa\u00e7\u00f5es e dicas na cidade de Centro SP e regi\u00e3o.","url":"https:\/\/www.encontracentrosaopaulo.com.br\/sobre\/"},{"@type":"Person","@id":"https:\/\/www.encontracentrosaopaulo.com.br\/sobre\/author\/ecentrosaopaulo\/#author","url":"https:\/\/www.encontracentrosaopaulo.com.br\/sobre\/author\/ecentrosaopaulo\/","name":"Encontra Centro SP","image":{"@type":"ImageObject","@id":"https:\/\/www.encontracentrosaopaulo.com.br\/sobre\/justica-suspende-times-square-paulistana-que-preve-paineis-gigantes-de-led-no-centro-de-sp\/#authorImage","url":"https:\/\/secure.gravatar.com\/avatar\/507340682b8270222e1f208e23198b6ae7e2c6a1033ae84e99bc6bce4f82a387?s=96&d=mm&r=g","width":96,"height":96,"caption":"Encontra Centro SP"}},{"@type":"WebPage","@id":"https:\/\/www.encontracentrosaopaulo.com.br\/sobre\/justica-suspende-times-square-paulistana-que-preve-paineis-gigantes-de-led-no-centro-de-sp\/#webpage","url":"https:\/\/www.encontracentrosaopaulo.com.br\/sobre\/justica-suspende-times-square-paulistana-que-preve-paineis-gigantes-de-led-no-centro-de-sp\/","name":"Justi\u00e7a suspende \u2018Times Square Paulistana\u2019, que prev\u00ea pain\u00e9is gigantes de LED no Centro de SP | Encontra Centro SP","description":"Justi\u00e7a suspende Times Square Paulistana em decis\u00e3o provis\u00f3ria.","inLanguage":"pt-BR","isPartOf":{"@id":"https:\/\/www.encontracentrosaopaulo.com.br\/sobre\/#website"},"breadcrumb":{"@id":"https:\/\/www.encontracentrosaopaulo.com.br\/sobre\/justica-suspende-times-square-paulistana-que-preve-paineis-gigantes-de-led-no-centro-de-sp\/#breadcrumblist"},"author":{"@id":"https:\/\/www.encontracentrosaopaulo.com.br\/sobre\/author\/ecentrosaopaulo\/#author"},"creator":{"@id":"https:\/\/www.encontracentrosaopaulo.com.br\/sobre\/author\/ecentrosaopaulo\/#author"},"image":{"@type":"ImageObject","url":"https:\/\/www.encontracentrosaopaulo.com.br\/sobre\/wp-content\/uploads\/justica-suspende-times-square-paulistana-que-preve-paineis-gigantes-de-led-no-centro-de-sp.webp","@id":"https:\/\/www.encontracentrosaopaulo.com.br\/sobre\/justica-suspende-times-square-paulistana-que-preve-paineis-gigantes-de-led-no-centro-de-sp\/#mainImage","width":280,"height":280,"caption":"Times Square Paulistana"},"primaryImageOfPage":{"@id":"https:\/\/www.encontracentrosaopaulo.com.br\/sobre\/justica-suspende-times-square-paulistana-que-preve-paineis-gigantes-de-led-no-centro-de-sp\/#mainImage"},"datePublished":"2026-05-29T13:56:48-03:00","dateModified":"2026-05-29T13:56:48-03:00"},{"@type":"WebSite","@id":"https:\/\/www.encontracentrosaopaulo.com.br\/sobre\/#website","url":"https:\/\/www.encontracentrosaopaulo.com.br\/sobre\/","name":"Encontra Centro SP","description":"Not\u00edcias, eventos, informa\u00e7\u00f5es e dicas na cidade de Centro SP e regi\u00e3o.","inLanguage":"pt-BR","publisher":{"@id":"https:\/\/www.encontracentrosaopaulo.com.br\/sobre\/#organization"}}]},"og:locale":"pt_BR","og:site_name":"Encontra Centro SP | Not\u00edcias, eventos, informa\u00e7\u00f5es e dicas na cidade de Centro SP e regi\u00e3o.","og:type":"article","og:title":"Justi\u00e7a suspende \u2018Times Square Paulistana\u2019, que prev\u00ea pain\u00e9is gigantes de LED no Centro de SP | Encontra Centro SP","og:description":"Justi\u00e7a suspende Times Square Paulistana em decis\u00e3o provis\u00f3ria.","og:url":"https:\/\/www.encontracentrosaopaulo.com.br\/sobre\/justica-suspende-times-square-paulistana-que-preve-paineis-gigantes-de-led-no-centro-de-sp\/","article:published_time":"2026-05-29T16:56:48+00:00","article:modified_time":"2026-05-29T16:56:48+00:00","twitter:card":"summary","twitter:title":"Justi\u00e7a suspende \u2018Times Square Paulistana\u2019, que prev\u00ea pain\u00e9is gigantes de LED no Centro de SP | Encontra Centro SP","twitter:description":"Justi\u00e7a suspende Times Square Paulistana em decis\u00e3o provis\u00f3ria."},"aioseo_meta_data":{"post_id":"6617","title":null,"description":null,"keywords":null,"keyphrases":null,"primary_term":null,"canonical_url":null,"og_title":null,"og_description":null,"og_object_type":"default","og_image_type":"default","og_image_url":null,"og_image_width":null,"og_image_height":null,"og_image_custom_url":null,"og_image_custom_fields":null,"og_video":null,"og_custom_url":null,"og_article_section":null,"og_article_tags":null,"twitter_use_og":false,"twitter_card":"default","twitter_image_type":"default","twitter_image_url":null,"twitter_image_custom_url":null,"twitter_image_custom_fields":null,"twitter_title":null,"twitter_description":null,"schema":{"blockGraphs":[],"customGraphs":[],"default":{"data":{"Article":[],"Course":[],"Dataset":[],"FAQPage":[],"Movie":[],"Person":[],"Product":[],"ProductReview":[],"Car":[],"Recipe":[],"Service":[],"SoftwareApplication":[],"WebPage":[]},"graphName":"","isEnabled":true},"graphs":[]},"schema_type":"default","schema_type_options":null,"pillar_content":false,"robots_default":true,"robots_noindex":false,"robots_noarchive":false,"robots_nosnippet":false,"robots_nofollow":false,"robots_noimageindex":false,"robots_noodp":false,"robots_notranslate":false,"robots_max_snippet":null,"robots_max_videopreview":null,"robots_max_imagepreview":"large","priority":null,"frequency":null,"local_seo":null,"breadcrumb_settings":null,"limit_modified_date":false,"ai":null,"created":"2026-05-29 17:02:20","updated":"2026-05-29 17:07:06","seo_analyzer_scan_date":null,"focus_keyword":null,"additional_keywords":null,"truseo_locale":null},"aioseo_breadcrumb":"<div class=\"aioseo-breadcrumbs\"><span class=\"aioseo-breadcrumb\">\n\t\t\t<a href=\"https:\/\/www.encontracentrosaopaulo.com.br\/sobre\" title=\"In\u00edcio\">In\u00edcio<\/a>\n\t\t<\/span><span class=\"aioseo-breadcrumb-separator\">&raquo;<\/span><span class=\"aioseo-breadcrumb\">\n\t\t\t<a href=\"https:\/\/www.encontracentrosaopaulo.com.br\/sobre\/noticias-no-centro-sp\/\" title=\"Not\u00edcias Centro SP\">Not\u00edcias Centro SP<\/a>\n\t\t<\/span><span class=\"aioseo-breadcrumb-separator\">&raquo;<\/span><span class=\"aioseo-breadcrumb\">\n\t\t\tJusti\u00e7a suspende \u2018Times Square Paulistana\u2019, que prev\u00ea pain\u00e9is gigantes de LED no Centro de SP\n\t\t<\/span><\/div>","aioseo_breadcrumb_json":[{"label":"In\u00edcio","link":"https:\/\/www.encontracentrosaopaulo.com.br\/sobre"},{"label":"Not\u00edcias Centro SP","link":"https:\/\/www.encontracentrosaopaulo.com.br\/sobre\/noticias-no-centro-sp\/"},{"label":"Justi\u00e7a suspende &#8216;Times Square Paulistana&#8217;, que prev\u00ea pain\u00e9is gigantes de LED no Centro de SP","link":"https:\/\/www.encontracentrosaopaulo.com.br\/sobre\/justica-suspende-times-square-paulistana-que-preve-paineis-gigantes-de-led-no-centro-de-sp\/"}],"_links":{"self":[{"href":"https:\/\/www.encontracentrosaopaulo.com.br\/sobre\/wp-json\/wp\/v2\/posts\/6617","targetHints":{"allow":["GET"]}}],"collection":[{"href":"https:\/\/www.encontracentrosaopaulo.com.br\/sobre\/wp-json\/wp\/v2\/posts"}],"about":[{"href":"https:\/\/www.encontracentrosaopaulo.com.br\/sobre\/wp-json\/wp\/v2\/types\/post"}],"author":[{"embeddable":true,"href":"https:\/\/www.encontracentrosaopaulo.com.br\/sobre\/wp-json\/wp\/v2\/users\/1"}],"replies":[{"embeddable":true,"href":"https:\/\/www.encontracentrosaopaulo.com.br\/sobre\/wp-json\/wp\/v2\/comments?post=6617"}],"version-history":[{"count":0,"href":"https:\/\/www.encontracentrosaopaulo.com.br\/sobre\/wp-json\/wp\/v2\/posts\/6617\/revisions"}],"wp:featuredmedia":[{"embeddable":true,"href":"https:\/\/www.encontracentrosaopaulo.com.br\/sobre\/wp-json\/wp\/v2\/media\/6616"}],"wp:attachment":[{"href":"https:\/\/www.encontracentrosaopaulo.com.br\/sobre\/wp-json\/wp\/v2\/media?parent=6617"}],"wp:term":[{"taxonomy":"category","embeddable":true,"href":"https:\/\/www.encontracentrosaopaulo.com.br\/sobre\/wp-json\/wp\/v2\/categories?post=6617"},{"taxonomy":"post_tag","embeddable":true,"href":"https:\/\/www.encontracentrosaopaulo.com.br\/sobre\/wp-json\/wp\/v2\/tags?post=6617"}],"curies":[{"name":"wp","href":"https:\/\/api.w.org\/{rel}","templated":true}]}}