{"id":6693,"date":"2026-06-16T14:04:27","date_gmt":"2026-06-16T17:04:27","guid":{"rendered":"https:\/\/www.encontracentrosaopaulo.com.br\/sobre\/times-square-de-sp-tribunal-de-justica-nega-pedido-de-prefeitura-e-mantem-suspensao-de-projeto-na-capital\/"},"modified":"2026-06-16T14:04:27","modified_gmt":"2026-06-16T17:04:27","slug":"times-square-de-sp-tribunal-de-justica-nega-pedido-de-prefeitura-e-mantem-suspensao-de-projeto-na-capital","status":"publish","type":"post","link":"https:\/\/www.encontracentrosaopaulo.com.br\/sobre\/times-square-de-sp-tribunal-de-justica-nega-pedido-de-prefeitura-e-mantem-suspensao-de-projeto-na-capital\/","title":{"rendered":"Times Square&#8217; de SP: Tribunal de Justi\u00e7a nega pedido de Prefeitura e mant\u00e9m suspens\u00e3o de projeto na capital"},"content":{"rendered":"<div class=\"d6585b5127f45a35450431d0abc3f90c\" data-index=\"1\" style=\"float: none; margin:0px;\">\n<!-- Anuncio display - global -->\r\n<ins class=\"adsbygoogle\"\r\n     style=\"display:block\"\r\n     data-ad-client=\"ca-pub-8585364105181520\"\r\n     data-ad-slot=\"8789329856\"\r\n     data-ad-format=\"auto\"\r\n     data-full-width-responsive=\"true\"><\/ins>\r\n<script>\r\n     (adsbygoogle = window.adsbygoogle || []).push({});\r\n<\/script>\n<\/div>\n<h2>O que \u00e9 o projeto &#8216;Times Square&#8217; em S\u00e3o Paulo?<\/h2>\n<p>O projeto &#8216;Times Square&#8217; em S\u00e3o Paulo, formalmente denominado <strong>Boulevard S\u00e3o Jo\u00e3o<\/strong>, busca transformar uma \u00e1rea central da metr\u00f3pole por meio da instala\u00e7\u00e3o de pain\u00e9is de LED em edifica\u00e7\u00f5es hist\u00f3ricas. Esse empreendimento visa modernizar a paisagem urbana e estimular a vida cultural e econ\u00f4mica na capital paulista, criando um espa\u00e7o vibrante que remete ao famoso distrito de entretenimento da cidade de Nova York.<\/p>\n<h2>Decis\u00e3o do Tribunal de Justi\u00e7a e suas implica\u00e7\u00f5es<\/h2>\n<p>No dia 12 de junho de 2026, o <strong>Tribunal de Justi\u00e7a de S\u00e3o Paulo<\/strong> tomou a decis\u00e3o de manter a suspens\u00e3o de liminar que barrava o projeto. O desembargador Fausto Seabra foi respons\u00e1vel por essa decis\u00e3o, que revelou um forte debate sobre como as interven\u00e7\u00f5es urbanas podem impactar a est\u00e9tica da cidade e a preserva\u00e7\u00e3o do patrim\u00f4nio hist\u00f3rico. A Prefeitura de S\u00e3o Paulo havia solicitado a derrubada da liminar, argumentando que a suspens\u00e3o prejudicava n\u00e3o apenas a revitaliza\u00e7\u00e3o do Centro, mas tamb\u00e9m um investimento privado significativo de R$ 8 milh\u00f5es destinado a melhorias p\u00fablicas.<\/p>\n<h2>Impactos na revitaliza\u00e7\u00e3o do Centro de S\u00e3o Paulo<\/h2>\n<p>A proposta do <strong>Boulevard S\u00e3o Jo\u00e3o<\/strong> \u00e9 vista como crucial para a revitaliza\u00e7\u00e3o do Centro de S\u00e3o Paulo. Ao trazer um elemento moderno como os tel\u00f5es de LED, a Prefeitura acredita que isso poderia atrair mais visitantes, impulsionando o com\u00e9rcio e a cultura da regi\u00e3o, que nos \u00faltimos anos lutava para manter sua relev\u00e2ncia no contexto urbano. A ideia \u00e9 que, ao criar um espa\u00e7o din\u00e2mico e visualmente atrativo, o projeto possa reverter o processo de desvaloriza\u00e7\u00e3o e contribuir para o desenvolvimento econ\u00f4mico local.<\/p>\n<p><img decoding=\"async\" src=\"https:\/\/www.encontracentrosaopaulo.com.br\/sobre\/wp-content\/uploads\/times-square-de-sp-tribunal-de-justica-nega-pedido-de-prefeitura-e-mantem-suspensao-de-projeto-na-ca.webp\" alt=\"Times Square SP\" loading=\"lazy\" \/><\/p>\n<h2>O papel da iniciativa privada na implementa\u00e7\u00e3o do projeto<\/h2>\n<p>A implementa\u00e7\u00e3o do projeto conta com a parceria do grupo <strong>F\u00e1brica de Bares<\/strong>, que assumiu o compromisso de investir R$ 8 milh\u00f5es em contrapartidas urbanas. Isso inclui a restaura\u00e7\u00e3o de monumentos hist\u00f3ricos e melhorias nas \u00e1reas p\u00fablicas, como a instala\u00e7\u00e3o de bancos e lixeiras. A colabora\u00e7\u00e3o entre o setor p\u00fablico e o privado \u00e9 vista como uma oportunidade de alavancar recursos que de outra forma n\u00e3o estariam dispon\u00edveis e de garantir que as interven\u00e7\u00f5es respeitem as caracter\u00edsticas da \u00e1rea.<\/p>\n<h2>Conserva\u00e7\u00e3o hist\u00f3rica versus moderniza\u00e7\u00e3o urbana<\/h2>\n<p>A principal cr\u00edtica \u00e0 instala\u00e7\u00e3o dos tel\u00f5es de LED diz respeito \u00e0 preserva\u00e7\u00e3o do patrim\u00f4nio hist\u00f3rico, levantando um forte debate sobre a necessidade de equilibrar a moderniza\u00e7\u00e3o urbana com a conserva\u00e7\u00e3o do que \u00e9 considerado cultura e identidade local. O projeto enfrenta a resist\u00eancia de cidad\u00e3os e ativistas que temem que a implementa\u00e7\u00e3o das telas possa comprometer a integridade visual e patrimonial de edif\u00edcios hist\u00f3ricos localizados nas proximidades das avenidas Ipiranga e S\u00e3o Jo\u00e3o.<\/p>\n<h2>A import\u00e2ncia dos tel\u00f5es de LED na comunica\u00e7\u00e3o p\u00fablica<\/h2>\n<p>Os tel\u00f5es de LED n\u00e3o ser\u00e3o usados apenas para publicidade comercial. Um acordo prev\u00ea que 70% do tempo de exibi\u00e7\u00e3o seja destinado a promover informa\u00e7\u00f5es culturais e de utilidade p\u00fablica, enquanto 30% pode incluir publicidade de marcas parceiras. Essa abordagem busca assegurar que a comunica\u00e7\u00e3o nos tel\u00f5es contribua para o bem p\u00fablico, educando e informando os cidad\u00e3os sobre eventos locais, cultura e iniciativas sociais.<\/p>\n<h2>Rea\u00e7\u00f5es da popula\u00e7\u00e3o frente \u00e0 decis\u00e3o judicial<\/h2>\n<p>A decis\u00e3o do Tribunal de Justi\u00e7a gerou rea\u00e7\u00f5es mistas entre a popula\u00e7\u00e3o. Enquanto alguns cidad\u00e3os apoiam a ideia de modernizar a cidade e oferecer um novo espa\u00e7o de intera\u00e7\u00e3o, outros expressam preocupa\u00e7\u00f5es sobre a preserva\u00e7\u00e3o do patrim\u00f4nio cultural e a poss\u00edvel deteriora\u00e7\u00e3o da qualidade da vida urbana em fun\u00e7\u00e3o da polui\u00e7\u00e3o visual provocada pelos pain\u00e9is. Essa dicotomia reflete a luta cont\u00ednua entre tradi\u00e7\u00e3o e modernidade em centros urbanos.<\/p>\n<h2>Compara\u00e7\u00e3o com projetos similares no Brasil<\/h2>\n<p>Projetos semelhantes j\u00e1 foram implementados em outras cidades brasileiras, como o <strong>Ilumina S\u00e3o Paulo<\/strong> e a revitaliza\u00e7\u00e3o da Pra\u00e7a da S\u00e9, em S\u00e3o Paulo. Neste contexto, \u00e9 importante observar como a rea\u00e7\u00e3o do p\u00fablico e a experi\u00eancia urbana foram afetadas ap\u00f3s as implementa\u00e7\u00f5es. As cidades que adotaram solu\u00e7\u00f5es de integra\u00e7\u00e3o de novas tecnologias nos espa\u00e7os p\u00fablicos t\u00eam enfrentado desafios parecidos, especialmente em rela\u00e7\u00e3o \u00e0 aceita\u00e7\u00e3o social e \u00e0 preserva\u00e7\u00e3o do ambiente urbano.<\/p>\n<h2>O futuro do &#8216;Times Square&#8217; e expectativas<\/h2>\n<p>O futuro do projeto &#8216;Times Square&#8217; na capital paulista parece incerto, dependendo n\u00e3o s\u00f3 da continuidade das delibera\u00e7\u00f5es judiciais, mas tamb\u00e9m da capacidade da administra\u00e7\u00e3o p\u00fablica de engajar a comunidade e criar um projeto que represente genuinamente os interesses dos cidad\u00e3os. As expectativas s\u00e3o de que, se bem implementado, o projeto possa estimular a revitaliza\u00e7\u00e3o urbana e tornar o Centro de S\u00e3o Paulo um destino desejado tanto para residentes quanto para turistas.<\/p>\n<h2>Debates sobre o uso do espa\u00e7o p\u00fablico na metr\u00f3pole<\/h2>\n<p>Finalmente, a discuss\u00e3o acerca do projeto &#8216;Times Square&#8217; vai al\u00e9m da simples instala\u00e7\u00e3o de tel\u00f5es de LED. Ele abre uma ferrovia de debates sobre o uso do espa\u00e7o p\u00fablico na metr\u00f3pole, os direitos dos cidad\u00e3os quanto \u00e0 sua pr\u00f3pria cidade, e como os canais de comunica\u00e7\u00e3o visualiza\u00e7\u00e3o podem ser utilizados para fortalecer o sentido de comunidade. Esse dilema \u00e9 intrinsecamente ligado \u00e0s tend\u00eancias de planejamento urbano contempor\u00e2neo, onde a inclus\u00e3o social e a inova\u00e7\u00e3o devem caminhar em harmonia.<\/p>\n\n<div style=\"font-size: 0px; height: 0px; line-height: 0px; margin: 0; padding: 0; clear: both;\"><\/div>","protected":false},"excerpt":{"rendered":"<p>&#8216;Times Square&#8217; em S\u00e3o Paulo \u00e9 suspenso pela Justi\u00e7a e provoca debate sobre revitaliza\u00e7\u00e3o urbana.<\/p>\n","protected":false},"author":1,"featured_media":6692,"comment_status":"open","ping_status":"closed","sticky":false,"template":"","format":"standard","meta":{"footnotes":""},"categories":[6],"tags":[],"class_list":["post-6693","post","type-post","status-publish","format-standard","has-post-thumbnail","hentry","category-noticias-no-centro-sp","has_thumb"],"aioseo_notices":[],"aioseo_head":"\n\t\t<!-- All in One SEO 5.0.0.1 - aioseo.com -->\n\t<meta name=\"description\" content=\"&#039;Times Square&#039; em S\u00e3o Paulo \u00e9 suspenso pela Justi\u00e7a e provoca debate sobre revitaliza\u00e7\u00e3o urbana.\" \/>\n\t<meta name=\"robots\" content=\"max-image-preview:large\" \/>\n\t<meta name=\"author\" content=\"Encontra Centro SP\"\/>\n\t<link rel=\"canonical\" href=\"https:\/\/www.encontracentrosaopaulo.com.br\/sobre\/times-square-de-sp-tribunal-de-justica-nega-pedido-de-prefeitura-e-mantem-suspensao-de-projeto-na-capital\/\" \/>\n\t<meta name=\"generator\" content=\"All in One SEO (AIOSEO) 5.0.0.1\" \/>\n\t\t<meta property=\"og:locale\" content=\"pt_BR\" \/>\n\t\t<meta property=\"og:site_name\" content=\"Encontra Centro SP | Not\u00edcias, eventos, informa\u00e7\u00f5es e dicas na cidade de Centro SP e regi\u00e3o.\" \/>\n\t\t<meta property=\"og:type\" content=\"article\" \/>\n\t\t<meta property=\"og:title\" content=\"Times Square\u2019 de SP: Tribunal de Justi\u00e7a nega pedido de Prefeitura e mant\u00e9m suspens\u00e3o de projeto na capital | Encontra Centro SP\" \/>\n\t\t<meta property=\"og:description\" content=\"&#039;Times Square&#039; em S\u00e3o Paulo \u00e9 suspenso pela Justi\u00e7a e provoca debate sobre revitaliza\u00e7\u00e3o urbana.\" \/>\n\t\t<meta property=\"og:url\" content=\"https:\/\/www.encontracentrosaopaulo.com.br\/sobre\/times-square-de-sp-tribunal-de-justica-nega-pedido-de-prefeitura-e-mantem-suspensao-de-projeto-na-capital\/\" \/>\n\t\t<meta property=\"article:published_time\" content=\"2026-06-16T17:04:27+00:00\" \/>\n\t\t<meta property=\"article:modified_time\" content=\"2026-06-16T17:04:27+00:00\" \/>\n\t\t<meta name=\"twitter:card\" content=\"summary\" \/>\n\t\t<meta name=\"twitter:title\" content=\"Times Square\u2019 de SP: Tribunal de Justi\u00e7a nega pedido de Prefeitura e mant\u00e9m suspens\u00e3o de projeto na capital | Encontra Centro SP\" \/>\n\t\t<meta name=\"twitter:description\" content=\"&#039;Times Square&#039; em S\u00e3o Paulo \u00e9 suspenso pela Justi\u00e7a e provoca debate sobre revitaliza\u00e7\u00e3o urbana.\" \/>\n\t\t<script type=\"application\/ld+json\" class=\"aioseo-schema\">\n\t\t\t{\"@context\":\"https:\\\/\\\/schema.org\",\"@graph\":[{\"@type\":\"Article\",\"@id\":\"https:\\\/\\\/www.encontracentrosaopaulo.com.br\\\/sobre\\\/times-square-de-sp-tribunal-de-justica-nega-pedido-de-prefeitura-e-mantem-suspensao-de-projeto-na-capital\\\/#article\",\"name\":\"Times Square\\u2019 de SP: Tribunal de Justi\\u00e7a nega pedido de Prefeitura e mant\\u00e9m suspens\\u00e3o de projeto na capital | Encontra Centro SP\",\"headline\":\"Times Square&#8217; de SP: Tribunal de Justi\\u00e7a nega pedido de Prefeitura e mant\\u00e9m suspens\\u00e3o de projeto na capital\",\"author\":{\"@id\":\"https:\\\/\\\/www.encontracentrosaopaulo.com.br\\\/sobre\\\/author\\\/ecentrosaopaulo\\\/#author\"},\"publisher\":{\"@id\":\"https:\\\/\\\/www.encontracentrosaopaulo.com.br\\\/sobre\\\/#organization\"},\"image\":{\"@type\":\"ImageObject\",\"url\":\"https:\\\/\\\/www.encontracentrosaopaulo.com.br\\\/sobre\\\/wp-content\\\/uploads\\\/times-square-de-sp-tribunal-de-justica-nega-pedido-de-prefeitura-e-mantem-suspensao-de-projeto-na-ca.webp\",\"width\":280,\"height\":280,\"caption\":\"Times Square SP\"},\"datePublished\":\"2026-06-16T14:04:27-03:00\",\"dateModified\":\"2026-06-16T14:04:27-03:00\",\"inLanguage\":\"pt-BR\",\"mainEntityOfPage\":{\"@id\":\"https:\\\/\\\/www.encontracentrosaopaulo.com.br\\\/sobre\\\/times-square-de-sp-tribunal-de-justica-nega-pedido-de-prefeitura-e-mantem-suspensao-de-projeto-na-capital\\\/#webpage\"},\"isPartOf\":{\"@id\":\"https:\\\/\\\/www.encontracentrosaopaulo.com.br\\\/sobre\\\/times-square-de-sp-tribunal-de-justica-nega-pedido-de-prefeitura-e-mantem-suspensao-de-projeto-na-capital\\\/#webpage\"},\"articleSection\":\"Not\\u00edcias Centro SP\"},{\"@type\":\"BreadcrumbList\",\"@id\":\"https:\\\/\\\/www.encontracentrosaopaulo.com.br\\\/sobre\\\/times-square-de-sp-tribunal-de-justica-nega-pedido-de-prefeitura-e-mantem-suspensao-de-projeto-na-capital\\\/#breadcrumblist\",\"itemListElement\":[{\"@type\":\"ListItem\",\"@id\":\"https:\\\/\\\/www.encontracentrosaopaulo.com.br\\\/sobre#listItem\",\"position\":1,\"name\":\"In\\u00edcio\",\"item\":\"https:\\\/\\\/www.encontracentrosaopaulo.com.br\\\/sobre\",\"nextItem\":{\"@type\":\"ListItem\",\"@id\":\"https:\\\/\\\/www.encontracentrosaopaulo.com.br\\\/sobre\\\/noticias-no-centro-sp\\\/#listItem\",\"name\":\"Not\\u00edcias Centro SP\"}},{\"@type\":\"ListItem\",\"@id\":\"https:\\\/\\\/www.encontracentrosaopaulo.com.br\\\/sobre\\\/noticias-no-centro-sp\\\/#listItem\",\"position\":2,\"name\":\"Not\\u00edcias Centro SP\",\"item\":\"https:\\\/\\\/www.encontracentrosaopaulo.com.br\\\/sobre\\\/noticias-no-centro-sp\\\/\",\"nextItem\":{\"@type\":\"ListItem\",\"@id\":\"https:\\\/\\\/www.encontracentrosaopaulo.com.br\\\/sobre\\\/times-square-de-sp-tribunal-de-justica-nega-pedido-de-prefeitura-e-mantem-suspensao-de-projeto-na-capital\\\/#listItem\",\"name\":\"Times Square&#8217; de SP: Tribunal de Justi\\u00e7a nega pedido de Prefeitura e mant\\u00e9m suspens\\u00e3o de projeto na capital\"},\"previousItem\":{\"@type\":\"ListItem\",\"@id\":\"https:\\\/\\\/www.encontracentrosaopaulo.com.br\\\/sobre#listItem\",\"name\":\"In\\u00edcio\"}},{\"@type\":\"ListItem\",\"@id\":\"https:\\\/\\\/www.encontracentrosaopaulo.com.br\\\/sobre\\\/times-square-de-sp-tribunal-de-justica-nega-pedido-de-prefeitura-e-mantem-suspensao-de-projeto-na-capital\\\/#listItem\",\"position\":3,\"name\":\"Times Square&#8217; de SP: Tribunal de Justi\\u00e7a nega pedido de Prefeitura e mant\\u00e9m suspens\\u00e3o de projeto na capital\",\"previousItem\":{\"@type\":\"ListItem\",\"@id\":\"https:\\\/\\\/www.encontracentrosaopaulo.com.br\\\/sobre\\\/noticias-no-centro-sp\\\/#listItem\",\"name\":\"Not\\u00edcias Centro SP\"}}]},{\"@type\":\"Organization\",\"@id\":\"https:\\\/\\\/www.encontracentrosaopaulo.com.br\\\/sobre\\\/#organization\",\"name\":\"Encontra Centro SP\",\"description\":\"Not\\u00edcias, eventos, informa\\u00e7\\u00f5es e dicas na cidade de Centro SP e regi\\u00e3o.\",\"url\":\"https:\\\/\\\/www.encontracentrosaopaulo.com.br\\\/sobre\\\/\"},{\"@type\":\"Person\",\"@id\":\"https:\\\/\\\/www.encontracentrosaopaulo.com.br\\\/sobre\\\/author\\\/ecentrosaopaulo\\\/#author\",\"url\":\"https:\\\/\\\/www.encontracentrosaopaulo.com.br\\\/sobre\\\/author\\\/ecentrosaopaulo\\\/\",\"name\":\"Encontra Centro SP\",\"image\":{\"@type\":\"ImageObject\",\"@id\":\"https:\\\/\\\/www.encontracentrosaopaulo.com.br\\\/sobre\\\/times-square-de-sp-tribunal-de-justica-nega-pedido-de-prefeitura-e-mantem-suspensao-de-projeto-na-capital\\\/#authorImage\",\"url\":\"https:\\\/\\\/secure.gravatar.com\\\/avatar\\\/507340682b8270222e1f208e23198b6ae7e2c6a1033ae84e99bc6bce4f82a387?s=96&d=mm&r=g\",\"width\":96,\"height\":96,\"caption\":\"Encontra Centro SP\"}},{\"@type\":\"WebPage\",\"@id\":\"https:\\\/\\\/www.encontracentrosaopaulo.com.br\\\/sobre\\\/times-square-de-sp-tribunal-de-justica-nega-pedido-de-prefeitura-e-mantem-suspensao-de-projeto-na-capital\\\/#webpage\",\"url\":\"https:\\\/\\\/www.encontracentrosaopaulo.com.br\\\/sobre\\\/times-square-de-sp-tribunal-de-justica-nega-pedido-de-prefeitura-e-mantem-suspensao-de-projeto-na-capital\\\/\",\"name\":\"Times Square\\u2019 de SP: Tribunal de Justi\\u00e7a nega pedido de Prefeitura e mant\\u00e9m suspens\\u00e3o de projeto na capital | Encontra Centro SP\",\"description\":\"'Times Square' em S\\u00e3o Paulo \\u00e9 suspenso pela Justi\\u00e7a e provoca debate sobre revitaliza\\u00e7\\u00e3o urbana.\",\"inLanguage\":\"pt-BR\",\"isPartOf\":{\"@id\":\"https:\\\/\\\/www.encontracentrosaopaulo.com.br\\\/sobre\\\/#website\"},\"breadcrumb\":{\"@id\":\"https:\\\/\\\/www.encontracentrosaopaulo.com.br\\\/sobre\\\/times-square-de-sp-tribunal-de-justica-nega-pedido-de-prefeitura-e-mantem-suspensao-de-projeto-na-capital\\\/#breadcrumblist\"},\"author\":{\"@id\":\"https:\\\/\\\/www.encontracentrosaopaulo.com.br\\\/sobre\\\/author\\\/ecentrosaopaulo\\\/#author\"},\"creator\":{\"@id\":\"https:\\\/\\\/www.encontracentrosaopaulo.com.br\\\/sobre\\\/author\\\/ecentrosaopaulo\\\/#author\"},\"image\":{\"@type\":\"ImageObject\",\"url\":\"https:\\\/\\\/www.encontracentrosaopaulo.com.br\\\/sobre\\\/wp-content\\\/uploads\\\/times-square-de-sp-tribunal-de-justica-nega-pedido-de-prefeitura-e-mantem-suspensao-de-projeto-na-ca.webp\",\"@id\":\"https:\\\/\\\/www.encontracentrosaopaulo.com.br\\\/sobre\\\/times-square-de-sp-tribunal-de-justica-nega-pedido-de-prefeitura-e-mantem-suspensao-de-projeto-na-capital\\\/#mainImage\",\"width\":280,\"height\":280,\"caption\":\"Times Square SP\"},\"primaryImageOfPage\":{\"@id\":\"https:\\\/\\\/www.encontracentrosaopaulo.com.br\\\/sobre\\\/times-square-de-sp-tribunal-de-justica-nega-pedido-de-prefeitura-e-mantem-suspensao-de-projeto-na-capital\\\/#mainImage\"},\"datePublished\":\"2026-06-16T14:04:27-03:00\",\"dateModified\":\"2026-06-16T14:04:27-03:00\"},{\"@type\":\"WebSite\",\"@id\":\"https:\\\/\\\/www.encontracentrosaopaulo.com.br\\\/sobre\\\/#website\",\"url\":\"https:\\\/\\\/www.encontracentrosaopaulo.com.br\\\/sobre\\\/\",\"name\":\"Encontra Centro SP\",\"description\":\"Not\\u00edcias, eventos, informa\\u00e7\\u00f5es e dicas na cidade de Centro SP e regi\\u00e3o.\",\"inLanguage\":\"pt-BR\",\"publisher\":{\"@id\":\"https:\\\/\\\/www.encontracentrosaopaulo.com.br\\\/sobre\\\/#organization\"}}]}\n\t\t<\/script>\n\t\t<!-- All in One SEO -->\n\n","aioseo_head_json":{"title":"Times Square\u2019 de SP: Tribunal de Justi\u00e7a nega pedido de Prefeitura e mant\u00e9m suspens\u00e3o de projeto na capital | Encontra Centro SP","description":"'Times Square' em S\u00e3o Paulo \u00e9 suspenso pela Justi\u00e7a e provoca debate sobre revitaliza\u00e7\u00e3o urbana.","canonical_url":"https:\/\/www.encontracentrosaopaulo.com.br\/sobre\/times-square-de-sp-tribunal-de-justica-nega-pedido-de-prefeitura-e-mantem-suspensao-de-projeto-na-capital\/","robots":"max-image-preview:large","keywords":"","webmasterTools":{"miscellaneous":""},"schema":{"@context":"https:\/\/schema.org","@graph":[{"@type":"Article","@id":"https:\/\/www.encontracentrosaopaulo.com.br\/sobre\/times-square-de-sp-tribunal-de-justica-nega-pedido-de-prefeitura-e-mantem-suspensao-de-projeto-na-capital\/#article","name":"Times Square\u2019 de SP: Tribunal de Justi\u00e7a nega pedido de Prefeitura e mant\u00e9m suspens\u00e3o de projeto na capital | Encontra Centro SP","headline":"Times Square&#8217; de SP: Tribunal de Justi\u00e7a nega pedido de Prefeitura e mant\u00e9m suspens\u00e3o de projeto na capital","author":{"@id":"https:\/\/www.encontracentrosaopaulo.com.br\/sobre\/author\/ecentrosaopaulo\/#author"},"publisher":{"@id":"https:\/\/www.encontracentrosaopaulo.com.br\/sobre\/#organization"},"image":{"@type":"ImageObject","url":"https:\/\/www.encontracentrosaopaulo.com.br\/sobre\/wp-content\/uploads\/times-square-de-sp-tribunal-de-justica-nega-pedido-de-prefeitura-e-mantem-suspensao-de-projeto-na-ca.webp","width":280,"height":280,"caption":"Times Square SP"},"datePublished":"2026-06-16T14:04:27-03:00","dateModified":"2026-06-16T14:04:27-03:00","inLanguage":"pt-BR","mainEntityOfPage":{"@id":"https:\/\/www.encontracentrosaopaulo.com.br\/sobre\/times-square-de-sp-tribunal-de-justica-nega-pedido-de-prefeitura-e-mantem-suspensao-de-projeto-na-capital\/#webpage"},"isPartOf":{"@id":"https:\/\/www.encontracentrosaopaulo.com.br\/sobre\/times-square-de-sp-tribunal-de-justica-nega-pedido-de-prefeitura-e-mantem-suspensao-de-projeto-na-capital\/#webpage"},"articleSection":"Not\u00edcias Centro SP"},{"@type":"BreadcrumbList","@id":"https:\/\/www.encontracentrosaopaulo.com.br\/sobre\/times-square-de-sp-tribunal-de-justica-nega-pedido-de-prefeitura-e-mantem-suspensao-de-projeto-na-capital\/#breadcrumblist","itemListElement":[{"@type":"ListItem","@id":"https:\/\/www.encontracentrosaopaulo.com.br\/sobre#listItem","position":1,"name":"In\u00edcio","item":"https:\/\/www.encontracentrosaopaulo.com.br\/sobre","nextItem":{"@type":"ListItem","@id":"https:\/\/www.encontracentrosaopaulo.com.br\/sobre\/noticias-no-centro-sp\/#listItem","name":"Not\u00edcias Centro SP"}},{"@type":"ListItem","@id":"https:\/\/www.encontracentrosaopaulo.com.br\/sobre\/noticias-no-centro-sp\/#listItem","position":2,"name":"Not\u00edcias Centro SP","item":"https:\/\/www.encontracentrosaopaulo.com.br\/sobre\/noticias-no-centro-sp\/","nextItem":{"@type":"ListItem","@id":"https:\/\/www.encontracentrosaopaulo.com.br\/sobre\/times-square-de-sp-tribunal-de-justica-nega-pedido-de-prefeitura-e-mantem-suspensao-de-projeto-na-capital\/#listItem","name":"Times Square&#8217; de SP: Tribunal de Justi\u00e7a nega pedido de Prefeitura e mant\u00e9m suspens\u00e3o de projeto na capital"},"previousItem":{"@type":"ListItem","@id":"https:\/\/www.encontracentrosaopaulo.com.br\/sobre#listItem","name":"In\u00edcio"}},{"@type":"ListItem","@id":"https:\/\/www.encontracentrosaopaulo.com.br\/sobre\/times-square-de-sp-tribunal-de-justica-nega-pedido-de-prefeitura-e-mantem-suspensao-de-projeto-na-capital\/#listItem","position":3,"name":"Times Square&#8217; de SP: Tribunal de Justi\u00e7a nega pedido de Prefeitura e mant\u00e9m suspens\u00e3o de projeto na capital","previousItem":{"@type":"ListItem","@id":"https:\/\/www.encontracentrosaopaulo.com.br\/sobre\/noticias-no-centro-sp\/#listItem","name":"Not\u00edcias Centro SP"}}]},{"@type":"Organization","@id":"https:\/\/www.encontracentrosaopaulo.com.br\/sobre\/#organization","name":"Encontra Centro SP","description":"Not\u00edcias, eventos, informa\u00e7\u00f5es e dicas na cidade de Centro SP e regi\u00e3o.","url":"https:\/\/www.encontracentrosaopaulo.com.br\/sobre\/"},{"@type":"Person","@id":"https:\/\/www.encontracentrosaopaulo.com.br\/sobre\/author\/ecentrosaopaulo\/#author","url":"https:\/\/www.encontracentrosaopaulo.com.br\/sobre\/author\/ecentrosaopaulo\/","name":"Encontra Centro SP","image":{"@type":"ImageObject","@id":"https:\/\/www.encontracentrosaopaulo.com.br\/sobre\/times-square-de-sp-tribunal-de-justica-nega-pedido-de-prefeitura-e-mantem-suspensao-de-projeto-na-capital\/#authorImage","url":"https:\/\/secure.gravatar.com\/avatar\/507340682b8270222e1f208e23198b6ae7e2c6a1033ae84e99bc6bce4f82a387?s=96&d=mm&r=g","width":96,"height":96,"caption":"Encontra Centro SP"}},{"@type":"WebPage","@id":"https:\/\/www.encontracentrosaopaulo.com.br\/sobre\/times-square-de-sp-tribunal-de-justica-nega-pedido-de-prefeitura-e-mantem-suspensao-de-projeto-na-capital\/#webpage","url":"https:\/\/www.encontracentrosaopaulo.com.br\/sobre\/times-square-de-sp-tribunal-de-justica-nega-pedido-de-prefeitura-e-mantem-suspensao-de-projeto-na-capital\/","name":"Times Square\u2019 de SP: Tribunal de Justi\u00e7a nega pedido de Prefeitura e mant\u00e9m suspens\u00e3o de projeto na capital | Encontra Centro SP","description":"'Times Square' em S\u00e3o Paulo \u00e9 suspenso pela Justi\u00e7a e provoca debate sobre revitaliza\u00e7\u00e3o urbana.","inLanguage":"pt-BR","isPartOf":{"@id":"https:\/\/www.encontracentrosaopaulo.com.br\/sobre\/#website"},"breadcrumb":{"@id":"https:\/\/www.encontracentrosaopaulo.com.br\/sobre\/times-square-de-sp-tribunal-de-justica-nega-pedido-de-prefeitura-e-mantem-suspensao-de-projeto-na-capital\/#breadcrumblist"},"author":{"@id":"https:\/\/www.encontracentrosaopaulo.com.br\/sobre\/author\/ecentrosaopaulo\/#author"},"creator":{"@id":"https:\/\/www.encontracentrosaopaulo.com.br\/sobre\/author\/ecentrosaopaulo\/#author"},"image":{"@type":"ImageObject","url":"https:\/\/www.encontracentrosaopaulo.com.br\/sobre\/wp-content\/uploads\/times-square-de-sp-tribunal-de-justica-nega-pedido-de-prefeitura-e-mantem-suspensao-de-projeto-na-ca.webp","@id":"https:\/\/www.encontracentrosaopaulo.com.br\/sobre\/times-square-de-sp-tribunal-de-justica-nega-pedido-de-prefeitura-e-mantem-suspensao-de-projeto-na-capital\/#mainImage","width":280,"height":280,"caption":"Times Square SP"},"primaryImageOfPage":{"@id":"https:\/\/www.encontracentrosaopaulo.com.br\/sobre\/times-square-de-sp-tribunal-de-justica-nega-pedido-de-prefeitura-e-mantem-suspensao-de-projeto-na-capital\/#mainImage"},"datePublished":"2026-06-16T14:04:27-03:00","dateModified":"2026-06-16T14:04:27-03:00"},{"@type":"WebSite","@id":"https:\/\/www.encontracentrosaopaulo.com.br\/sobre\/#website","url":"https:\/\/www.encontracentrosaopaulo.com.br\/sobre\/","name":"Encontra Centro SP","description":"Not\u00edcias, eventos, informa\u00e7\u00f5es e dicas na cidade de Centro SP e regi\u00e3o.","inLanguage":"pt-BR","publisher":{"@id":"https:\/\/www.encontracentrosaopaulo.com.br\/sobre\/#organization"}}]},"og:locale":"pt_BR","og:site_name":"Encontra Centro SP | Not\u00edcias, eventos, informa\u00e7\u00f5es e dicas na cidade de Centro SP e regi\u00e3o.","og:type":"article","og:title":"Times Square\u2019 de SP: Tribunal de Justi\u00e7a nega pedido de Prefeitura e mant\u00e9m suspens\u00e3o de projeto na capital | Encontra Centro SP","og:description":"'Times Square' em S\u00e3o Paulo \u00e9 suspenso pela Justi\u00e7a e provoca debate sobre revitaliza\u00e7\u00e3o urbana.","og:url":"https:\/\/www.encontracentrosaopaulo.com.br\/sobre\/times-square-de-sp-tribunal-de-justica-nega-pedido-de-prefeitura-e-mantem-suspensao-de-projeto-na-capital\/","article:published_time":"2026-06-16T17:04:27+00:00","article:modified_time":"2026-06-16T17:04:27+00:00","twitter:card":"summary","twitter:title":"Times Square\u2019 de SP: Tribunal de Justi\u00e7a nega pedido de Prefeitura e mant\u00e9m suspens\u00e3o de projeto na capital | Encontra Centro SP","twitter:description":"'Times Square' em S\u00e3o Paulo \u00e9 suspenso pela Justi\u00e7a e provoca debate sobre revitaliza\u00e7\u00e3o urbana."},"aioseo_meta_data":{"post_id":"6693","title":null,"description":null,"keywords":null,"keyphrases":null,"primary_term":null,"canonical_url":null,"og_title":null,"og_description":null,"og_object_type":"default","og_image_type":"default","og_image_url":null,"og_image_width":null,"og_image_height":null,"og_image_custom_url":null,"og_image_custom_fields":null,"og_video":null,"og_custom_url":null,"og_article_section":null,"og_article_tags":null,"twitter_use_og":false,"twitter_card":"default","twitter_image_type":"default","twitter_image_url":null,"twitter_image_custom_url":null,"twitter_image_custom_fields":null,"twitter_title":null,"twitter_description":null,"schema":{"blockGraphs":[],"customGraphs":[],"default":{"data":{"Article":[],"Course":[],"Dataset":[],"FAQPage":[],"Movie":[],"Person":[],"Product":[],"ProductReview":[],"Car":[],"Recipe":[],"Service":[],"SoftwareApplication":[],"WebPage":[]},"graphName":"Article","isEnabled":true},"graphs":[]},"schema_type":"default","schema_type_options":null,"pillar_content":false,"robots_default":true,"robots_noindex":false,"robots_noarchive":false,"robots_nosnippet":false,"robots_nofollow":false,"robots_noimageindex":false,"robots_noodp":false,"robots_notranslate":false,"robots_max_snippet":null,"robots_max_videopreview":null,"robots_max_imagepreview":"large","priority":null,"frequency":null,"local_seo":null,"breadcrumb_settings":null,"limit_modified_date":false,"ai":null,"created":"2026-06-16 17:04:29","updated":"2026-06-16 17:05:42","seo_analyzer_scan_date":null,"focus_keyword":null,"additional_keywords":null,"truseo_locale":null},"aioseo_breadcrumb":"<div class=\"aioseo-breadcrumbs\"><span class=\"aioseo-breadcrumb\">\n\t\t\t<a href=\"https:\/\/www.encontracentrosaopaulo.com.br\/sobre\" title=\"In\u00edcio\">In\u00edcio<\/a>\n\t\t<\/span><span class=\"aioseo-breadcrumb-separator\">&raquo;<\/span><span class=\"aioseo-breadcrumb\">\n\t\t\t<a href=\"https:\/\/www.encontracentrosaopaulo.com.br\/sobre\/noticias-no-centro-sp\/\" title=\"Not\u00edcias Centro SP\">Not\u00edcias Centro SP<\/a>\n\t\t<\/span><span class=\"aioseo-breadcrumb-separator\">&raquo;<\/span><span class=\"aioseo-breadcrumb\">\n\t\t\tTimes Square\u2019 de SP: Tribunal de Justi\u00e7a nega pedido de Prefeitura e mant\u00e9m suspens\u00e3o de projeto na capital\n\t\t<\/span><\/div>","aioseo_breadcrumb_json":[{"label":"In\u00edcio","link":"https:\/\/www.encontracentrosaopaulo.com.br\/sobre"},{"label":"Not\u00edcias Centro SP","link":"https:\/\/www.encontracentrosaopaulo.com.br\/sobre\/noticias-no-centro-sp\/"},{"label":"Times Square&#8217; de SP: Tribunal de Justi\u00e7a nega pedido de Prefeitura e mant\u00e9m suspens\u00e3o de projeto na capital","link":"https:\/\/www.encontracentrosaopaulo.com.br\/sobre\/times-square-de-sp-tribunal-de-justica-nega-pedido-de-prefeitura-e-mantem-suspensao-de-projeto-na-capital\/"}],"_links":{"self":[{"href":"https:\/\/www.encontracentrosaopaulo.com.br\/sobre\/wp-json\/wp\/v2\/posts\/6693","targetHints":{"allow":["GET"]}}],"collection":[{"href":"https:\/\/www.encontracentrosaopaulo.com.br\/sobre\/wp-json\/wp\/v2\/posts"}],"about":[{"href":"https:\/\/www.encontracentrosaopaulo.com.br\/sobre\/wp-json\/wp\/v2\/types\/post"}],"author":[{"embeddable":true,"href":"https:\/\/www.encontracentrosaopaulo.com.br\/sobre\/wp-json\/wp\/v2\/users\/1"}],"replies":[{"embeddable":true,"href":"https:\/\/www.encontracentrosaopaulo.com.br\/sobre\/wp-json\/wp\/v2\/comments?post=6693"}],"version-history":[{"count":0,"href":"https:\/\/www.encontracentrosaopaulo.com.br\/sobre\/wp-json\/wp\/v2\/posts\/6693\/revisions"}],"wp:featuredmedia":[{"embeddable":true,"href":"https:\/\/www.encontracentrosaopaulo.com.br\/sobre\/wp-json\/wp\/v2\/media\/6692"}],"wp:attachment":[{"href":"https:\/\/www.encontracentrosaopaulo.com.br\/sobre\/wp-json\/wp\/v2\/media?parent=6693"}],"wp:term":[{"taxonomy":"category","embeddable":true,"href":"https:\/\/www.encontracentrosaopaulo.com.br\/sobre\/wp-json\/wp\/v2\/categories?post=6693"},{"taxonomy":"post_tag","embeddable":true,"href":"https:\/\/www.encontracentrosaopaulo.com.br\/sobre\/wp-json\/wp\/v2\/tags?post=6693"}],"curies":[{"name":"wp","href":"https:\/\/api.w.org\/{rel}","templated":true}]}}