{"id":6717,"date":"2026-06-21T14:43:48","date_gmt":"2026-06-21T17:43:48","guid":{"rendered":"https:\/\/www.encontracentrosaopaulo.com.br\/sobre\/alessandra-leao-pinduca-e-zeca-baleiro-participam-da-festa-junina-da-casa-de-francisca-no-centro-de-sao-paulo\/"},"modified":"2026-06-21T14:43:48","modified_gmt":"2026-06-21T17:43:48","slug":"alessandra-leao-pinduca-e-zeca-baleiro-participam-da-festa-junina-da-casa-de-francisca-no-centro-de-sao-paulo","status":"publish","type":"post","link":"https:\/\/www.encontracentrosaopaulo.com.br\/sobre\/alessandra-leao-pinduca-e-zeca-baleiro-participam-da-festa-junina-da-casa-de-francisca-no-centro-de-sao-paulo\/","title":{"rendered":"Alessandra Le\u00e3o, Pinduca e Zeca Baleiro participam da festa junina da Casa de Francisca, no centro de S\u00e3o Paulo"},"content":{"rendered":"<div class=\"d6585b5127f45a35450431d0abc3f90c\" data-index=\"1\" style=\"float: none; margin:0px;\">\n<!-- Anuncio display - global -->\r\n<ins class=\"adsbygoogle\"\r\n     style=\"display:block\"\r\n     data-ad-client=\"ca-pub-8585364105181520\"\r\n     data-ad-slot=\"8789329856\"\r\n     data-ad-format=\"auto\"\r\n     data-full-width-responsive=\"true\"><\/ins>\r\n<script>\r\n     (adsbygoogle = window.adsbygoogle || []).push({});\r\n<\/script>\n<\/div>\n<h2>Festa Junina da Casa de Francisca<\/h2>\n<p>A Casa de Francisca, um renomado espa\u00e7o de eventos localizado no centro hist\u00f3rico de S\u00e3o Paulo, acolher\u00e1 sua tradicional Festa Junina nos dias 21 e 28 de junho. Este evento, que se destaca por sua programa\u00e7\u00e3o diversificada e atra\u00e7\u00f5es de qualidade, \u00e9 inspirado no legado musical de <strong>Luiz Gonzaga<\/strong>. Durante os dois domingos do evento, o Largo da Miseric\u00f3rdia se tornar\u00e1 um ponto de encontro de fam\u00edlias e amigos, oferecendo uma experi\u00eancia repleta de m\u00fasica, dan\u00e7a e pratos t\u00edpicos.<\/p>\n<h2>Atra\u00e7\u00f5es Musicais da Festa Junina<\/h2>\n<p>O evento contar\u00e1 com uma sele\u00e7\u00e3o ecl\u00e9tica de apresenta\u00e7\u00f5es musicais que envolvem diversos ritmos populares. A programa\u00e7\u00e3o ter\u00e1 como destaque o <strong>encontro entre o Trio Mana Flor e Zeca Baleiro<\/strong>, prometendo um show in\u00e9dito e emocionante no primeiro domingo. No seguinte, o ic\u00f4nico Pinduca, conhecido por suas contribui\u00e7\u00f5es ao <strong>carimb\u00f3<\/strong> e \u00e0 m\u00fasica amaz\u00f4nica, trar\u00e1 sua energia contagiante ao p\u00fablico.<\/p>\n<h2>Programa\u00e7\u00e3o In\u00e9dita com Zeca Baleiro<\/h2>\n<p>O show com Zeca Baleiro, que ocorrer\u00e1 no dia 21, ser\u00e1 uma oportunidade imperd\u00edvel para os f\u00e3s da m\u00fasica brasileira. Ele traz uma mistura de estilos e letras profundas, proporcionando uma experi\u00eancia \u00fanica aos presentes. A intera\u00e7\u00e3o entre o Trio Mana Flor e Zeca promete criar um ambiente de celebra\u00e7\u00e3o e nostalgia, refletindo a riqueza cultural do Nordeste.<\/p>\n<p><img decoding=\"async\" src=\"https:\/\/www.encontracentrosaopaulo.com.br\/sobre\/wp-content\/uploads\/alessandra-leao-pinduca-e-zeca-baleiro-participam-da-festa-junina-da-casa-de-francisca-no-centro-de-.webp\" alt=\"Festa Junina da Casa de Francisca\" loading=\"lazy\" \/><\/p>\n<h2>Del\u00edcias T\u00edpicas nas Barracas<\/h2>\n<p>Al\u00e9m das apresenta\u00e7\u00f5es musicais, a Festa Junina da Casa de Francisca ser\u00e1 uma verdadeira festa gastron\u00f4mica. As tradicionais barracas de comidas t\u00edpicas estar\u00e3o presentes, oferecendo pratos cl\u00e1ssicos como:<\/p>\n<ul>\n<li><strong>Pamonha<\/strong><\/li>\n<li><strong>Quent\u00e3o<\/strong><\/li>\n<li><strong>Bolo de milho<\/strong><\/li>\n<li><strong>Canjica<\/strong><\/li>\n<li><strong>Pa\u00e7oca<\/strong><\/li>\n<\/ul>\n<p>Essas iguarias proporcionar\u00e3o uma verdadeira imers\u00e3o na cultura junina, evocando as tradi\u00e7\u00f5es do interior paulista e nordestino.<\/p>\n<h2>Atividades para Crian\u00e7as e Adultos<\/h2>\n<p>O evento ser\u00e1 inclusivo, oferecendo diversas op\u00e7\u00f5es de entretenimento para todas as idades. Dentre as atividades programadas, destacam-se:<\/p>\n<ul>\n<li><strong>Bingo Musical:<\/strong> Numa vers\u00e3o divertida do bingo convencional, trechos de m\u00fasicas substituir\u00e3o os n\u00fameros, garantindo divers\u00e3o para a fam\u00edlia toda.<\/li>\n<li><strong>Caravana L\u00fadica de Jogos do Mundo:<\/strong> Uma atividade que convida crian\u00e7as, jovens e adultos a explorar mais de dez jogos tradicionais provenientes de diferentes culturas, todos feitos \u00e0 m\u00e3o.<\/li>\n<\/ul>\n<p>Essas atra\u00e7\u00f5es t\u00eam como objetivo estimular a intera\u00e7\u00e3o entre os participantes e resgatar a ess\u00eancia l\u00fadica das festas juninas.<\/p>\n<h2>O Encontro de R\u00edtmos e Tradi\u00e7\u00f5es<\/h2>\n<p>A programa\u00e7\u00e3o musical n\u00e3o se limitou a Zeca Baleiro e Pinduca; outros artistas e grupos tamb\u00e9m far\u00e3o parte do lineup, trazendo uma variedade de estilos. Entre eles est\u00e3o:<\/p>\n<ul>\n<li><strong>Ann\u00e1<\/strong><\/li>\n<li><strong>Charanga do Fran\u00e7a<\/strong><\/li>\n<li><strong>Rom Santana<\/strong><\/li>\n<li><strong>Forr\u00f3 dos Ratos<\/strong><\/li>\n<li><strong>Forr\u00f3 das Minas<\/strong><\/li>\n<li><strong>Grupo Cachuera!<\/strong><\/li>\n<li><strong>Juliana Siqueira<\/strong><\/li>\n<li><strong>Pequena Orquestra Interativa (POIN)<\/strong><\/li>\n<\/ul>\n<p>Estes grupos trar\u00e3o ritmos que v\u00e3o desde o <strong>forr\u00f3<\/strong> at\u00e9 o <strong>coco<\/strong>, passando por influ\u00eancias contempor\u00e2neas, criando um rico mosaico sonoro que celebra as tradi\u00e7\u00f5es brasileiras.<\/p>\n<h2>Pinduca e a M\u00fasica da Amaz\u00f4nia<\/h2>\n<p>Pinduca, um verdadeiro \u00edcone da m\u00fasica da Amaz\u00f4nia, \u00e9 conhecido por suas letras que evocam a natureza e as tradi\u00e7\u00f5es do seu povo. Seu show no dia 28 promete ser um espet\u00e1culo n\u00e3o apenas musical, mas tamb\u00e9m cultural, trazendo para o palco a ess\u00eancia da regi\u00e3o amaz\u00f4nica. A sua participa\u00e7\u00e3o \u00e9 uma homenagem \u00e0 diversidade musical do Brasil, destacando as influ\u00eancias regionais que moldaram a identidade musical do pa\u00eds.<\/p>\n<h2>Alessandra Le\u00e3o e sua Trajet\u00f3ria<\/h2>\n<p>Alessandra Le\u00e3o tamb\u00e9m se apresenta na Festa Junina e \u00e9 reconhecida por seu trabalho que mescla <strong>cultura popular<\/strong> e <strong>m\u00fasica contempor\u00e2nea<\/strong>. Sua trajet\u00f3ria art\u00edstica envolve a pesquisa e valoriza\u00e7\u00e3o das tradi\u00e7\u00f5es musicais do Nordeste, trazendo uma abordagem inovadora que encanta o p\u00fablico. Os espectadores ter\u00e3o a chance de degustar n\u00e3o apenas suas can\u00e7\u00f5es, mas tamb\u00e9m seu compromisso com a preserva\u00e7\u00e3o da cultura popular.<\/p>\n<h2>O Que Esperar dos Shows<\/h2>\n<p>Os shows prometem ser uma celebra\u00e7\u00e3o vibrante da cultura brasileira. Por meio da mistura de ritmos e da diversidade de artistas, a Casa de Francisca se tornar\u00e1 um microcosmo da rica tape\u00e7aria cultural do Brasil. Espera-se que o p\u00fablico participe ativamente, cantando e dan\u00e7ando, valorizando assim cada apresenta\u00e7\u00e3o.<\/p>\n<h2>Import\u00e2ncia Cultural da Festa Junina<\/h2>\n<p>A Festa Junina \u00e9 uma das tradi\u00e7\u00f5es mais celebradas no Brasil, simbolizando a uni\u00e3o de comunidades em torno das suas ra\u00edzes culturais. Para muitos, representa uma oportunidade de reencontro, celebra\u00e7\u00e3o e preserva\u00e7\u00e3o das tradi\u00e7\u00f5es. Eventos como o da Casa de Francisca s\u00e3o fundamentais para manter vivas essas express\u00f5es culturais, unindo pessoas de todas as idades e oriundas de diferentes contextos sociais.<\/p>\n<h2>Acessibilidade e Conforto no Evento<\/h2>\n<p>A organiza\u00e7\u00e3o da Festa Junina da Casa de Francisca preza pela acessibilidade, garantindo que todos possam desfrutar da programa\u00e7\u00e3o. O espa\u00e7o conta com rampas e elevadores, proporcionando a inclus\u00e3o de pessoas com mobilidade reduzida e fam\u00edlias com carrinhos de beb\u00ea. Isso demonstra o compromisso em atender a todos os participantes, assegurando uma experi\u00eancia confort\u00e1vel e acolhedora.<\/p>\n<h2>Servi\u00e7o<\/h2>\n<p><strong>Festa Junina da Casa de Francisca<\/strong><br \/>\nDatas: 21 e 28 de junho de 2026<br \/>\nHor\u00e1rio: das 11h \u00e0s 22h<br \/>\nLocal: Casa de Francisca e Largo da Miseric\u00f3rdia<br \/>\nEndere\u00e7o: Rua Quintino Bocai\u00fava, 22, Centro Hist\u00f3rico de S\u00e3o Paulo<br \/>\nClassifica\u00e7\u00e3o indicativa: livre<br \/>\nAcessibilidade: todos os espa\u00e7os contam com elevador e rampas de acesso<br \/>\nReservas e ingressos: dispon\u00edveis no site da Casa de Francisca.<\/p>\n<h2>Programa\u00e7\u00e3o Detalhada<\/h2>\n<p><strong>Domingo 21 de junho<\/strong><br \/>\n11h \u2014 Cris Barulins \/\/ Can\u00e7\u00f5es Juninas [Por\u00e3o]<br \/>\n12h \u00e0s 16h \u2014 Caravana L\u00fadica [Largo] gratuito<br \/>\n12h \u00e0s 14h30 \u2014 Forr\u00f3 dos Ratos [Largo] gratuito<br \/>\n13h e 16h \u2014 Almo\u00e7o e M\u00fasica \/ Ann\u00e1 canta Gonzag\u00e3o [Sal\u00e3o]<br \/>\n14h30 \u2014 Forr\u00f3 das Minas [Largo] gratuito<br \/>\n14h \u00e0s 18h30 \u2014 Bingo [Por\u00e3o] cartelas \u00e0 venda na entrada<br \/>\n17h \u2014 Charanga do Fran\u00e7a \/\/ Forr\u00f3 no Baile [Largo] gratuito<br \/>\n19h \u2014 Baile da Mana Flor convida Zeca Baleiro [Largo] gratuito<br \/>\n20h30 \u2014 Rom Santana [Por\u00e3o]<\/p>\n<p><strong>Domingo 28 de junho<\/strong><br \/>\n11h \u2014 Poin \/\/ Pequena Orquestra Interativa [Por\u00e3o]<br \/>\n12h \u00e0s 16h \u2014 Caravana L\u00fadica [Largo] gratuito<br \/>\n12h \u00e0s 14h30 \u2014 Forr\u00f3 dos Ratos [Largo] gratuito<br \/>\n13h e 16h \u2014 Almo\u00e7o e M\u00fasica \/ Forr\u00f3 do Moura [Sal\u00e3o]<br \/>\n14h30 \u2014 Grupo Cachuera! \/\/ Congada e brincadeiras de terreiro [Largo] gratuito<br \/>\n14h \u00e0s 18h30 \u2014 Bingo [Por\u00e3o] cartelas \u00e0 venda na entrada<br \/>\n17h \u2014 Sapopemba convida Alessandra Le\u00e3o [Largo] gratuito<br \/>\n19h \u2014 Pinduca [Largo] gratuito<br \/>\n20h30 \u2014 Juliana Siqueira [Por\u00e3o]<\/p>\n\n<div style=\"font-size: 0px; height: 0px; line-height: 0px; margin: 0; padding: 0; clear: both;\"><\/div>","protected":false},"excerpt":{"rendered":"<p>Festa Junina da Casa de Francisca re\u00fane grandes artistas e tradi\u00e7\u00f5es.<\/p>\n","protected":false},"author":1,"featured_media":6716,"comment_status":"open","ping_status":"closed","sticky":false,"template":"","format":"standard","meta":{"footnotes":""},"categories":[6],"tags":[],"class_list":["post-6717","post","type-post","status-publish","format-standard","has-post-thumbnail","hentry","category-noticias-no-centro-sp","has_thumb"],"aioseo_notices":[],"aioseo_head":"\n\t\t<!-- All in One SEO 5.0.0.1 - aioseo.com -->\n\t<meta name=\"description\" content=\"Festa Junina da Casa de Francisca re\u00fane grandes artistas e tradi\u00e7\u00f5es.\" \/>\n\t<meta name=\"robots\" content=\"max-image-preview:large\" \/>\n\t<meta name=\"author\" content=\"Encontra Centro SP\"\/>\n\t<link rel=\"canonical\" href=\"https:\/\/www.encontracentrosaopaulo.com.br\/sobre\/alessandra-leao-pinduca-e-zeca-baleiro-participam-da-festa-junina-da-casa-de-francisca-no-centro-de-sao-paulo\/\" \/>\n\t<meta name=\"generator\" content=\"All in One SEO (AIOSEO) 5.0.0.1\" \/>\n\t\t<meta property=\"og:locale\" content=\"pt_BR\" \/>\n\t\t<meta property=\"og:site_name\" content=\"Encontra Centro SP | Not\u00edcias, eventos, informa\u00e7\u00f5es e dicas na cidade de Centro SP e regi\u00e3o.\" \/>\n\t\t<meta property=\"og:type\" content=\"article\" \/>\n\t\t<meta property=\"og:title\" content=\"Alessandra Le\u00e3o, Pinduca e Zeca Baleiro participam da festa junina da Casa de Francisca, no centro de S\u00e3o Paulo | Encontra Centro SP\" \/>\n\t\t<meta property=\"og:description\" content=\"Festa Junina da Casa de Francisca re\u00fane grandes artistas e tradi\u00e7\u00f5es.\" \/>\n\t\t<meta property=\"og:url\" content=\"https:\/\/www.encontracentrosaopaulo.com.br\/sobre\/alessandra-leao-pinduca-e-zeca-baleiro-participam-da-festa-junina-da-casa-de-francisca-no-centro-de-sao-paulo\/\" \/>\n\t\t<meta property=\"article:published_time\" content=\"2026-06-21T17:43:48+00:00\" \/>\n\t\t<meta property=\"article:modified_time\" content=\"2026-06-21T17:43:48+00:00\" \/>\n\t\t<meta name=\"twitter:card\" content=\"summary\" \/>\n\t\t<meta name=\"twitter:title\" content=\"Alessandra Le\u00e3o, Pinduca e Zeca Baleiro participam da festa junina da Casa de Francisca, no centro de S\u00e3o Paulo | Encontra Centro SP\" \/>\n\t\t<meta name=\"twitter:description\" content=\"Festa Junina da Casa de Francisca re\u00fane grandes artistas e tradi\u00e7\u00f5es.\" \/>\n\t\t<script type=\"application\/ld+json\" class=\"aioseo-schema\">\n\t\t\t{\"@context\":\"https:\\\/\\\/schema.org\",\"@graph\":[{\"@type\":\"Article\",\"@id\":\"https:\\\/\\\/www.encontracentrosaopaulo.com.br\\\/sobre\\\/alessandra-leao-pinduca-e-zeca-baleiro-participam-da-festa-junina-da-casa-de-francisca-no-centro-de-sao-paulo\\\/#article\",\"name\":\"Alessandra Le\\u00e3o, Pinduca e Zeca Baleiro participam da festa junina da Casa de Francisca, no centro de S\\u00e3o Paulo | Encontra Centro SP\",\"headline\":\"Alessandra Le\\u00e3o, Pinduca e Zeca Baleiro participam da festa junina da Casa de Francisca, no centro de S\\u00e3o Paulo\",\"author\":{\"@id\":\"https:\\\/\\\/www.encontracentrosaopaulo.com.br\\\/sobre\\\/author\\\/ecentrosaopaulo\\\/#author\"},\"publisher\":{\"@id\":\"https:\\\/\\\/www.encontracentrosaopaulo.com.br\\\/sobre\\\/#organization\"},\"image\":{\"@type\":\"ImageObject\",\"url\":\"https:\\\/\\\/www.encontracentrosaopaulo.com.br\\\/sobre\\\/wp-content\\\/uploads\\\/alessandra-leao-pinduca-e-zeca-baleiro-participam-da-festa-junina-da-casa-de-francisca-no-centro-de-.webp\",\"width\":280,\"height\":280,\"caption\":\"Festa Junina da Casa de Francisca\"},\"datePublished\":\"2026-06-21T14:43:48-03:00\",\"dateModified\":\"2026-06-21T14:43:48-03:00\",\"inLanguage\":\"pt-BR\",\"mainEntityOfPage\":{\"@id\":\"https:\\\/\\\/www.encontracentrosaopaulo.com.br\\\/sobre\\\/alessandra-leao-pinduca-e-zeca-baleiro-participam-da-festa-junina-da-casa-de-francisca-no-centro-de-sao-paulo\\\/#webpage\"},\"isPartOf\":{\"@id\":\"https:\\\/\\\/www.encontracentrosaopaulo.com.br\\\/sobre\\\/alessandra-leao-pinduca-e-zeca-baleiro-participam-da-festa-junina-da-casa-de-francisca-no-centro-de-sao-paulo\\\/#webpage\"},\"articleSection\":\"Not\\u00edcias Centro SP\"},{\"@type\":\"BreadcrumbList\",\"@id\":\"https:\\\/\\\/www.encontracentrosaopaulo.com.br\\\/sobre\\\/alessandra-leao-pinduca-e-zeca-baleiro-participam-da-festa-junina-da-casa-de-francisca-no-centro-de-sao-paulo\\\/#breadcrumblist\",\"itemListElement\":[{\"@type\":\"ListItem\",\"@id\":\"https:\\\/\\\/www.encontracentrosaopaulo.com.br\\\/sobre#listItem\",\"position\":1,\"name\":\"In\\u00edcio\",\"item\":\"https:\\\/\\\/www.encontracentrosaopaulo.com.br\\\/sobre\",\"nextItem\":{\"@type\":\"ListItem\",\"@id\":\"https:\\\/\\\/www.encontracentrosaopaulo.com.br\\\/sobre\\\/noticias-no-centro-sp\\\/#listItem\",\"name\":\"Not\\u00edcias Centro SP\"}},{\"@type\":\"ListItem\",\"@id\":\"https:\\\/\\\/www.encontracentrosaopaulo.com.br\\\/sobre\\\/noticias-no-centro-sp\\\/#listItem\",\"position\":2,\"name\":\"Not\\u00edcias Centro SP\",\"item\":\"https:\\\/\\\/www.encontracentrosaopaulo.com.br\\\/sobre\\\/noticias-no-centro-sp\\\/\",\"nextItem\":{\"@type\":\"ListItem\",\"@id\":\"https:\\\/\\\/www.encontracentrosaopaulo.com.br\\\/sobre\\\/alessandra-leao-pinduca-e-zeca-baleiro-participam-da-festa-junina-da-casa-de-francisca-no-centro-de-sao-paulo\\\/#listItem\",\"name\":\"Alessandra Le\\u00e3o, Pinduca e Zeca Baleiro participam da festa junina da Casa de Francisca, no centro de S\\u00e3o Paulo\"},\"previousItem\":{\"@type\":\"ListItem\",\"@id\":\"https:\\\/\\\/www.encontracentrosaopaulo.com.br\\\/sobre#listItem\",\"name\":\"In\\u00edcio\"}},{\"@type\":\"ListItem\",\"@id\":\"https:\\\/\\\/www.encontracentrosaopaulo.com.br\\\/sobre\\\/alessandra-leao-pinduca-e-zeca-baleiro-participam-da-festa-junina-da-casa-de-francisca-no-centro-de-sao-paulo\\\/#listItem\",\"position\":3,\"name\":\"Alessandra Le\\u00e3o, Pinduca e Zeca Baleiro participam da festa junina da Casa de Francisca, no centro de S\\u00e3o Paulo\",\"previousItem\":{\"@type\":\"ListItem\",\"@id\":\"https:\\\/\\\/www.encontracentrosaopaulo.com.br\\\/sobre\\\/noticias-no-centro-sp\\\/#listItem\",\"name\":\"Not\\u00edcias Centro SP\"}}]},{\"@type\":\"Organization\",\"@id\":\"https:\\\/\\\/www.encontracentrosaopaulo.com.br\\\/sobre\\\/#organization\",\"name\":\"Encontra Centro SP\",\"description\":\"Not\\u00edcias, eventos, informa\\u00e7\\u00f5es e dicas na cidade de Centro SP e regi\\u00e3o.\",\"url\":\"https:\\\/\\\/www.encontracentrosaopaulo.com.br\\\/sobre\\\/\"},{\"@type\":\"Person\",\"@id\":\"https:\\\/\\\/www.encontracentrosaopaulo.com.br\\\/sobre\\\/author\\\/ecentrosaopaulo\\\/#author\",\"url\":\"https:\\\/\\\/www.encontracentrosaopaulo.com.br\\\/sobre\\\/author\\\/ecentrosaopaulo\\\/\",\"name\":\"Encontra Centro SP\",\"image\":{\"@type\":\"ImageObject\",\"@id\":\"https:\\\/\\\/www.encontracentrosaopaulo.com.br\\\/sobre\\\/alessandra-leao-pinduca-e-zeca-baleiro-participam-da-festa-junina-da-casa-de-francisca-no-centro-de-sao-paulo\\\/#authorImage\",\"url\":\"https:\\\/\\\/secure.gravatar.com\\\/avatar\\\/507340682b8270222e1f208e23198b6ae7e2c6a1033ae84e99bc6bce4f82a387?s=96&d=mm&r=g\",\"width\":96,\"height\":96,\"caption\":\"Encontra Centro SP\"}},{\"@type\":\"WebPage\",\"@id\":\"https:\\\/\\\/www.encontracentrosaopaulo.com.br\\\/sobre\\\/alessandra-leao-pinduca-e-zeca-baleiro-participam-da-festa-junina-da-casa-de-francisca-no-centro-de-sao-paulo\\\/#webpage\",\"url\":\"https:\\\/\\\/www.encontracentrosaopaulo.com.br\\\/sobre\\\/alessandra-leao-pinduca-e-zeca-baleiro-participam-da-festa-junina-da-casa-de-francisca-no-centro-de-sao-paulo\\\/\",\"name\":\"Alessandra Le\\u00e3o, Pinduca e Zeca Baleiro participam da festa junina da Casa de Francisca, no centro de S\\u00e3o Paulo | Encontra Centro SP\",\"description\":\"Festa Junina da Casa de Francisca re\\u00fane grandes artistas e tradi\\u00e7\\u00f5es.\",\"inLanguage\":\"pt-BR\",\"isPartOf\":{\"@id\":\"https:\\\/\\\/www.encontracentrosaopaulo.com.br\\\/sobre\\\/#website\"},\"breadcrumb\":{\"@id\":\"https:\\\/\\\/www.encontracentrosaopaulo.com.br\\\/sobre\\\/alessandra-leao-pinduca-e-zeca-baleiro-participam-da-festa-junina-da-casa-de-francisca-no-centro-de-sao-paulo\\\/#breadcrumblist\"},\"author\":{\"@id\":\"https:\\\/\\\/www.encontracentrosaopaulo.com.br\\\/sobre\\\/author\\\/ecentrosaopaulo\\\/#author\"},\"creator\":{\"@id\":\"https:\\\/\\\/www.encontracentrosaopaulo.com.br\\\/sobre\\\/author\\\/ecentrosaopaulo\\\/#author\"},\"image\":{\"@type\":\"ImageObject\",\"url\":\"https:\\\/\\\/www.encontracentrosaopaulo.com.br\\\/sobre\\\/wp-content\\\/uploads\\\/alessandra-leao-pinduca-e-zeca-baleiro-participam-da-festa-junina-da-casa-de-francisca-no-centro-de-.webp\",\"@id\":\"https:\\\/\\\/www.encontracentrosaopaulo.com.br\\\/sobre\\\/alessandra-leao-pinduca-e-zeca-baleiro-participam-da-festa-junina-da-casa-de-francisca-no-centro-de-sao-paulo\\\/#mainImage\",\"width\":280,\"height\":280,\"caption\":\"Festa Junina da Casa de Francisca\"},\"primaryImageOfPage\":{\"@id\":\"https:\\\/\\\/www.encontracentrosaopaulo.com.br\\\/sobre\\\/alessandra-leao-pinduca-e-zeca-baleiro-participam-da-festa-junina-da-casa-de-francisca-no-centro-de-sao-paulo\\\/#mainImage\"},\"datePublished\":\"2026-06-21T14:43:48-03:00\",\"dateModified\":\"2026-06-21T14:43:48-03:00\"},{\"@type\":\"WebSite\",\"@id\":\"https:\\\/\\\/www.encontracentrosaopaulo.com.br\\\/sobre\\\/#website\",\"url\":\"https:\\\/\\\/www.encontracentrosaopaulo.com.br\\\/sobre\\\/\",\"name\":\"Encontra Centro SP\",\"description\":\"Not\\u00edcias, eventos, informa\\u00e7\\u00f5es e dicas na cidade de Centro SP e regi\\u00e3o.\",\"inLanguage\":\"pt-BR\",\"publisher\":{\"@id\":\"https:\\\/\\\/www.encontracentrosaopaulo.com.br\\\/sobre\\\/#organization\"}}]}\n\t\t<\/script>\n\t\t<!-- All in One SEO -->\n\n","aioseo_head_json":{"title":"Alessandra Le\u00e3o, Pinduca e Zeca Baleiro participam da festa junina da Casa de Francisca, no centro de S\u00e3o Paulo | Encontra Centro SP","description":"Festa Junina da Casa de Francisca re\u00fane grandes artistas e tradi\u00e7\u00f5es.","canonical_url":"https:\/\/www.encontracentrosaopaulo.com.br\/sobre\/alessandra-leao-pinduca-e-zeca-baleiro-participam-da-festa-junina-da-casa-de-francisca-no-centro-de-sao-paulo\/","robots":"max-image-preview:large","keywords":"","webmasterTools":{"miscellaneous":""},"schema":{"@context":"https:\/\/schema.org","@graph":[{"@type":"Article","@id":"https:\/\/www.encontracentrosaopaulo.com.br\/sobre\/alessandra-leao-pinduca-e-zeca-baleiro-participam-da-festa-junina-da-casa-de-francisca-no-centro-de-sao-paulo\/#article","name":"Alessandra Le\u00e3o, Pinduca e Zeca Baleiro participam da festa junina da Casa de Francisca, no centro de S\u00e3o Paulo | Encontra Centro SP","headline":"Alessandra Le\u00e3o, Pinduca e Zeca Baleiro participam da festa junina da Casa de Francisca, no centro de S\u00e3o Paulo","author":{"@id":"https:\/\/www.encontracentrosaopaulo.com.br\/sobre\/author\/ecentrosaopaulo\/#author"},"publisher":{"@id":"https:\/\/www.encontracentrosaopaulo.com.br\/sobre\/#organization"},"image":{"@type":"ImageObject","url":"https:\/\/www.encontracentrosaopaulo.com.br\/sobre\/wp-content\/uploads\/alessandra-leao-pinduca-e-zeca-baleiro-participam-da-festa-junina-da-casa-de-francisca-no-centro-de-.webp","width":280,"height":280,"caption":"Festa Junina da Casa de Francisca"},"datePublished":"2026-06-21T14:43:48-03:00","dateModified":"2026-06-21T14:43:48-03:00","inLanguage":"pt-BR","mainEntityOfPage":{"@id":"https:\/\/www.encontracentrosaopaulo.com.br\/sobre\/alessandra-leao-pinduca-e-zeca-baleiro-participam-da-festa-junina-da-casa-de-francisca-no-centro-de-sao-paulo\/#webpage"},"isPartOf":{"@id":"https:\/\/www.encontracentrosaopaulo.com.br\/sobre\/alessandra-leao-pinduca-e-zeca-baleiro-participam-da-festa-junina-da-casa-de-francisca-no-centro-de-sao-paulo\/#webpage"},"articleSection":"Not\u00edcias Centro SP"},{"@type":"BreadcrumbList","@id":"https:\/\/www.encontracentrosaopaulo.com.br\/sobre\/alessandra-leao-pinduca-e-zeca-baleiro-participam-da-festa-junina-da-casa-de-francisca-no-centro-de-sao-paulo\/#breadcrumblist","itemListElement":[{"@type":"ListItem","@id":"https:\/\/www.encontracentrosaopaulo.com.br\/sobre#listItem","position":1,"name":"In\u00edcio","item":"https:\/\/www.encontracentrosaopaulo.com.br\/sobre","nextItem":{"@type":"ListItem","@id":"https:\/\/www.encontracentrosaopaulo.com.br\/sobre\/noticias-no-centro-sp\/#listItem","name":"Not\u00edcias Centro SP"}},{"@type":"ListItem","@id":"https:\/\/www.encontracentrosaopaulo.com.br\/sobre\/noticias-no-centro-sp\/#listItem","position":2,"name":"Not\u00edcias Centro SP","item":"https:\/\/www.encontracentrosaopaulo.com.br\/sobre\/noticias-no-centro-sp\/","nextItem":{"@type":"ListItem","@id":"https:\/\/www.encontracentrosaopaulo.com.br\/sobre\/alessandra-leao-pinduca-e-zeca-baleiro-participam-da-festa-junina-da-casa-de-francisca-no-centro-de-sao-paulo\/#listItem","name":"Alessandra Le\u00e3o, Pinduca e Zeca Baleiro participam da festa junina da Casa de Francisca, no centro de S\u00e3o Paulo"},"previousItem":{"@type":"ListItem","@id":"https:\/\/www.encontracentrosaopaulo.com.br\/sobre#listItem","name":"In\u00edcio"}},{"@type":"ListItem","@id":"https:\/\/www.encontracentrosaopaulo.com.br\/sobre\/alessandra-leao-pinduca-e-zeca-baleiro-participam-da-festa-junina-da-casa-de-francisca-no-centro-de-sao-paulo\/#listItem","position":3,"name":"Alessandra Le\u00e3o, Pinduca e Zeca Baleiro participam da festa junina da Casa de Francisca, no centro de S\u00e3o Paulo","previousItem":{"@type":"ListItem","@id":"https:\/\/www.encontracentrosaopaulo.com.br\/sobre\/noticias-no-centro-sp\/#listItem","name":"Not\u00edcias Centro SP"}}]},{"@type":"Organization","@id":"https:\/\/www.encontracentrosaopaulo.com.br\/sobre\/#organization","name":"Encontra Centro SP","description":"Not\u00edcias, eventos, informa\u00e7\u00f5es e dicas na cidade de Centro SP e regi\u00e3o.","url":"https:\/\/www.encontracentrosaopaulo.com.br\/sobre\/"},{"@type":"Person","@id":"https:\/\/www.encontracentrosaopaulo.com.br\/sobre\/author\/ecentrosaopaulo\/#author","url":"https:\/\/www.encontracentrosaopaulo.com.br\/sobre\/author\/ecentrosaopaulo\/","name":"Encontra Centro SP","image":{"@type":"ImageObject","@id":"https:\/\/www.encontracentrosaopaulo.com.br\/sobre\/alessandra-leao-pinduca-e-zeca-baleiro-participam-da-festa-junina-da-casa-de-francisca-no-centro-de-sao-paulo\/#authorImage","url":"https:\/\/secure.gravatar.com\/avatar\/507340682b8270222e1f208e23198b6ae7e2c6a1033ae84e99bc6bce4f82a387?s=96&d=mm&r=g","width":96,"height":96,"caption":"Encontra Centro SP"}},{"@type":"WebPage","@id":"https:\/\/www.encontracentrosaopaulo.com.br\/sobre\/alessandra-leao-pinduca-e-zeca-baleiro-participam-da-festa-junina-da-casa-de-francisca-no-centro-de-sao-paulo\/#webpage","url":"https:\/\/www.encontracentrosaopaulo.com.br\/sobre\/alessandra-leao-pinduca-e-zeca-baleiro-participam-da-festa-junina-da-casa-de-francisca-no-centro-de-sao-paulo\/","name":"Alessandra Le\u00e3o, Pinduca e Zeca Baleiro participam da festa junina da Casa de Francisca, no centro de S\u00e3o Paulo | Encontra Centro SP","description":"Festa Junina da Casa de Francisca re\u00fane grandes artistas e tradi\u00e7\u00f5es.","inLanguage":"pt-BR","isPartOf":{"@id":"https:\/\/www.encontracentrosaopaulo.com.br\/sobre\/#website"},"breadcrumb":{"@id":"https:\/\/www.encontracentrosaopaulo.com.br\/sobre\/alessandra-leao-pinduca-e-zeca-baleiro-participam-da-festa-junina-da-casa-de-francisca-no-centro-de-sao-paulo\/#breadcrumblist"},"author":{"@id":"https:\/\/www.encontracentrosaopaulo.com.br\/sobre\/author\/ecentrosaopaulo\/#author"},"creator":{"@id":"https:\/\/www.encontracentrosaopaulo.com.br\/sobre\/author\/ecentrosaopaulo\/#author"},"image":{"@type":"ImageObject","url":"https:\/\/www.encontracentrosaopaulo.com.br\/sobre\/wp-content\/uploads\/alessandra-leao-pinduca-e-zeca-baleiro-participam-da-festa-junina-da-casa-de-francisca-no-centro-de-.webp","@id":"https:\/\/www.encontracentrosaopaulo.com.br\/sobre\/alessandra-leao-pinduca-e-zeca-baleiro-participam-da-festa-junina-da-casa-de-francisca-no-centro-de-sao-paulo\/#mainImage","width":280,"height":280,"caption":"Festa Junina da Casa de Francisca"},"primaryImageOfPage":{"@id":"https:\/\/www.encontracentrosaopaulo.com.br\/sobre\/alessandra-leao-pinduca-e-zeca-baleiro-participam-da-festa-junina-da-casa-de-francisca-no-centro-de-sao-paulo\/#mainImage"},"datePublished":"2026-06-21T14:43:48-03:00","dateModified":"2026-06-21T14:43:48-03:00"},{"@type":"WebSite","@id":"https:\/\/www.encontracentrosaopaulo.com.br\/sobre\/#website","url":"https:\/\/www.encontracentrosaopaulo.com.br\/sobre\/","name":"Encontra Centro SP","description":"Not\u00edcias, eventos, informa\u00e7\u00f5es e dicas na cidade de Centro SP e regi\u00e3o.","inLanguage":"pt-BR","publisher":{"@id":"https:\/\/www.encontracentrosaopaulo.com.br\/sobre\/#organization"}}]},"og:locale":"pt_BR","og:site_name":"Encontra Centro SP | Not\u00edcias, eventos, informa\u00e7\u00f5es e dicas na cidade de Centro SP e regi\u00e3o.","og:type":"article","og:title":"Alessandra Le\u00e3o, Pinduca e Zeca Baleiro participam da festa junina da Casa de Francisca, no centro de S\u00e3o Paulo | Encontra Centro SP","og:description":"Festa Junina da Casa de Francisca re\u00fane grandes artistas e tradi\u00e7\u00f5es.","og:url":"https:\/\/www.encontracentrosaopaulo.com.br\/sobre\/alessandra-leao-pinduca-e-zeca-baleiro-participam-da-festa-junina-da-casa-de-francisca-no-centro-de-sao-paulo\/","article:published_time":"2026-06-21T17:43:48+00:00","article:modified_time":"2026-06-21T17:43:48+00:00","twitter:card":"summary","twitter:title":"Alessandra Le\u00e3o, Pinduca e Zeca Baleiro participam da festa junina da Casa de Francisca, no centro de S\u00e3o Paulo | Encontra Centro SP","twitter:description":"Festa Junina da Casa de Francisca re\u00fane grandes artistas e tradi\u00e7\u00f5es."},"aioseo_meta_data":{"post_id":"6717","title":null,"description":null,"keywords":null,"keyphrases":null,"primary_term":null,"canonical_url":null,"og_title":null,"og_description":null,"og_object_type":"default","og_image_type":"default","og_image_url":null,"og_image_width":null,"og_image_height":null,"og_image_custom_url":null,"og_image_custom_fields":null,"og_video":null,"og_custom_url":null,"og_article_section":null,"og_article_tags":null,"twitter_use_og":false,"twitter_card":"default","twitter_image_type":"default","twitter_image_url":null,"twitter_image_custom_url":null,"twitter_image_custom_fields":null,"twitter_title":null,"twitter_description":null,"schema":{"blockGraphs":[],"customGraphs":[],"default":{"data":{"Article":[],"Course":[],"Dataset":[],"FAQPage":[],"Movie":[],"Person":[],"Product":[],"ProductReview":[],"Car":[],"Recipe":[],"Service":[],"SoftwareApplication":[],"WebPage":[]},"graphName":"Article","isEnabled":true},"graphs":[]},"schema_type":"default","schema_type_options":null,"pillar_content":false,"robots_default":true,"robots_noindex":false,"robots_noarchive":false,"robots_nosnippet":false,"robots_nofollow":false,"robots_noimageindex":false,"robots_noodp":false,"robots_notranslate":false,"robots_max_snippet":null,"robots_max_videopreview":null,"robots_max_imagepreview":"large","priority":null,"frequency":null,"local_seo":null,"breadcrumb_settings":null,"limit_modified_date":false,"ai":null,"created":"2026-06-21 17:43:52","updated":"2026-06-21 17:45:57","seo_analyzer_scan_date":null,"focus_keyword":null,"additional_keywords":null,"truseo_locale":null},"aioseo_breadcrumb":"<div class=\"aioseo-breadcrumbs\"><span class=\"aioseo-breadcrumb\">\n\t\t\t<a href=\"https:\/\/www.encontracentrosaopaulo.com.br\/sobre\" title=\"In\u00edcio\">In\u00edcio<\/a>\n\t\t<\/span><span class=\"aioseo-breadcrumb-separator\">&raquo;<\/span><span class=\"aioseo-breadcrumb\">\n\t\t\t<a href=\"https:\/\/www.encontracentrosaopaulo.com.br\/sobre\/noticias-no-centro-sp\/\" title=\"Not\u00edcias Centro SP\">Not\u00edcias Centro SP<\/a>\n\t\t<\/span><span class=\"aioseo-breadcrumb-separator\">&raquo;<\/span><span class=\"aioseo-breadcrumb\">\n\t\t\tAlessandra Le\u00e3o, Pinduca e Zeca Baleiro participam da festa junina da Casa de Francisca, no centro de S\u00e3o Paulo\n\t\t<\/span><\/div>","aioseo_breadcrumb_json":[{"label":"In\u00edcio","link":"https:\/\/www.encontracentrosaopaulo.com.br\/sobre"},{"label":"Not\u00edcias Centro SP","link":"https:\/\/www.encontracentrosaopaulo.com.br\/sobre\/noticias-no-centro-sp\/"},{"label":"Alessandra Le\u00e3o, Pinduca e Zeca Baleiro participam da festa junina da Casa de Francisca, no centro de S\u00e3o Paulo","link":"https:\/\/www.encontracentrosaopaulo.com.br\/sobre\/alessandra-leao-pinduca-e-zeca-baleiro-participam-da-festa-junina-da-casa-de-francisca-no-centro-de-sao-paulo\/"}],"_links":{"self":[{"href":"https:\/\/www.encontracentrosaopaulo.com.br\/sobre\/wp-json\/wp\/v2\/posts\/6717","targetHints":{"allow":["GET"]}}],"collection":[{"href":"https:\/\/www.encontracentrosaopaulo.com.br\/sobre\/wp-json\/wp\/v2\/posts"}],"about":[{"href":"https:\/\/www.encontracentrosaopaulo.com.br\/sobre\/wp-json\/wp\/v2\/types\/post"}],"author":[{"embeddable":true,"href":"https:\/\/www.encontracentrosaopaulo.com.br\/sobre\/wp-json\/wp\/v2\/users\/1"}],"replies":[{"embeddable":true,"href":"https:\/\/www.encontracentrosaopaulo.com.br\/sobre\/wp-json\/wp\/v2\/comments?post=6717"}],"version-history":[{"count":0,"href":"https:\/\/www.encontracentrosaopaulo.com.br\/sobre\/wp-json\/wp\/v2\/posts\/6717\/revisions"}],"wp:featuredmedia":[{"embeddable":true,"href":"https:\/\/www.encontracentrosaopaulo.com.br\/sobre\/wp-json\/wp\/v2\/media\/6716"}],"wp:attachment":[{"href":"https:\/\/www.encontracentrosaopaulo.com.br\/sobre\/wp-json\/wp\/v2\/media?parent=6717"}],"wp:term":[{"taxonomy":"category","embeddable":true,"href":"https:\/\/www.encontracentrosaopaulo.com.br\/sobre\/wp-json\/wp\/v2\/categories?post=6717"},{"taxonomy":"post_tag","embeddable":true,"href":"https:\/\/www.encontracentrosaopaulo.com.br\/sobre\/wp-json\/wp\/v2\/tags?post=6717"}],"curies":[{"name":"wp","href":"https:\/\/api.w.org\/{rel}","templated":true}]}}