{"id":678,"date":"2012-06-08T10:33:30","date_gmt":"2012-06-08T12:33:30","guid":{"rendered":"http:\/\/www.encontracentrosaopaulo.com.br\/noticias\/?p=678"},"modified":"2019-04-29T16:22:29","modified_gmt":"2019-04-29T19:22:29","slug":"especialista-de-rh-do-serasa-ministra-curso-em-cat-do-centro","status":"publish","type":"post","link":"https:\/\/www.encontracentrosaopaulo.com.br\/sobre\/especialista-de-rh-do-serasa-ministra-curso-em-cat-do-centro\/","title":{"rendered":"Especialista de RH do Serasa ministra curso em CAT do Centro"},"content":{"rendered":"<div class=\"d6585b5127f45a35450431d0abc3f90c\" data-index=\"1\" style=\"float: none; margin:0px;\">\n<!-- Anuncio display - global -->\r\n<ins class=\"adsbygoogle\"\r\n     style=\"display:block\"\r\n     data-ad-client=\"ca-pub-8585364105181520\"\r\n     data-ad-slot=\"8789329856\"\r\n     data-ad-format=\"auto\"\r\n     data-full-width-responsive=\"true\"><\/ins>\r\n<script>\r\n     (adsbygoogle = window.adsbygoogle || []).push({});\r\n<\/script>\n<\/div>\n<p>O Centro de Apoio ao Trabalhador (CAT), unidade Luz, oferece na pr\u00f3xima segunda-feira (11) um curso sobre Desenvolvimento Profissional, ministrado por profissionais volunt\u00e1rios da \u00e1rea de Recursos Humanos do Serasa. No segundo ano consecutivo, a a\u00e7\u00e3o faz parte de uma iniciativa do Serasa Experian para dar suporte a pessoas desempregadas para aumentarem as suas chances de voltarem ao mercado de trabalho.<\/p>\n<p>Ser\u00e3o seis salas, cada uma comportando at\u00e9 35 pessoas com cursos de atendimento telef\u00f4nico, pessoas com defici\u00eancia no mercado de trabalho, orienta\u00e7\u00e3o financeira, marketing pessoa e comunica\u00e7\u00e3o, oficinas de prepara\u00e7\u00e3o para o processo seletivo e recoloca\u00e7\u00e3o profissional, com dura\u00e7\u00e3o de 1h30 e todos com certificado de participa\u00e7\u00e3o. Para as pessoas mais t\u00edmidas, o curso conta com Orienta\u00e7\u00e3o Profissional Individual, feita em guich\u00eas reservados exclusivamente para este servi\u00e7o.<\/p>\n<p>A programa\u00e7\u00e3o estende-se at\u00e9 as 17 horas, e para participar \u00e9 necess\u00e1rio comparecer, no m\u00ednimo, com 15 minutos de anteced\u00eancia, e portando Carteira de Trabalho, RG, CPF e n\u00famero do PIS.<\/p>\n<p>Para conferir a programa\u00e7\u00e3o, acesse o site da Secretaria Municipal de Desenvolvimento Econ\u00f4mico e do Trabalho.<\/p>\n<p><strong>Servi\u00e7o:<\/strong><\/p>\n<p><strong>Desenvolvimento Profissional<\/strong><br \/>\n<strong>Data: <\/strong>segunda-feira (11\/6)<br \/>\n<strong>Hor\u00e1rio: <\/strong>das 9 \u00e0s 17 horas<br \/>\n<strong>Local:<\/strong> <strong>CAT Luz<br \/>\n<\/strong><strong>Endere\u00e7o: <\/strong>avenida Prestes Maia, 913\/919 &#8211; Rep\u00fablica<strong><strong><\/strong><br \/>\n<\/strong><br \/>\n<em>Fonte: Prefeitura de S. Paulo<\/em><\/p>\n\n<div style=\"font-size: 0px; height: 0px; line-height: 0px; margin: 0; padding: 0; clear: both;\"><\/div>","protected":false},"excerpt":{"rendered":"<p>O Centro de Apoio ao Trabalhador (CAT), unidade Luz, oferece na pr\u00f3xima segunda-feira (11) um curso sobre Desenvolvimento Profissional, ministrado por profissionais volunt\u00e1rios da \u00e1rea de Recursos Humanos do Serasa. No segundo ano consecutivo, a a\u00e7\u00e3o faz parte de uma iniciativa do Serasa Experian para dar suporte a pessoas desempregadas para aumentarem as suas chances de voltarem ao mercado de trabalho. Ser\u00e3o seis salas, cada uma comportando at\u00e9 35 pessoas com cursos de atendimento telef\u00f4nico, pessoas com defici\u00eancia no mercado de trabalho, orienta\u00e7\u00e3o financeira, marketing pessoa e comunica\u00e7\u00e3o, oficinas de prepara\u00e7\u00e3o para o processo seletivo e recoloca\u00e7\u00e3o profissional, com dura\u00e7\u00e3o <\/p>\n","protected":false},"author":1,"featured_media":0,"comment_status":"open","ping_status":"closed","sticky":false,"template":"","format":"standard","meta":{"footnotes":""},"categories":[3],"tags":[],"class_list":["post-678","post","type-post","status-publish","format-standard","hentry","category-cursos-no-centro-sp"],"aioseo_notices":[],"_links":{"self":[{"href":"https:\/\/www.encontracentrosaopaulo.com.br\/sobre\/wp-json\/wp\/v2\/posts\/678","targetHints":{"allow":["GET"]}}],"collection":[{"href":"https:\/\/www.encontracentrosaopaulo.com.br\/sobre\/wp-json\/wp\/v2\/posts"}],"about":[{"href":"https:\/\/www.encontracentrosaopaulo.com.br\/sobre\/wp-json\/wp\/v2\/types\/post"}],"author":[{"embeddable":true,"href":"https:\/\/www.encontracentrosaopaulo.com.br\/sobre\/wp-json\/wp\/v2\/users\/1"}],"replies":[{"embeddable":true,"href":"https:\/\/www.encontracentrosaopaulo.com.br\/sobre\/wp-json\/wp\/v2\/comments?post=678"}],"version-history":[{"count":0,"href":"https:\/\/www.encontracentrosaopaulo.com.br\/sobre\/wp-json\/wp\/v2\/posts\/678\/revisions"}],"wp:attachment":[{"href":"https:\/\/www.encontracentrosaopaulo.com.br\/sobre\/wp-json\/wp\/v2\/media?parent=678"}],"wp:term":[{"taxonomy":"category","embeddable":true,"href":"https:\/\/www.encontracentrosaopaulo.com.br\/sobre\/wp-json\/wp\/v2\/categories?post=678"},{"taxonomy":"post_tag","embeddable":true,"href":"https:\/\/www.encontracentrosaopaulo.com.br\/sobre\/wp-json\/wp\/v2\/tags?post=678"}],"curies":[{"name":"wp","href":"https:\/\/api.w.org\/{rel}","templated":true}]}}