{"id":705,"date":"2012-06-25T17:41:30","date_gmt":"2012-06-25T19:41:30","guid":{"rendered":"http:\/\/www.encontracentrosaopaulo.com.br\/noticias\/?p=705"},"modified":"2019-04-29T16:22:29","modified_gmt":"2019-04-29T19:22:29","slug":"7%c2%aa-mostra-mundo-arabe-no-centro-reune-32-filmes","status":"publish","type":"post","link":"https:\/\/www.encontracentrosaopaulo.com.br\/sobre\/7%c2%aa-mostra-mundo-arabe-no-centro-reune-32-filmes\/","title":{"rendered":"7\u00aa Mostra Mundo \u00c1rabe no Centro re\u00fane 32 filmes"},"content":{"rendered":"<div class=\"d6585b5127f45a35450431d0abc3f90c\" data-index=\"1\" style=\"float: none; margin:0px;\">\n<!-- Anuncio display - global -->\r\n<ins class=\"adsbygoogle\"\r\n     style=\"display:block\"\r\n     data-ad-client=\"ca-pub-8585364105181520\"\r\n     data-ad-slot=\"8789329856\"\r\n     data-ad-format=\"auto\"\r\n     data-full-width-responsive=\"true\"><\/ins>\r\n<script>\r\n     (adsbygoogle = window.adsbygoogle || []).push({});\r\n<\/script>\n<\/div>\n<p>Em 2005, quando houve a primeira Mostra Mundo \u00c1rabe, o evento ainda era pequeno e apresentou apenas cinco filmes. Na 7.\u00aa Mostra, que come\u00e7a nesta segunda para convidados, s\u00e3o 32 t\u00edtulos e importantes convidados internacionais. A diretora cultural do evento, Soraya Smaili, v\u00ea no crescimento &#8211; incluindo de apoios, com a incorpora\u00e7\u00e3o do Centro Cultural Banco do Brasil e do Instituto Moreira Salles &#8211; um reflexo do interesse que o mundo \u00e1rabe provoca, especialmente ap\u00f3s o que ficou conhecido como &#8216;primavera \u00e1rabe&#8217;, no ano passado.<\/p>\n<p>As primeiras mostras revelavam um mundo em que tradi\u00e7\u00e3o e modernidade\u00a0 estavam em choque. O movimento de mudan\u00e7a ainda era subterr\u00e2neo, sutil. No ano passado, um filme como &#8220;Microfone&#8221;, sobre artistas de rua, j\u00e1 retratava a contesta\u00e7\u00e3o aberta a regimes repressores. Mas o objetivo, adverte Soraya, nunca foi s\u00f3 documentar a transforma\u00e7\u00e3o nem supervalorizar a pol\u00edtica. Como realiza\u00e7\u00e3o do Instituto de Cultura \u00c1rabe, a Mostra tem uma ambi\u00e7\u00e3o maior. Cinema \u00e9 cultura, \u00e9 humanidade, \u00e9 emo\u00e7\u00e3o e, por isso, este ano, paralelamente ao olhar sobre o contempor\u00e2neo, a Mostra prop\u00f5e a retrospectiva Mapeando Subjetividades.<\/p>\n<p>J\u00e1 realizada no MoMA, de Nova York, com curadoria de Rasha Salti &#8211; que est\u00e1 em S\u00e3o Paulo -, a retrospectiva mapeia o cinema experimental \u00e1rabe dos anos 1960 at\u00e9 os dias atuais. S\u00e3o filmes que anteciparam a mudan\u00e7a, arautos do que ocorre hoje, a come\u00e7ar pelo de abertura, esta noite, no Cinesesc, &#8220;Estrelas em Plena Luz do Dia&#8221;, de Oussama Mohammad, que integrou a Quinzena dos Realizadores em Cannes, 1988. O filme \u00e9 sobre casamentos arranjados numa comunidade s\u00edria &#8211; uma das noivas foge e outra se recusa a casar.<\/p>\n<p>At\u00e9 dia 5, a Mostra Mundo \u00c1rabe de Cinema promove exibi\u00e7\u00f5es e debates &#8211; voc\u00ea encontra toda a programa\u00e7\u00e3o no site mundoarabe2012,icarabe.org. Entre os t\u00edtulos anunciados destaca-se um filme brasileiro &#8211; &#8220;Constantino&#8221;, de Ot\u00e1vio Cury. Nascido em S\u00e3o Paulo, o cineasta j\u00e1 havia feito &#8220;Cosm\u00f3polis&#8221;, sobre suas origens s\u00edrias e a integra\u00e7\u00e3o no Brasil. Agora, ele viaja a Homs para decifrar a personalidade de seu bisav\u00f4, o jornalista e dramaturgo Daud Constantino Al-Khoury. Outro resgate, &#8220;Os Tr\u00eas Desaparecimentos de Soad Hosni&#8221;, de Rania Stephan, investiga a vida da libanesa que foi considerada a maior estrela \u00e1rabe dos anos 1960 aos 90.<\/p>\n<p><em>Fonte: Di\u00e1rio do Grande ABC<\/em><\/p>\n\n<div style=\"font-size: 0px; height: 0px; line-height: 0px; margin: 0; padding: 0; clear: both;\"><\/div>","protected":false},"excerpt":{"rendered":"<p>Em 2005, quando houve a primeira Mostra Mundo \u00c1rabe, o evento ainda era pequeno e apresentou apenas cinco filmes. Na 7.\u00aa Mostra, que come\u00e7a nesta segunda para convidados, s\u00e3o 32 t\u00edtulos e importantes convidados internacionais. A diretora cultural do evento, Soraya Smaili, v\u00ea no crescimento &#8211; incluindo de apoios, com a incorpora\u00e7\u00e3o do Centro Cultural Banco do Brasil e do Instituto Moreira Salles &#8211; um reflexo do interesse que o mundo \u00e1rabe provoca, especialmente ap\u00f3s o que ficou conhecido como &#8216;primavera \u00e1rabe&#8217;, no ano passado. As primeiras mostras revelavam um mundo em que tradi\u00e7\u00e3o e modernidade\u00a0 estavam em choque. O <\/p>\n","protected":false},"author":1,"featured_media":0,"comment_status":"open","ping_status":"closed","sticky":false,"template":"","format":"standard","meta":{"footnotes":""},"categories":[6],"tags":[],"class_list":["post-705","post","type-post","status-publish","format-standard","hentry","category-noticias-no-centro-sp"],"aioseo_notices":[],"aioseo_head":"\n\t\t<!-- All in One SEO 5.0.0.1 - aioseo.com -->\n\t<meta name=\"description\" content=\"Em 2005, quando houve a primeira Mostra Mundo \u00c1rabe, o evento ainda era pequeno e apresentou apenas cinco filmes. Na 7.\u00aa Mostra, que come\u00e7a nesta segunda para convidados, s\u00e3o 32 t\u00edtulos e importantes convidados internacionais. A diretora cultural do evento, Soraya Smaili, v\u00ea no crescimento - incluindo de apoios, com a incorpora\u00e7\u00e3o do Centro Cultural\" \/>\n\t<meta name=\"robots\" content=\"max-image-preview:large\" \/>\n\t<meta name=\"author\" content=\"Encontra Centro SP\"\/>\n\t<link rel=\"canonical\" href=\"https:\/\/www.encontracentrosaopaulo.com.br\/sobre\/7%c2%aa-mostra-mundo-arabe-no-centro-reune-32-filmes\/\" \/>\n\t<meta name=\"generator\" content=\"All in One SEO (AIOSEO) 5.0.0.1\" \/>\n\t\t<meta property=\"og:locale\" content=\"pt_BR\" \/>\n\t\t<meta property=\"og:site_name\" content=\"Encontra Centro SP | Not\u00edcias, eventos, informa\u00e7\u00f5es e dicas na cidade de Centro SP e regi\u00e3o.\" \/>\n\t\t<meta property=\"og:type\" content=\"article\" \/>\n\t\t<meta property=\"og:title\" content=\"7\u00aa Mostra Mundo \u00c1rabe no Centro re\u00fane 32 filmes | Encontra Centro SP\" \/>\n\t\t<meta property=\"og:description\" content=\"Em 2005, quando houve a primeira Mostra Mundo \u00c1rabe, o evento ainda era pequeno e apresentou apenas cinco filmes. Na 7.\u00aa Mostra, que come\u00e7a nesta segunda para convidados, s\u00e3o 32 t\u00edtulos e importantes convidados internacionais. A diretora cultural do evento, Soraya Smaili, v\u00ea no crescimento - incluindo de apoios, com a incorpora\u00e7\u00e3o do Centro Cultural\" \/>\n\t\t<meta property=\"og:url\" content=\"https:\/\/www.encontracentrosaopaulo.com.br\/sobre\/7%c2%aa-mostra-mundo-arabe-no-centro-reune-32-filmes\/\" \/>\n\t\t<meta property=\"article:published_time\" content=\"2012-06-25T19:41:30+00:00\" \/>\n\t\t<meta property=\"article:modified_time\" content=\"2019-04-29T19:22:29+00:00\" \/>\n\t\t<meta name=\"twitter:card\" content=\"summary\" \/>\n\t\t<meta name=\"twitter:title\" content=\"7\u00aa Mostra Mundo \u00c1rabe no Centro re\u00fane 32 filmes | Encontra Centro SP\" \/>\n\t\t<meta name=\"twitter:description\" content=\"Em 2005, quando houve a primeira Mostra Mundo \u00c1rabe, o evento ainda era pequeno e apresentou apenas cinco filmes. Na 7.\u00aa Mostra, que come\u00e7a nesta segunda para convidados, s\u00e3o 32 t\u00edtulos e importantes convidados internacionais. A diretora cultural do evento, Soraya Smaili, v\u00ea no crescimento - incluindo de apoios, com a incorpora\u00e7\u00e3o do Centro Cultural\" \/>\n\t\t<script type=\"application\/ld+json\" class=\"aioseo-schema\">\n\t\t\t{\"@context\":\"https:\\\/\\\/schema.org\",\"@graph\":[{\"@type\":\"Article\",\"@id\":\"https:\\\/\\\/www.encontracentrosaopaulo.com.br\\\/sobre\\\/7%c2%aa-mostra-mundo-arabe-no-centro-reune-32-filmes\\\/#article\",\"name\":\"7\\u00aa Mostra Mundo \\u00c1rabe no Centro re\\u00fane 32 filmes | Encontra Centro SP\",\"headline\":\"7\\u00aa Mostra Mundo \\u00c1rabe no Centro re\\u00fane 32 filmes\",\"author\":{\"@id\":\"https:\\\/\\\/www.encontracentrosaopaulo.com.br\\\/sobre\\\/author\\\/ecentrosaopaulo\\\/#author\"},\"publisher\":{\"@id\":\"https:\\\/\\\/www.encontracentrosaopaulo.com.br\\\/sobre\\\/#organization\"},\"datePublished\":\"2012-06-25T17:41:30-03:00\",\"dateModified\":\"2019-04-29T16:22:29-03:00\",\"inLanguage\":\"pt-BR\",\"mainEntityOfPage\":{\"@id\":\"https:\\\/\\\/www.encontracentrosaopaulo.com.br\\\/sobre\\\/7%c2%aa-mostra-mundo-arabe-no-centro-reune-32-filmes\\\/#webpage\"},\"isPartOf\":{\"@id\":\"https:\\\/\\\/www.encontracentrosaopaulo.com.br\\\/sobre\\\/7%c2%aa-mostra-mundo-arabe-no-centro-reune-32-filmes\\\/#webpage\"},\"articleSection\":\"Not\\u00edcias Centro SP\"},{\"@type\":\"BreadcrumbList\",\"@id\":\"https:\\\/\\\/www.encontracentrosaopaulo.com.br\\\/sobre\\\/7%c2%aa-mostra-mundo-arabe-no-centro-reune-32-filmes\\\/#breadcrumblist\",\"itemListElement\":[{\"@type\":\"ListItem\",\"@id\":\"https:\\\/\\\/www.encontracentrosaopaulo.com.br\\\/sobre#listItem\",\"position\":1,\"name\":\"In\\u00edcio\",\"item\":\"https:\\\/\\\/www.encontracentrosaopaulo.com.br\\\/sobre\",\"nextItem\":{\"@type\":\"ListItem\",\"@id\":\"https:\\\/\\\/www.encontracentrosaopaulo.com.br\\\/sobre\\\/noticias-no-centro-sp\\\/#listItem\",\"name\":\"Not\\u00edcias Centro SP\"}},{\"@type\":\"ListItem\",\"@id\":\"https:\\\/\\\/www.encontracentrosaopaulo.com.br\\\/sobre\\\/noticias-no-centro-sp\\\/#listItem\",\"position\":2,\"name\":\"Not\\u00edcias Centro SP\",\"item\":\"https:\\\/\\\/www.encontracentrosaopaulo.com.br\\\/sobre\\\/noticias-no-centro-sp\\\/\",\"nextItem\":{\"@type\":\"ListItem\",\"@id\":\"https:\\\/\\\/www.encontracentrosaopaulo.com.br\\\/sobre\\\/7%c2%aa-mostra-mundo-arabe-no-centro-reune-32-filmes\\\/#listItem\",\"name\":\"7\\u00aa Mostra Mundo \\u00c1rabe no Centro re\\u00fane 32 filmes\"},\"previousItem\":{\"@type\":\"ListItem\",\"@id\":\"https:\\\/\\\/www.encontracentrosaopaulo.com.br\\\/sobre#listItem\",\"name\":\"In\\u00edcio\"}},{\"@type\":\"ListItem\",\"@id\":\"https:\\\/\\\/www.encontracentrosaopaulo.com.br\\\/sobre\\\/7%c2%aa-mostra-mundo-arabe-no-centro-reune-32-filmes\\\/#listItem\",\"position\":3,\"name\":\"7\\u00aa Mostra Mundo \\u00c1rabe no Centro re\\u00fane 32 filmes\",\"previousItem\":{\"@type\":\"ListItem\",\"@id\":\"https:\\\/\\\/www.encontracentrosaopaulo.com.br\\\/sobre\\\/noticias-no-centro-sp\\\/#listItem\",\"name\":\"Not\\u00edcias Centro SP\"}}]},{\"@type\":\"Organization\",\"@id\":\"https:\\\/\\\/www.encontracentrosaopaulo.com.br\\\/sobre\\\/#organization\",\"name\":\"Encontra Centro SP\",\"description\":\"Not\\u00edcias, eventos, informa\\u00e7\\u00f5es e dicas na cidade de Centro SP e regi\\u00e3o.\",\"url\":\"https:\\\/\\\/www.encontracentrosaopaulo.com.br\\\/sobre\\\/\"},{\"@type\":\"Person\",\"@id\":\"https:\\\/\\\/www.encontracentrosaopaulo.com.br\\\/sobre\\\/author\\\/ecentrosaopaulo\\\/#author\",\"url\":\"https:\\\/\\\/www.encontracentrosaopaulo.com.br\\\/sobre\\\/author\\\/ecentrosaopaulo\\\/\",\"name\":\"Encontra Centro SP\",\"image\":{\"@type\":\"ImageObject\",\"@id\":\"https:\\\/\\\/www.encontracentrosaopaulo.com.br\\\/sobre\\\/7%c2%aa-mostra-mundo-arabe-no-centro-reune-32-filmes\\\/#authorImage\",\"url\":\"https:\\\/\\\/secure.gravatar.com\\\/avatar\\\/507340682b8270222e1f208e23198b6ae7e2c6a1033ae84e99bc6bce4f82a387?s=96&d=mm&r=g\",\"width\":96,\"height\":96,\"caption\":\"Encontra Centro SP\"}},{\"@type\":\"WebPage\",\"@id\":\"https:\\\/\\\/www.encontracentrosaopaulo.com.br\\\/sobre\\\/7%c2%aa-mostra-mundo-arabe-no-centro-reune-32-filmes\\\/#webpage\",\"url\":\"https:\\\/\\\/www.encontracentrosaopaulo.com.br\\\/sobre\\\/7%c2%aa-mostra-mundo-arabe-no-centro-reune-32-filmes\\\/\",\"name\":\"7\\u00aa Mostra Mundo \\u00c1rabe no Centro re\\u00fane 32 filmes | Encontra Centro SP\",\"description\":\"Em 2005, quando houve a primeira Mostra Mundo \\u00c1rabe, o evento ainda era pequeno e apresentou apenas cinco filmes. Na 7.\\u00aa Mostra, que come\\u00e7a nesta segunda para convidados, s\\u00e3o 32 t\\u00edtulos e importantes convidados internacionais. A diretora cultural do evento, Soraya Smaili, v\\u00ea no crescimento - incluindo de apoios, com a incorpora\\u00e7\\u00e3o do Centro Cultural\",\"inLanguage\":\"pt-BR\",\"isPartOf\":{\"@id\":\"https:\\\/\\\/www.encontracentrosaopaulo.com.br\\\/sobre\\\/#website\"},\"breadcrumb\":{\"@id\":\"https:\\\/\\\/www.encontracentrosaopaulo.com.br\\\/sobre\\\/7%c2%aa-mostra-mundo-arabe-no-centro-reune-32-filmes\\\/#breadcrumblist\"},\"author\":{\"@id\":\"https:\\\/\\\/www.encontracentrosaopaulo.com.br\\\/sobre\\\/author\\\/ecentrosaopaulo\\\/#author\"},\"creator\":{\"@id\":\"https:\\\/\\\/www.encontracentrosaopaulo.com.br\\\/sobre\\\/author\\\/ecentrosaopaulo\\\/#author\"},\"datePublished\":\"2012-06-25T17:41:30-03:00\",\"dateModified\":\"2019-04-29T16:22:29-03:00\"},{\"@type\":\"WebSite\",\"@id\":\"https:\\\/\\\/www.encontracentrosaopaulo.com.br\\\/sobre\\\/#website\",\"url\":\"https:\\\/\\\/www.encontracentrosaopaulo.com.br\\\/sobre\\\/\",\"name\":\"Encontra Centro SP\",\"description\":\"Not\\u00edcias, eventos, informa\\u00e7\\u00f5es e dicas na cidade de Centro SP e regi\\u00e3o.\",\"inLanguage\":\"pt-BR\",\"publisher\":{\"@id\":\"https:\\\/\\\/www.encontracentrosaopaulo.com.br\\\/sobre\\\/#organization\"}}]}\n\t\t<\/script>\n\t\t<!-- All in One SEO -->\n\n","aioseo_head_json":{"title":"7\u00aa Mostra Mundo \u00c1rabe no Centro re\u00fane 32 filmes | Encontra Centro SP","description":"Em 2005, quando houve a primeira Mostra Mundo \u00c1rabe, o evento ainda era pequeno e apresentou apenas cinco filmes. Na 7.\u00aa Mostra, que come\u00e7a nesta segunda para convidados, s\u00e3o 32 t\u00edtulos e importantes convidados internacionais. A diretora cultural do evento, Soraya Smaili, v\u00ea no crescimento - incluindo de apoios, com a incorpora\u00e7\u00e3o do Centro Cultural","canonical_url":"https:\/\/www.encontracentrosaopaulo.com.br\/sobre\/7%c2%aa-mostra-mundo-arabe-no-centro-reune-32-filmes\/","robots":"max-image-preview:large","keywords":"","webmasterTools":{"miscellaneous":""},"schema":{"@context":"https:\/\/schema.org","@graph":[{"@type":"Article","@id":"https:\/\/www.encontracentrosaopaulo.com.br\/sobre\/7%c2%aa-mostra-mundo-arabe-no-centro-reune-32-filmes\/#article","name":"7\u00aa Mostra Mundo \u00c1rabe no Centro re\u00fane 32 filmes | Encontra Centro SP","headline":"7\u00aa Mostra Mundo \u00c1rabe no Centro re\u00fane 32 filmes","author":{"@id":"https:\/\/www.encontracentrosaopaulo.com.br\/sobre\/author\/ecentrosaopaulo\/#author"},"publisher":{"@id":"https:\/\/www.encontracentrosaopaulo.com.br\/sobre\/#organization"},"datePublished":"2012-06-25T17:41:30-03:00","dateModified":"2019-04-29T16:22:29-03:00","inLanguage":"pt-BR","mainEntityOfPage":{"@id":"https:\/\/www.encontracentrosaopaulo.com.br\/sobre\/7%c2%aa-mostra-mundo-arabe-no-centro-reune-32-filmes\/#webpage"},"isPartOf":{"@id":"https:\/\/www.encontracentrosaopaulo.com.br\/sobre\/7%c2%aa-mostra-mundo-arabe-no-centro-reune-32-filmes\/#webpage"},"articleSection":"Not\u00edcias Centro SP"},{"@type":"BreadcrumbList","@id":"https:\/\/www.encontracentrosaopaulo.com.br\/sobre\/7%c2%aa-mostra-mundo-arabe-no-centro-reune-32-filmes\/#breadcrumblist","itemListElement":[{"@type":"ListItem","@id":"https:\/\/www.encontracentrosaopaulo.com.br\/sobre#listItem","position":1,"name":"In\u00edcio","item":"https:\/\/www.encontracentrosaopaulo.com.br\/sobre","nextItem":{"@type":"ListItem","@id":"https:\/\/www.encontracentrosaopaulo.com.br\/sobre\/noticias-no-centro-sp\/#listItem","name":"Not\u00edcias Centro SP"}},{"@type":"ListItem","@id":"https:\/\/www.encontracentrosaopaulo.com.br\/sobre\/noticias-no-centro-sp\/#listItem","position":2,"name":"Not\u00edcias Centro SP","item":"https:\/\/www.encontracentrosaopaulo.com.br\/sobre\/noticias-no-centro-sp\/","nextItem":{"@type":"ListItem","@id":"https:\/\/www.encontracentrosaopaulo.com.br\/sobre\/7%c2%aa-mostra-mundo-arabe-no-centro-reune-32-filmes\/#listItem","name":"7\u00aa Mostra Mundo \u00c1rabe no Centro re\u00fane 32 filmes"},"previousItem":{"@type":"ListItem","@id":"https:\/\/www.encontracentrosaopaulo.com.br\/sobre#listItem","name":"In\u00edcio"}},{"@type":"ListItem","@id":"https:\/\/www.encontracentrosaopaulo.com.br\/sobre\/7%c2%aa-mostra-mundo-arabe-no-centro-reune-32-filmes\/#listItem","position":3,"name":"7\u00aa Mostra Mundo \u00c1rabe no Centro re\u00fane 32 filmes","previousItem":{"@type":"ListItem","@id":"https:\/\/www.encontracentrosaopaulo.com.br\/sobre\/noticias-no-centro-sp\/#listItem","name":"Not\u00edcias Centro SP"}}]},{"@type":"Organization","@id":"https:\/\/www.encontracentrosaopaulo.com.br\/sobre\/#organization","name":"Encontra Centro SP","description":"Not\u00edcias, eventos, informa\u00e7\u00f5es e dicas na cidade de Centro SP e regi\u00e3o.","url":"https:\/\/www.encontracentrosaopaulo.com.br\/sobre\/"},{"@type":"Person","@id":"https:\/\/www.encontracentrosaopaulo.com.br\/sobre\/author\/ecentrosaopaulo\/#author","url":"https:\/\/www.encontracentrosaopaulo.com.br\/sobre\/author\/ecentrosaopaulo\/","name":"Encontra Centro SP","image":{"@type":"ImageObject","@id":"https:\/\/www.encontracentrosaopaulo.com.br\/sobre\/7%c2%aa-mostra-mundo-arabe-no-centro-reune-32-filmes\/#authorImage","url":"https:\/\/secure.gravatar.com\/avatar\/507340682b8270222e1f208e23198b6ae7e2c6a1033ae84e99bc6bce4f82a387?s=96&d=mm&r=g","width":96,"height":96,"caption":"Encontra Centro SP"}},{"@type":"WebPage","@id":"https:\/\/www.encontracentrosaopaulo.com.br\/sobre\/7%c2%aa-mostra-mundo-arabe-no-centro-reune-32-filmes\/#webpage","url":"https:\/\/www.encontracentrosaopaulo.com.br\/sobre\/7%c2%aa-mostra-mundo-arabe-no-centro-reune-32-filmes\/","name":"7\u00aa Mostra Mundo \u00c1rabe no Centro re\u00fane 32 filmes | Encontra Centro SP","description":"Em 2005, quando houve a primeira Mostra Mundo \u00c1rabe, o evento ainda era pequeno e apresentou apenas cinco filmes. Na 7.\u00aa Mostra, que come\u00e7a nesta segunda para convidados, s\u00e3o 32 t\u00edtulos e importantes convidados internacionais. A diretora cultural do evento, Soraya Smaili, v\u00ea no crescimento - incluindo de apoios, com a incorpora\u00e7\u00e3o do Centro Cultural","inLanguage":"pt-BR","isPartOf":{"@id":"https:\/\/www.encontracentrosaopaulo.com.br\/sobre\/#website"},"breadcrumb":{"@id":"https:\/\/www.encontracentrosaopaulo.com.br\/sobre\/7%c2%aa-mostra-mundo-arabe-no-centro-reune-32-filmes\/#breadcrumblist"},"author":{"@id":"https:\/\/www.encontracentrosaopaulo.com.br\/sobre\/author\/ecentrosaopaulo\/#author"},"creator":{"@id":"https:\/\/www.encontracentrosaopaulo.com.br\/sobre\/author\/ecentrosaopaulo\/#author"},"datePublished":"2012-06-25T17:41:30-03:00","dateModified":"2019-04-29T16:22:29-03:00"},{"@type":"WebSite","@id":"https:\/\/www.encontracentrosaopaulo.com.br\/sobre\/#website","url":"https:\/\/www.encontracentrosaopaulo.com.br\/sobre\/","name":"Encontra Centro SP","description":"Not\u00edcias, eventos, informa\u00e7\u00f5es e dicas na cidade de Centro SP e regi\u00e3o.","inLanguage":"pt-BR","publisher":{"@id":"https:\/\/www.encontracentrosaopaulo.com.br\/sobre\/#organization"}}]},"og:locale":"pt_BR","og:site_name":"Encontra Centro SP | Not\u00edcias, eventos, informa\u00e7\u00f5es e dicas na cidade de Centro SP e regi\u00e3o.","og:type":"article","og:title":"7\u00aa Mostra Mundo \u00c1rabe no Centro re\u00fane 32 filmes | Encontra Centro SP","og:description":"Em 2005, quando houve a primeira Mostra Mundo \u00c1rabe, o evento ainda era pequeno e apresentou apenas cinco filmes. Na 7.\u00aa Mostra, que come\u00e7a nesta segunda para convidados, s\u00e3o 32 t\u00edtulos e importantes convidados internacionais. A diretora cultural do evento, Soraya Smaili, v\u00ea no crescimento - incluindo de apoios, com a incorpora\u00e7\u00e3o do Centro Cultural","og:url":"https:\/\/www.encontracentrosaopaulo.com.br\/sobre\/7%c2%aa-mostra-mundo-arabe-no-centro-reune-32-filmes\/","article:published_time":"2012-06-25T19:41:30+00:00","article:modified_time":"2019-04-29T19:22:29+00:00","twitter:card":"summary","twitter:title":"7\u00aa Mostra Mundo \u00c1rabe no Centro re\u00fane 32 filmes | Encontra Centro SP","twitter:description":"Em 2005, quando houve a primeira Mostra Mundo \u00c1rabe, o evento ainda era pequeno e apresentou apenas cinco filmes. Na 7.\u00aa Mostra, que come\u00e7a nesta segunda para convidados, s\u00e3o 32 t\u00edtulos e importantes convidados internacionais. A diretora cultural do evento, Soraya Smaili, v\u00ea no crescimento - incluindo de apoios, com a incorpora\u00e7\u00e3o do Centro Cultural"},"aioseo_meta_data":{"post_id":"705","title":null,"description":null,"keywords":null,"keyphrases":null,"primary_term":null,"canonical_url":null,"og_title":null,"og_description":null,"og_object_type":"default","og_image_type":"default","og_image_url":null,"og_image_width":null,"og_image_height":null,"og_image_custom_url":null,"og_image_custom_fields":null,"og_video":null,"og_custom_url":null,"og_article_section":null,"og_article_tags":null,"twitter_use_og":false,"twitter_card":"default","twitter_image_type":"default","twitter_image_url":null,"twitter_image_custom_url":null,"twitter_image_custom_fields":null,"twitter_title":null,"twitter_description":null,"schema":{"blockGraphs":[],"customGraphs":[],"default":{"data":{"Article":[],"Course":[],"Dataset":[],"FAQPage":[],"Movie":[],"Person":[],"Product":[],"ProductReview":[],"Car":[],"Recipe":[],"Service":[],"SoftwareApplication":[],"WebPage":[]},"graphName":"Article","isEnabled":true},"graphs":[]},"schema_type":null,"schema_type_options":null,"pillar_content":false,"robots_default":true,"robots_noindex":false,"robots_noarchive":false,"robots_nosnippet":false,"robots_nofollow":false,"robots_noimageindex":false,"robots_noodp":false,"robots_notranslate":false,"robots_max_snippet":null,"robots_max_videopreview":null,"robots_max_imagepreview":"large","priority":null,"frequency":null,"local_seo":null,"breadcrumb_settings":null,"limit_modified_date":false,"ai":null,"created":"2021-01-20 23:28:59","updated":"2025-11-14 08:20:49","seo_analyzer_scan_date":null,"focus_keyword":null,"additional_keywords":null,"truseo_locale":null},"aioseo_breadcrumb":"<div class=\"aioseo-breadcrumbs\"><span class=\"aioseo-breadcrumb\">\n\t\t\t<a href=\"https:\/\/www.encontracentrosaopaulo.com.br\/sobre\" title=\"In\u00edcio\">In\u00edcio<\/a>\n\t\t<\/span><span class=\"aioseo-breadcrumb-separator\">&raquo;<\/span><span class=\"aioseo-breadcrumb\">\n\t\t\t<a href=\"https:\/\/www.encontracentrosaopaulo.com.br\/sobre\/noticias-no-centro-sp\/\" title=\"Not\u00edcias Centro SP\">Not\u00edcias Centro SP<\/a>\n\t\t<\/span><span class=\"aioseo-breadcrumb-separator\">&raquo;<\/span><span class=\"aioseo-breadcrumb\">\n\t\t\t7\u00aa Mostra Mundo \u00c1rabe no Centro re\u00fane 32 filmes\n\t\t<\/span><\/div>","aioseo_breadcrumb_json":[{"label":"In\u00edcio","link":"https:\/\/www.encontracentrosaopaulo.com.br\/sobre"},{"label":"Not\u00edcias Centro SP","link":"https:\/\/www.encontracentrosaopaulo.com.br\/sobre\/noticias-no-centro-sp\/"},{"label":"7\u00aa Mostra Mundo \u00c1rabe no Centro re\u00fane 32 filmes","link":"https:\/\/www.encontracentrosaopaulo.com.br\/sobre\/7%c2%aa-mostra-mundo-arabe-no-centro-reune-32-filmes\/"}],"_links":{"self":[{"href":"https:\/\/www.encontracentrosaopaulo.com.br\/sobre\/wp-json\/wp\/v2\/posts\/705","targetHints":{"allow":["GET"]}}],"collection":[{"href":"https:\/\/www.encontracentrosaopaulo.com.br\/sobre\/wp-json\/wp\/v2\/posts"}],"about":[{"href":"https:\/\/www.encontracentrosaopaulo.com.br\/sobre\/wp-json\/wp\/v2\/types\/post"}],"author":[{"embeddable":true,"href":"https:\/\/www.encontracentrosaopaulo.com.br\/sobre\/wp-json\/wp\/v2\/users\/1"}],"replies":[{"embeddable":true,"href":"https:\/\/www.encontracentrosaopaulo.com.br\/sobre\/wp-json\/wp\/v2\/comments?post=705"}],"version-history":[{"count":0,"href":"https:\/\/www.encontracentrosaopaulo.com.br\/sobre\/wp-json\/wp\/v2\/posts\/705\/revisions"}],"wp:attachment":[{"href":"https:\/\/www.encontracentrosaopaulo.com.br\/sobre\/wp-json\/wp\/v2\/media?parent=705"}],"wp:term":[{"taxonomy":"category","embeddable":true,"href":"https:\/\/www.encontracentrosaopaulo.com.br\/sobre\/wp-json\/wp\/v2\/categories?post=705"},{"taxonomy":"post_tag","embeddable":true,"href":"https:\/\/www.encontracentrosaopaulo.com.br\/sobre\/wp-json\/wp\/v2\/tags?post=705"}],"curies":[{"name":"wp","href":"https:\/\/api.w.org\/{rel}","templated":true}]}}