{"id":7110,"date":"2026-08-06T07:06:11","date_gmt":"2026-08-06T10:06:11","guid":{"rendered":"https:\/\/www.encontracentrosaopaulo.com.br\/sobre\/brasil-de-fato-participa-da-flipei-em-sao-paulo-sp-em-debate-sobre-jornalismo-independente\/"},"modified":"2026-08-06T07:06:11","modified_gmt":"2026-08-06T10:06:11","slug":"brasil-de-fato-participa-da-flipei-em-sao-paulo-sp-em-debate-sobre-jornalismo-independente","status":"publish","type":"post","link":"https:\/\/www.encontracentrosaopaulo.com.br\/sobre\/brasil-de-fato-participa-da-flipei-em-sao-paulo-sp-em-debate-sobre-jornalismo-independente\/","title":{"rendered":"Brasil de Fato participa da Flipei, em S\u00e3o Paulo (SP), em debate sobre jornalismo independente"},"content":{"rendered":"<div class=\"d6585b5127f45a35450431d0abc3f90c\" data-index=\"1\" style=\"float: none; margin:0px;\">\n<!-- Anuncio display - global -->\r\n<ins class=\"adsbygoogle\"\r\n     style=\"display:block\"\r\n     data-ad-client=\"ca-pub-8585364105181520\"\r\n     data-ad-slot=\"8789329856\"\r\n     data-ad-format=\"auto\"\r\n     data-full-width-responsive=\"true\"><\/ins>\r\n<script>\r\n     (adsbygoogle = window.adsbygoogle || []).push({});\r\n<\/script>\n<\/div>\n<h2>O que \u00e9 a Flipei?<\/h2>\n<p>A Flipei, ou Festa Liter\u00e1ria Pirata das Editoras Independentes, \u00e9 um evento que tem se destacado no cen\u00e1rio cultural brasileiro. Esta festa celebra a diversidade das editoras independentes e promove discuss\u00f5es sobre literatura, pol\u00edtica e as pr\u00e1ticas editoriais contempor\u00e2neas. A Flipei \u00e9 um espa\u00e7o vibrante, onde escritores, editores e leitores se re\u00fanem para explorar ideias inovadoras e pr\u00e1ticas que impactam a sociedade.<\/p>\n<h2>Como Participar do Evento<\/h2>\n<p>Para participar da Flipei, os interessados devem ficar atentos \u00e0s datas e locais divulgados nas redes sociais e no site oficial do evento. A inscri\u00e7\u00e3o pode incluir diferentes tipos de atividades, como presen\u00e7a em debates, palestras e atividades culturais. Al\u00e9m disso, \u00e9 importante conferir a programa\u00e7\u00e3o para se organizar e participar de talks e workshops relevantes que est\u00e3o agendados durante o evento.<\/p>\n<h2>Principais Palestrantes<\/h2>\n<p>A Flipei geralmente conta com a presen\u00e7a de figuras proeminentes do jornalismo independente e da literatura. Nesta edi\u00e7\u00e3o, os participantes se reunir\u00e3o para discutir aspectos cruciais do jornalismo progressista. Entre os palestrantes esperados est\u00e3o:<\/p>\n<p><img decoding=\"async\" src=\"https:\/\/www.encontracentrosaopaulo.com.br\/sobre\/wp-content\/uploads\/brasil-de-fato-participa-da-flipei-em-sao-paulo-sp-em-debate-sobre-jornalismo-independente.webp\" alt=\"jornalismo independente\" loading=\"lazy\" \/><\/p>\n<ul>\n<li><strong>Monyse Ravena:<\/strong> Coordenadora de jornalismo do Brasil de Fato<\/li>\n<li><strong>Dri Delorenzo:<\/strong> Presidente da Associa\u00e7\u00e3o Brasileira de M\u00eddia Digital e editora executiva da Revista F\u00f3rum<\/li>\n<li><strong>Renato Rovai:<\/strong> Fundador e diretor de reda\u00e7\u00e3o da Revista F\u00f3rum<\/li>\n<li><strong>Florestan Fernandes Jr:<\/strong> Editor do Brasil 247<\/li>\n<li><strong>Kiko Nogueira:<\/strong> Diretor do Di\u00e1rio do Centro do Mundo<\/li>\n<li><strong>Luis Nassif:<\/strong> Fundador e diretor do Jornal GGN<\/li>\n<\/ul>\n<h2>Desafios do Jornalismo Independente<\/h2>\n<p>O jornalismo independente enfrenta uma s\u00e9rie de desafios significativos no panorama atual. Durante o debate, quest\u00f5es como a concentra\u00e7\u00e3o da m\u00eddia, a busca por sustentabilidade financeira, o impacto das plataformas digitais e a luta contra a desinforma\u00e7\u00e3o ser\u00e3o abordadas. Os palestrantes compartilhar\u00e3o suas experi\u00eancias e estrat\u00e9gias para enfrentar as dificuldades que surgem ao operar fora do dom\u00ednio das grandes corpora\u00e7\u00f5es de m\u00eddia.<\/p>\n<h2>Impacto das M\u00eddias Digitais<\/h2>\n<p>Com o advento das m\u00eddias digitais, a forma como consumimos e produzimos not\u00edcias mudou drasticamente. No debate, os especialistas destacar\u00e3o como essas plataformas n\u00e3o apenas democratizaram a informa\u00e7\u00e3o, mas tamb\u00e9m criaram novos desafios, como a prolifera\u00e7\u00e3o da desinforma\u00e7\u00e3o e a dificuldade em manter a credibilidade. Discutir-se-\u00e1 como \u00e9 poss\u00edvel usar essas ferramentas digitais em favor do jornalismo independente.<\/p>\n<h2>Sustentabilidade Financeira no Jornalismo<\/h2>\n<p>A busca por modelos de neg\u00f3cios que garantam a sustentabilidade financeira no jornalismo independente \u00e9 um t\u00f3pico crucial. O debate ir\u00e1 abordar como as organiza\u00e7\u00f5es podem se financiar sem depender exclusivamente da publicidade tradicional, incluindo discuss\u00f5es sobre campanhas de financiamento coletivo, assinaturas e parcerias estrat\u00e9gicas.<\/p>\n<h2>Combate \u00e0 Desinforma\u00e7\u00e3o<\/h2>\n<p>Um dos maiores desafios do jornalismo contempor\u00e2neo \u00e9 a desinforma\u00e7\u00e3o. Durante a Flipei, os participantes debater\u00e3o estrat\u00e9gias para reconhecer e combater fake news, ressaltando a import\u00e2ncia da checagem de fatos e da constru\u00e7\u00e3o de uma cultura informativa cr\u00edtica entre os leitores. Os palestrantes discutir\u00e3o como aumentar a alfabetiza\u00e7\u00e3o midi\u00e1tica da popula\u00e7\u00e3o em geral.<\/p>\n<h2>A Hist\u00f3ria da Flipei<\/h2>\n<p>A Flipei teve seu in\u00edcio como uma resposta \u00e0 necessidade de dar voz a editoras que muitas vezes n\u00e3o s\u00e3o ouvidas. A hist\u00f3ria do evento \u00e9 marcada por um compromisso com a diversidade cultural e a resist\u00eancia contra a censura. Ap\u00f3s um epis\u00f3dio de tentativa de censura em 2025, o evento alcan\u00e7ou maior reconhecimento, atraindo um p\u00fablico diversificado e alcan\u00e7ando recordes de visitantes e vendas.<\/p>\n<h2>Import\u00e2ncia da M\u00eddia Progressista<\/h2>\n<p>A m\u00eddia progressista desempenha um papel vital na sociedade ao promover vozes que, de outra forma, seriam marginalizadas. Durante os debates da Flipei, ser\u00e1 discutido como essa m\u00eddia contribui para uma sociedade mais justa e igualit\u00e1ria, trazendo \u00e0 tona quest\u00f5es sociais, pol\u00edticas e econ\u00f4micas relevantes. O papel da m\u00eddia progressista \u00e9 fundamental para o fortalecimento da democracia e do debate p\u00fablico.<\/p>\n<h2>Eventos Similares ao Redor do Mundo<\/h2>\n<p>Al\u00e9m da Flipei, existem outros encontros ao redor do mundo que promovem o debate liter\u00e1rio e a defesa do jornalismo independente. Esses eventos, como a Hay Festival no Reino Unido e a Book Expo America, demonstram a import\u00e2ncia global de espa\u00e7os que incentivam a reflex\u00e3o cr\u00edtica e a celebra\u00e7\u00e3o da diversidade cultural. Compartilhar experi\u00eancias entre essas plataformas pode enriquecer o cen\u00e1rio liter\u00e1rio e de imprensa em diferentes pa\u00edses.<\/p>\n\n<div style=\"font-size: 0px; height: 0px; line-height: 0px; margin: 0; padding: 0; clear: both;\"><\/div>","protected":false},"excerpt":{"rendered":"<p>Flipei 2026 traz debate sobre jornalismo independente e seus desafios.<\/p>\n","protected":false},"author":1,"featured_media":7109,"comment_status":"open","ping_status":"closed","sticky":false,"template":"","format":"standard","meta":{"footnotes":""},"categories":[6],"tags":[],"class_list":["post-7110","post","type-post","status-publish","format-standard","has-post-thumbnail","hentry","category-noticias-no-centro-sp","has_thumb"],"aioseo_notices":[],"aioseo_head":"\n\t\t<!-- All in One SEO 5.0.0.1 - aioseo.com -->\n\t<meta name=\"description\" content=\"Flipei 2026 traz debate sobre jornalismo independente e seus desafios.\" \/>\n\t<meta name=\"robots\" content=\"max-image-preview:large\" \/>\n\t<meta name=\"author\" content=\"Encontra Centro SP\"\/>\n\t<link rel=\"canonical\" href=\"https:\/\/www.encontracentrosaopaulo.com.br\/sobre\/brasil-de-fato-participa-da-flipei-em-sao-paulo-sp-em-debate-sobre-jornalismo-independente\/\" \/>\n\t<meta name=\"generator\" content=\"All in One SEO (AIOSEO) 5.0.0.1\" \/>\n\t\t<meta property=\"og:locale\" content=\"pt_BR\" \/>\n\t\t<meta property=\"og:site_name\" content=\"Encontra Centro SP | Not\u00edcias, eventos, informa\u00e7\u00f5es e dicas na cidade de Centro SP e regi\u00e3o.\" \/>\n\t\t<meta property=\"og:type\" content=\"article\" \/>\n\t\t<meta property=\"og:title\" content=\"Brasil de Fato participa da Flipei, em S\u00e3o Paulo (SP), em debate sobre jornalismo independente | Encontra Centro SP\" \/>\n\t\t<meta property=\"og:description\" content=\"Flipei 2026 traz debate sobre jornalismo independente e seus desafios.\" \/>\n\t\t<meta property=\"og:url\" content=\"https:\/\/www.encontracentrosaopaulo.com.br\/sobre\/brasil-de-fato-participa-da-flipei-em-sao-paulo-sp-em-debate-sobre-jornalismo-independente\/\" \/>\n\t\t<meta property=\"article:published_time\" content=\"2026-08-06T10:06:11+00:00\" \/>\n\t\t<meta property=\"article:modified_time\" content=\"2026-08-06T10:06:11+00:00\" \/>\n\t\t<meta name=\"twitter:card\" content=\"summary\" \/>\n\t\t<meta name=\"twitter:title\" content=\"Brasil de Fato participa da Flipei, em S\u00e3o Paulo (SP), em debate sobre jornalismo independente | Encontra Centro SP\" \/>\n\t\t<meta name=\"twitter:description\" content=\"Flipei 2026 traz debate sobre jornalismo independente e seus desafios.\" \/>\n\t\t<script type=\"application\/ld+json\" class=\"aioseo-schema\">\n\t\t\t{\"@context\":\"https:\\\/\\\/schema.org\",\"@graph\":[{\"@type\":\"Article\",\"@id\":\"https:\\\/\\\/www.encontracentrosaopaulo.com.br\\\/sobre\\\/brasil-de-fato-participa-da-flipei-em-sao-paulo-sp-em-debate-sobre-jornalismo-independente\\\/#article\",\"name\":\"Brasil de Fato participa da Flipei, em S\\u00e3o Paulo (SP), em debate sobre jornalismo independente | Encontra Centro SP\",\"headline\":\"Brasil de Fato participa da Flipei, em S\\u00e3o Paulo (SP), em debate sobre jornalismo independente\",\"author\":{\"@id\":\"https:\\\/\\\/www.encontracentrosaopaulo.com.br\\\/sobre\\\/author\\\/ecentrosaopaulo\\\/#author\"},\"publisher\":{\"@id\":\"https:\\\/\\\/www.encontracentrosaopaulo.com.br\\\/sobre\\\/#organization\"},\"image\":{\"@type\":\"ImageObject\",\"url\":\"https:\\\/\\\/www.encontracentrosaopaulo.com.br\\\/sobre\\\/wp-content\\\/uploads\\\/brasil-de-fato-participa-da-flipei-em-sao-paulo-sp-em-debate-sobre-jornalismo-independente.webp\",\"width\":280,\"height\":280,\"caption\":\"jornalismo independente\"},\"datePublished\":\"2026-08-06T07:06:11-03:00\",\"dateModified\":\"2026-08-06T07:06:11-03:00\",\"inLanguage\":\"pt-BR\",\"mainEntityOfPage\":{\"@id\":\"https:\\\/\\\/www.encontracentrosaopaulo.com.br\\\/sobre\\\/brasil-de-fato-participa-da-flipei-em-sao-paulo-sp-em-debate-sobre-jornalismo-independente\\\/#webpage\"},\"isPartOf\":{\"@id\":\"https:\\\/\\\/www.encontracentrosaopaulo.com.br\\\/sobre\\\/brasil-de-fato-participa-da-flipei-em-sao-paulo-sp-em-debate-sobre-jornalismo-independente\\\/#webpage\"},\"articleSection\":\"Not\\u00edcias Centro SP\"},{\"@type\":\"BreadcrumbList\",\"@id\":\"https:\\\/\\\/www.encontracentrosaopaulo.com.br\\\/sobre\\\/brasil-de-fato-participa-da-flipei-em-sao-paulo-sp-em-debate-sobre-jornalismo-independente\\\/#breadcrumblist\",\"itemListElement\":[{\"@type\":\"ListItem\",\"@id\":\"https:\\\/\\\/www.encontracentrosaopaulo.com.br\\\/sobre#listItem\",\"position\":1,\"name\":\"In\\u00edcio\",\"item\":\"https:\\\/\\\/www.encontracentrosaopaulo.com.br\\\/sobre\",\"nextItem\":{\"@type\":\"ListItem\",\"@id\":\"https:\\\/\\\/www.encontracentrosaopaulo.com.br\\\/sobre\\\/noticias-no-centro-sp\\\/#listItem\",\"name\":\"Not\\u00edcias Centro SP\"}},{\"@type\":\"ListItem\",\"@id\":\"https:\\\/\\\/www.encontracentrosaopaulo.com.br\\\/sobre\\\/noticias-no-centro-sp\\\/#listItem\",\"position\":2,\"name\":\"Not\\u00edcias Centro SP\",\"item\":\"https:\\\/\\\/www.encontracentrosaopaulo.com.br\\\/sobre\\\/noticias-no-centro-sp\\\/\",\"nextItem\":{\"@type\":\"ListItem\",\"@id\":\"https:\\\/\\\/www.encontracentrosaopaulo.com.br\\\/sobre\\\/brasil-de-fato-participa-da-flipei-em-sao-paulo-sp-em-debate-sobre-jornalismo-independente\\\/#listItem\",\"name\":\"Brasil de Fato participa da Flipei, em S\\u00e3o Paulo (SP), em debate sobre jornalismo independente\"},\"previousItem\":{\"@type\":\"ListItem\",\"@id\":\"https:\\\/\\\/www.encontracentrosaopaulo.com.br\\\/sobre#listItem\",\"name\":\"In\\u00edcio\"}},{\"@type\":\"ListItem\",\"@id\":\"https:\\\/\\\/www.encontracentrosaopaulo.com.br\\\/sobre\\\/brasil-de-fato-participa-da-flipei-em-sao-paulo-sp-em-debate-sobre-jornalismo-independente\\\/#listItem\",\"position\":3,\"name\":\"Brasil de Fato participa da Flipei, em S\\u00e3o Paulo (SP), em debate sobre jornalismo independente\",\"previousItem\":{\"@type\":\"ListItem\",\"@id\":\"https:\\\/\\\/www.encontracentrosaopaulo.com.br\\\/sobre\\\/noticias-no-centro-sp\\\/#listItem\",\"name\":\"Not\\u00edcias Centro SP\"}}]},{\"@type\":\"Organization\",\"@id\":\"https:\\\/\\\/www.encontracentrosaopaulo.com.br\\\/sobre\\\/#organization\",\"name\":\"Encontra Centro SP\",\"description\":\"Not\\u00edcias, eventos, informa\\u00e7\\u00f5es e dicas na cidade de Centro SP e regi\\u00e3o.\",\"url\":\"https:\\\/\\\/www.encontracentrosaopaulo.com.br\\\/sobre\\\/\"},{\"@type\":\"Person\",\"@id\":\"https:\\\/\\\/www.encontracentrosaopaulo.com.br\\\/sobre\\\/author\\\/ecentrosaopaulo\\\/#author\",\"url\":\"https:\\\/\\\/www.encontracentrosaopaulo.com.br\\\/sobre\\\/author\\\/ecentrosaopaulo\\\/\",\"name\":\"Encontra Centro SP\",\"image\":{\"@type\":\"ImageObject\",\"@id\":\"https:\\\/\\\/www.encontracentrosaopaulo.com.br\\\/sobre\\\/brasil-de-fato-participa-da-flipei-em-sao-paulo-sp-em-debate-sobre-jornalismo-independente\\\/#authorImage\",\"url\":\"https:\\\/\\\/secure.gravatar.com\\\/avatar\\\/507340682b8270222e1f208e23198b6ae7e2c6a1033ae84e99bc6bce4f82a387?s=96&d=mm&r=g\",\"width\":96,\"height\":96,\"caption\":\"Encontra Centro SP\"}},{\"@type\":\"WebPage\",\"@id\":\"https:\\\/\\\/www.encontracentrosaopaulo.com.br\\\/sobre\\\/brasil-de-fato-participa-da-flipei-em-sao-paulo-sp-em-debate-sobre-jornalismo-independente\\\/#webpage\",\"url\":\"https:\\\/\\\/www.encontracentrosaopaulo.com.br\\\/sobre\\\/brasil-de-fato-participa-da-flipei-em-sao-paulo-sp-em-debate-sobre-jornalismo-independente\\\/\",\"name\":\"Brasil de Fato participa da Flipei, em S\\u00e3o Paulo (SP), em debate sobre jornalismo independente | Encontra Centro SP\",\"description\":\"Flipei 2026 traz debate sobre jornalismo independente e seus desafios.\",\"inLanguage\":\"pt-BR\",\"isPartOf\":{\"@id\":\"https:\\\/\\\/www.encontracentrosaopaulo.com.br\\\/sobre\\\/#website\"},\"breadcrumb\":{\"@id\":\"https:\\\/\\\/www.encontracentrosaopaulo.com.br\\\/sobre\\\/brasil-de-fato-participa-da-flipei-em-sao-paulo-sp-em-debate-sobre-jornalismo-independente\\\/#breadcrumblist\"},\"author\":{\"@id\":\"https:\\\/\\\/www.encontracentrosaopaulo.com.br\\\/sobre\\\/author\\\/ecentrosaopaulo\\\/#author\"},\"creator\":{\"@id\":\"https:\\\/\\\/www.encontracentrosaopaulo.com.br\\\/sobre\\\/author\\\/ecentrosaopaulo\\\/#author\"},\"image\":{\"@type\":\"ImageObject\",\"url\":\"https:\\\/\\\/www.encontracentrosaopaulo.com.br\\\/sobre\\\/wp-content\\\/uploads\\\/brasil-de-fato-participa-da-flipei-em-sao-paulo-sp-em-debate-sobre-jornalismo-independente.webp\",\"@id\":\"https:\\\/\\\/www.encontracentrosaopaulo.com.br\\\/sobre\\\/brasil-de-fato-participa-da-flipei-em-sao-paulo-sp-em-debate-sobre-jornalismo-independente\\\/#mainImage\",\"width\":280,\"height\":280,\"caption\":\"jornalismo independente\"},\"primaryImageOfPage\":{\"@id\":\"https:\\\/\\\/www.encontracentrosaopaulo.com.br\\\/sobre\\\/brasil-de-fato-participa-da-flipei-em-sao-paulo-sp-em-debate-sobre-jornalismo-independente\\\/#mainImage\"},\"datePublished\":\"2026-08-06T07:06:11-03:00\",\"dateModified\":\"2026-08-06T07:06:11-03:00\"},{\"@type\":\"WebSite\",\"@id\":\"https:\\\/\\\/www.encontracentrosaopaulo.com.br\\\/sobre\\\/#website\",\"url\":\"https:\\\/\\\/www.encontracentrosaopaulo.com.br\\\/sobre\\\/\",\"name\":\"Encontra Centro SP\",\"description\":\"Not\\u00edcias, eventos, informa\\u00e7\\u00f5es e dicas na cidade de Centro SP e regi\\u00e3o.\",\"inLanguage\":\"pt-BR\",\"publisher\":{\"@id\":\"https:\\\/\\\/www.encontracentrosaopaulo.com.br\\\/sobre\\\/#organization\"}}]}\n\t\t<\/script>\n\t\t<!-- All in One SEO -->\n\n","aioseo_head_json":{"title":"Brasil de Fato participa da Flipei, em S\u00e3o Paulo (SP), em debate sobre jornalismo independente | Encontra Centro SP","description":"Flipei 2026 traz debate sobre jornalismo independente e seus desafios.","canonical_url":"https:\/\/www.encontracentrosaopaulo.com.br\/sobre\/brasil-de-fato-participa-da-flipei-em-sao-paulo-sp-em-debate-sobre-jornalismo-independente\/","robots":"max-image-preview:large","keywords":"","webmasterTools":{"miscellaneous":""},"schema":{"@context":"https:\/\/schema.org","@graph":[{"@type":"Article","@id":"https:\/\/www.encontracentrosaopaulo.com.br\/sobre\/brasil-de-fato-participa-da-flipei-em-sao-paulo-sp-em-debate-sobre-jornalismo-independente\/#article","name":"Brasil de Fato participa da Flipei, em S\u00e3o Paulo (SP), em debate sobre jornalismo independente | Encontra Centro SP","headline":"Brasil de Fato participa da Flipei, em S\u00e3o Paulo (SP), em debate sobre jornalismo independente","author":{"@id":"https:\/\/www.encontracentrosaopaulo.com.br\/sobre\/author\/ecentrosaopaulo\/#author"},"publisher":{"@id":"https:\/\/www.encontracentrosaopaulo.com.br\/sobre\/#organization"},"image":{"@type":"ImageObject","url":"https:\/\/www.encontracentrosaopaulo.com.br\/sobre\/wp-content\/uploads\/brasil-de-fato-participa-da-flipei-em-sao-paulo-sp-em-debate-sobre-jornalismo-independente.webp","width":280,"height":280,"caption":"jornalismo independente"},"datePublished":"2026-08-06T07:06:11-03:00","dateModified":"2026-08-06T07:06:11-03:00","inLanguage":"pt-BR","mainEntityOfPage":{"@id":"https:\/\/www.encontracentrosaopaulo.com.br\/sobre\/brasil-de-fato-participa-da-flipei-em-sao-paulo-sp-em-debate-sobre-jornalismo-independente\/#webpage"},"isPartOf":{"@id":"https:\/\/www.encontracentrosaopaulo.com.br\/sobre\/brasil-de-fato-participa-da-flipei-em-sao-paulo-sp-em-debate-sobre-jornalismo-independente\/#webpage"},"articleSection":"Not\u00edcias Centro SP"},{"@type":"BreadcrumbList","@id":"https:\/\/www.encontracentrosaopaulo.com.br\/sobre\/brasil-de-fato-participa-da-flipei-em-sao-paulo-sp-em-debate-sobre-jornalismo-independente\/#breadcrumblist","itemListElement":[{"@type":"ListItem","@id":"https:\/\/www.encontracentrosaopaulo.com.br\/sobre#listItem","position":1,"name":"In\u00edcio","item":"https:\/\/www.encontracentrosaopaulo.com.br\/sobre","nextItem":{"@type":"ListItem","@id":"https:\/\/www.encontracentrosaopaulo.com.br\/sobre\/noticias-no-centro-sp\/#listItem","name":"Not\u00edcias Centro SP"}},{"@type":"ListItem","@id":"https:\/\/www.encontracentrosaopaulo.com.br\/sobre\/noticias-no-centro-sp\/#listItem","position":2,"name":"Not\u00edcias Centro SP","item":"https:\/\/www.encontracentrosaopaulo.com.br\/sobre\/noticias-no-centro-sp\/","nextItem":{"@type":"ListItem","@id":"https:\/\/www.encontracentrosaopaulo.com.br\/sobre\/brasil-de-fato-participa-da-flipei-em-sao-paulo-sp-em-debate-sobre-jornalismo-independente\/#listItem","name":"Brasil de Fato participa da Flipei, em S\u00e3o Paulo (SP), em debate sobre jornalismo independente"},"previousItem":{"@type":"ListItem","@id":"https:\/\/www.encontracentrosaopaulo.com.br\/sobre#listItem","name":"In\u00edcio"}},{"@type":"ListItem","@id":"https:\/\/www.encontracentrosaopaulo.com.br\/sobre\/brasil-de-fato-participa-da-flipei-em-sao-paulo-sp-em-debate-sobre-jornalismo-independente\/#listItem","position":3,"name":"Brasil de Fato participa da Flipei, em S\u00e3o Paulo (SP), em debate sobre jornalismo independente","previousItem":{"@type":"ListItem","@id":"https:\/\/www.encontracentrosaopaulo.com.br\/sobre\/noticias-no-centro-sp\/#listItem","name":"Not\u00edcias Centro SP"}}]},{"@type":"Organization","@id":"https:\/\/www.encontracentrosaopaulo.com.br\/sobre\/#organization","name":"Encontra Centro SP","description":"Not\u00edcias, eventos, informa\u00e7\u00f5es e dicas na cidade de Centro SP e regi\u00e3o.","url":"https:\/\/www.encontracentrosaopaulo.com.br\/sobre\/"},{"@type":"Person","@id":"https:\/\/www.encontracentrosaopaulo.com.br\/sobre\/author\/ecentrosaopaulo\/#author","url":"https:\/\/www.encontracentrosaopaulo.com.br\/sobre\/author\/ecentrosaopaulo\/","name":"Encontra Centro SP","image":{"@type":"ImageObject","@id":"https:\/\/www.encontracentrosaopaulo.com.br\/sobre\/brasil-de-fato-participa-da-flipei-em-sao-paulo-sp-em-debate-sobre-jornalismo-independente\/#authorImage","url":"https:\/\/secure.gravatar.com\/avatar\/507340682b8270222e1f208e23198b6ae7e2c6a1033ae84e99bc6bce4f82a387?s=96&d=mm&r=g","width":96,"height":96,"caption":"Encontra Centro SP"}},{"@type":"WebPage","@id":"https:\/\/www.encontracentrosaopaulo.com.br\/sobre\/brasil-de-fato-participa-da-flipei-em-sao-paulo-sp-em-debate-sobre-jornalismo-independente\/#webpage","url":"https:\/\/www.encontracentrosaopaulo.com.br\/sobre\/brasil-de-fato-participa-da-flipei-em-sao-paulo-sp-em-debate-sobre-jornalismo-independente\/","name":"Brasil de Fato participa da Flipei, em S\u00e3o Paulo (SP), em debate sobre jornalismo independente | Encontra Centro SP","description":"Flipei 2026 traz debate sobre jornalismo independente e seus desafios.","inLanguage":"pt-BR","isPartOf":{"@id":"https:\/\/www.encontracentrosaopaulo.com.br\/sobre\/#website"},"breadcrumb":{"@id":"https:\/\/www.encontracentrosaopaulo.com.br\/sobre\/brasil-de-fato-participa-da-flipei-em-sao-paulo-sp-em-debate-sobre-jornalismo-independente\/#breadcrumblist"},"author":{"@id":"https:\/\/www.encontracentrosaopaulo.com.br\/sobre\/author\/ecentrosaopaulo\/#author"},"creator":{"@id":"https:\/\/www.encontracentrosaopaulo.com.br\/sobre\/author\/ecentrosaopaulo\/#author"},"image":{"@type":"ImageObject","url":"https:\/\/www.encontracentrosaopaulo.com.br\/sobre\/wp-content\/uploads\/brasil-de-fato-participa-da-flipei-em-sao-paulo-sp-em-debate-sobre-jornalismo-independente.webp","@id":"https:\/\/www.encontracentrosaopaulo.com.br\/sobre\/brasil-de-fato-participa-da-flipei-em-sao-paulo-sp-em-debate-sobre-jornalismo-independente\/#mainImage","width":280,"height":280,"caption":"jornalismo independente"},"primaryImageOfPage":{"@id":"https:\/\/www.encontracentrosaopaulo.com.br\/sobre\/brasil-de-fato-participa-da-flipei-em-sao-paulo-sp-em-debate-sobre-jornalismo-independente\/#mainImage"},"datePublished":"2026-08-06T07:06:11-03:00","dateModified":"2026-08-06T07:06:11-03:00"},{"@type":"WebSite","@id":"https:\/\/www.encontracentrosaopaulo.com.br\/sobre\/#website","url":"https:\/\/www.encontracentrosaopaulo.com.br\/sobre\/","name":"Encontra Centro SP","description":"Not\u00edcias, eventos, informa\u00e7\u00f5es e dicas na cidade de Centro SP e regi\u00e3o.","inLanguage":"pt-BR","publisher":{"@id":"https:\/\/www.encontracentrosaopaulo.com.br\/sobre\/#organization"}}]},"og:locale":"pt_BR","og:site_name":"Encontra Centro SP | Not\u00edcias, eventos, informa\u00e7\u00f5es e dicas na cidade de Centro SP e regi\u00e3o.","og:type":"article","og:title":"Brasil de Fato participa da Flipei, em S\u00e3o Paulo (SP), em debate sobre jornalismo independente | Encontra Centro SP","og:description":"Flipei 2026 traz debate sobre jornalismo independente e seus desafios.","og:url":"https:\/\/www.encontracentrosaopaulo.com.br\/sobre\/brasil-de-fato-participa-da-flipei-em-sao-paulo-sp-em-debate-sobre-jornalismo-independente\/","article:published_time":"2026-08-06T10:06:11+00:00","article:modified_time":"2026-08-06T10:06:11+00:00","twitter:card":"summary","twitter:title":"Brasil de Fato participa da Flipei, em S\u00e3o Paulo (SP), em debate sobre jornalismo independente | Encontra Centro SP","twitter:description":"Flipei 2026 traz debate sobre jornalismo independente e seus desafios."},"aioseo_meta_data":{"post_id":"7110","title":null,"description":null,"keywords":null,"keyphrases":null,"primary_term":null,"canonical_url":null,"og_title":null,"og_description":null,"og_object_type":"default","og_image_type":"default","og_image_url":null,"og_image_width":null,"og_image_height":null,"og_image_custom_url":null,"og_image_custom_fields":null,"og_video":null,"og_custom_url":null,"og_article_section":null,"og_article_tags":null,"twitter_use_og":false,"twitter_card":"default","twitter_image_type":"default","twitter_image_url":null,"twitter_image_custom_url":null,"twitter_image_custom_fields":null,"twitter_title":null,"twitter_description":null,"schema":{"blockGraphs":[],"customGraphs":[],"default":{"data":{"Article":[],"Course":[],"Dataset":[],"FAQPage":[],"Movie":[],"Person":[],"Product":[],"ProductReview":[],"Car":[],"Recipe":[],"Service":[],"SoftwareApplication":[],"WebPage":[]},"graphName":"Article","isEnabled":true},"graphs":[]},"schema_type":"default","schema_type_options":null,"pillar_content":false,"robots_default":true,"robots_noindex":false,"robots_noarchive":false,"robots_nosnippet":false,"robots_nofollow":false,"robots_noimageindex":false,"robots_noodp":false,"robots_notranslate":false,"robots_max_snippet":null,"robots_max_videopreview":null,"robots_max_imagepreview":"large","priority":null,"frequency":null,"local_seo":null,"breadcrumb_settings":null,"limit_modified_date":false,"ai":null,"created":"2026-08-06 10:06:11","updated":"2026-08-06 10:25:10","seo_analyzer_scan_date":null,"focus_keyword":null,"additional_keywords":null,"truseo_locale":null},"aioseo_breadcrumb":"<div class=\"aioseo-breadcrumbs\"><span class=\"aioseo-breadcrumb\">\n\t\t\t<a href=\"https:\/\/www.encontracentrosaopaulo.com.br\/sobre\" title=\"In\u00edcio\">In\u00edcio<\/a>\n\t\t<\/span><span class=\"aioseo-breadcrumb-separator\">&raquo;<\/span><span class=\"aioseo-breadcrumb\">\n\t\t\t<a href=\"https:\/\/www.encontracentrosaopaulo.com.br\/sobre\/noticias-no-centro-sp\/\" title=\"Not\u00edcias Centro SP\">Not\u00edcias Centro SP<\/a>\n\t\t<\/span><span class=\"aioseo-breadcrumb-separator\">&raquo;<\/span><span class=\"aioseo-breadcrumb\">\n\t\t\tBrasil de Fato participa da Flipei, em S\u00e3o Paulo (SP), em debate sobre jornalismo independente\n\t\t<\/span><\/div>","aioseo_breadcrumb_json":[{"label":"In\u00edcio","link":"https:\/\/www.encontracentrosaopaulo.com.br\/sobre"},{"label":"Not\u00edcias Centro SP","link":"https:\/\/www.encontracentrosaopaulo.com.br\/sobre\/noticias-no-centro-sp\/"},{"label":"Brasil de Fato participa da Flipei, em S\u00e3o Paulo (SP), em debate sobre jornalismo independente","link":"https:\/\/www.encontracentrosaopaulo.com.br\/sobre\/brasil-de-fato-participa-da-flipei-em-sao-paulo-sp-em-debate-sobre-jornalismo-independente\/"}],"_links":{"self":[{"href":"https:\/\/www.encontracentrosaopaulo.com.br\/sobre\/wp-json\/wp\/v2\/posts\/7110","targetHints":{"allow":["GET"]}}],"collection":[{"href":"https:\/\/www.encontracentrosaopaulo.com.br\/sobre\/wp-json\/wp\/v2\/posts"}],"about":[{"href":"https:\/\/www.encontracentrosaopaulo.com.br\/sobre\/wp-json\/wp\/v2\/types\/post"}],"author":[{"embeddable":true,"href":"https:\/\/www.encontracentrosaopaulo.com.br\/sobre\/wp-json\/wp\/v2\/users\/1"}],"replies":[{"embeddable":true,"href":"https:\/\/www.encontracentrosaopaulo.com.br\/sobre\/wp-json\/wp\/v2\/comments?post=7110"}],"version-history":[{"count":0,"href":"https:\/\/www.encontracentrosaopaulo.com.br\/sobre\/wp-json\/wp\/v2\/posts\/7110\/revisions"}],"wp:featuredmedia":[{"embeddable":true,"href":"https:\/\/www.encontracentrosaopaulo.com.br\/sobre\/wp-json\/wp\/v2\/media\/7109"}],"wp:attachment":[{"href":"https:\/\/www.encontracentrosaopaulo.com.br\/sobre\/wp-json\/wp\/v2\/media?parent=7110"}],"wp:term":[{"taxonomy":"category","embeddable":true,"href":"https:\/\/www.encontracentrosaopaulo.com.br\/sobre\/wp-json\/wp\/v2\/categories?post=7110"},{"taxonomy":"post_tag","embeddable":true,"href":"https:\/\/www.encontracentrosaopaulo.com.br\/sobre\/wp-json\/wp\/v2\/tags?post=7110"}],"curies":[{"name":"wp","href":"https:\/\/api.w.org\/{rel}","templated":true}]}}