{"id":7122,"date":"2026-08-07T07:56:59","date_gmt":"2026-08-07T10:56:59","guid":{"rendered":"https:\/\/www.encontracentrosaopaulo.com.br\/sobre\/centro-de-sao-paulo-vive-rota-de-irreversibilidade-dizem-secretarios-em-forum-da-casacor\/"},"modified":"2026-08-07T07:56:59","modified_gmt":"2026-08-07T10:56:59","slug":"centro-de-sao-paulo-vive-rota-de-irreversibilidade-dizem-secretarios-em-forum-da-casacor","status":"publish","type":"post","link":"https:\/\/www.encontracentrosaopaulo.com.br\/sobre\/centro-de-sao-paulo-vive-rota-de-irreversibilidade-dizem-secretarios-em-forum-da-casacor\/","title":{"rendered":"Centro de S\u00e3o Paulo vive &#8220;rota de irreversibilidade&#8221;, dizem secret\u00e1rios em f\u00f3rum da CasaCor"},"content":{"rendered":"<div class=\"d6585b5127f45a35450431d0abc3f90c\" data-index=\"1\" style=\"float: none; margin:0px;\">\n<!-- Anuncio display - global -->\r\n<ins class=\"adsbygoogle\"\r\n     style=\"display:block\"\r\n     data-ad-client=\"ca-pub-8585364105181520\"\r\n     data-ad-slot=\"8789329856\"\r\n     data-ad-format=\"auto\"\r\n     data-full-width-responsive=\"true\"><\/ins>\r\n<script>\r\n     (adsbygoogle = window.adsbygoogle || []).push({});\r\n<\/script>\n<\/div>\n<h2>O Papel do Governo na Revitaliza\u00e7\u00e3o Urbana<\/h2>\n<p>No recente evento do 1\u00ba F\u00f3rum de Arquitetura e Urbanismo CasaCor, o foco girou em torno da revitaliza\u00e7\u00e3o do centro de S\u00e3o Paulo, destacando a import\u00e2ncia das iniciativas governamentais. Mediado por Darlan Firmato, o painel contou com a participa\u00e7\u00e3o de importantes autoridades, como Guilherme Afif Domingos, secret\u00e1rio extraordin\u00e1rio de Projetos Estrat\u00e9gicos do Governo do Estado de S\u00e3o Paulo. Afif enfatizou que a transforma\u00e7\u00e3o do centro exige um esfor\u00e7o conjunto entre as esferas municipal e estadual. O projeto para o novo centro administrativo delibera sobre o realocamento de 22 mil funcion\u00e1rios p\u00fablicos para uma \u00e1rea central, com um investimento estimado em R$ 6 bilh\u00f5es. Essa movimenta\u00e7\u00e3o do governo \u00e9 vista como um vetor crucial para a transforma\u00e7\u00e3o da regi\u00e3o.<\/p>\n<h2>Iniciativas de Mobilidade e Seguran\u00e7a no Centro<\/h2>\n<p>A seguran\u00e7a no centro de S\u00e3o Paulo \u00e9 uma preocupa\u00e7\u00e3o central para as autoridades. Afif Domingos fez quest\u00e3o de afirmar que atualmente \u00e9 mais seguro transitar pelo centro do que em locais como a Avenida Faria Lima. Essa afirma\u00e7\u00e3o \u00e9 respaldada pelos planos de revitaliza\u00e7\u00e3o que incluem o aumento da presen\u00e7a policial e a implementa\u00e7\u00e3o de um sistema de c\u00e2meras de seguran\u00e7a, que j\u00e1 conta com mais de 5 mil unidades. Marcos Monteiro, secret\u00e1rio municipal de Infraestrutura Urbana e Obras, detalhou a\u00e7\u00f5es intersecretariais do programa Todos pelo Centro, que n\u00e3o apenas busca melhorias na infraestrutura, mas inclui tamb\u00e9m solu\u00e7\u00f5es para pessoas em situa\u00e7\u00e3o de rua, visando garantir uma cidade mais inclusiva.<\/p>\n<h2>Benef\u00edcios Econ\u00f4micos da Revitaliza\u00e7\u00e3o<\/h2>\n<p>A revitaliza\u00e7\u00e3o do centro traz consigo uma s\u00e9rie de benef\u00edcios econ\u00f4micos. A transforma\u00e7\u00e3o da \u00e1rea n\u00e3o se limita a aspectos visuais, mas tamb\u00e9m gera novas oportunidades de neg\u00f3cios. Fabr\u00edcio Cobra, secret\u00e1rio municipal das Subprefeituras, destacou a proposta de ocupa\u00e7\u00e3o de im\u00f3veis vazios atrav\u00e9s do programa Requalifica Centro. Essa iniciativa oferece incentivos fiscais, incluindo isen\u00e7\u00e3o de IPTU e subs\u00eddios que podem chegar a 25% para reformas, promovendo o crescimento de novas unidades habitacionais e comerciais. O objetivo \u00e9 atrair at\u00e9 220 mil novos residentes ao centro, criando um ciclo virtuoso de revitaliza\u00e7\u00e3o e desenvolvimento econ\u00f4mico.<\/p>\n<p><img decoding=\"async\" src=\"https:\/\/www.encontracentrosaopaulo.com.br\/sobre\/wp-content\/uploads\/centro-de-sao-paulo-vive-rota-de-irreversibilidade-dizem-secretarios-em-forum-da-casacor.webp\" alt=\"Centro de S\u00e3o Paulo\" loading=\"lazy\" \/><\/p>\n<h2>Programas de Inclus\u00e3o e Qualidade de Vida<\/h2>\n<p>Um dos pontos altos discutidos no f\u00f3rum foi o compromisso com a inclus\u00e3o e a melhoria da qualidade de vida dos moradores. Afif Domingos mencionou a desativa\u00e7\u00e3o da Favela do Moinho como um marco simb\u00f3lico, onde 850 fam\u00edlias est\u00e3o sendo reubicadas para uma nova \u00e1rea, que ser\u00e1 transformada em parque. Essa a\u00e7\u00e3o \u00e9 um exemplo do esfor\u00e7o cont\u00ednuo para oferecer moradia digna a todos, integrando espa\u00e7os de lazer e seguran\u00e7a no centro da cidade.<\/p>\n<h2>Transforma\u00e7\u00e3o da Infraestrutura Urbana<\/h2>\n<p>A complexidade da infraestrutura urbana do centro de S\u00e3o Paulo \u00e9 um desafio que os respons\u00e1veis pelas obras est\u00e3o enfrentando. Marcos Monteiro apresentou as dificuldades encontradas no subsolo, revelando que a regi\u00e3o abriga 65 operadoras de telecomunica\u00e7\u00f5es e uma confus\u00e3o de cabos e tubula\u00e7\u00f5es. As imagens das obras de requalifica\u00e7\u00e3o do Tri\u00e2ngulo Hist\u00f3rico e do Quadril\u00e1tero Rep\u00fablica, que j\u00e1 ultrapassam R$ 200 milh\u00f5es em investimentos, destacam os esfor\u00e7os para modernizar e revitalizar essas \u00e1reas, mantendo a estabilidade e seguran\u00e7a da infraestrutura existente.<\/p>\n<h2>A Import\u00e2ncia da Cultura na Revitaliza\u00e7\u00e3o<\/h2>\n<p>A cultura \u00e9 um pilar fundamental na revitaliza\u00e7\u00e3o do centro. A concentra\u00e7\u00e3o de equipamentos culturais, como a Sala S\u00e3o Paulo e o Museu da L\u00edngua Portuguesa, serve como um atrativo para o p\u00fablico e impulsiona a vida cultural da regi\u00e3o. O projeto de um cal\u00e7ad\u00e3o cultural que liga esses espa\u00e7os promete fomentar a intera\u00e7\u00e3o entre os cidad\u00e3os e as riquezas culturais da cidade. Fabr\u00edcio Cobra tamb\u00e9m mencionou eventos como a Virada Cultural, que atraem visitantes e ressaltam a import\u00e2ncia do espa\u00e7o urbano como palco para a cultura.<\/p>\n<h2>Impactos da Revitaliza\u00e7\u00e3o no Com\u00e9rcio Local<\/h2>\n<p>A revitaliza\u00e7\u00e3o do centro n\u00e3o apenas melhora a infraestrutura, mas tamb\u00e9m impacta positivamente o com\u00e9rcio local. A presen\u00e7a de novos espa\u00e7os habitacionais e o aumento do fluxo de pessoas criam novas oportunidades para comerciantes e empres\u00e1rios. O programa Requalifica Centro soma-se a esses esfor\u00e7os, promovendo a ocupa\u00e7\u00e3o de im\u00f3veis e a recupera\u00e7\u00e3o de \u00e1reas comerciais, resultando em um ambiente mais din\u00e2mico e atrativo.<\/p>\n<h2>Futuro do Centro: Expectativas e Projetos<\/h2>\n<p>Os secret\u00e1rios foram un\u00e2nimes em compartilhar uma vis\u00e3o otimista para o futuro do centro de S\u00e3o Paulo. Domingos anunciou planos para revitalizar cinemas hist\u00f3ricos da regi\u00e3o, visando recri\u00e1-los como pontos de encontro e vida social, como o Cine Marrocos e o Hotel Esplanada. Esses projetos visam resgatar a hist\u00f3ria e a cultura, integrando-as \u00e0 modernidade. O conceito de &#8220;Volta ao Futuro&#8221; foi usado para descrever a inten\u00e7\u00e3o de resgatar o passado enquanto se avan\u00e7a para uma cidade mais inclusiva e vibrante.<\/p>\n<h2>Desafios Enfrentados na Revitaliza\u00e7\u00e3o<\/h2>\n<p>Apesar dos avan\u00e7os, os desafios permanecem. A burocracia e a lentid\u00e3o nos processos de aprova\u00e7\u00e3o junto a \u00f3rg\u00e3os patrimoniais s\u00e3o frequentemente citadas como barreiras para a r\u00e1pida implementa\u00e7\u00e3o de projetos. Cobra enfatizou que, embora a preserva\u00e7\u00e3o do patrim\u00f4nio hist\u00f3rico seja vital, a agilidade nas decis\u00f5es \u00e9 igualmente importante para que as obras n\u00e3o fiquem paralisadas por longos per\u00edodos. Essa din\u00e2mica entre a prote\u00e7\u00e3o do patrim\u00f4nio e a necessidade de avan\u00e7o urbano \u00e9 um aspecto cr\u00edtico que requer aten\u00e7\u00e3o constante.<\/p>\n<h2>Casos de Sucesso em Revitaliza\u00e7\u00e3o Urbana<\/h2>\n<p>As experi\u00eancias positivas em revitaliza\u00e7\u00e3o urbana em S\u00e3o Paulo s\u00e3o inspira\u00e7\u00f5es para outros projetos. A transforma\u00e7\u00e3o de \u00e1reas como a Pra\u00e7a do Patriarca e a integra\u00e7\u00e3o com a regi\u00e3o da Esta\u00e7\u00e3o da Luz mostram o potencial de desenvolvimento quando h\u00e1 um planejamento coordenado. O foco em seguran\u00e7a, inclus\u00e3o e investimentos p\u00fablicos e privados tem se mostrado uma f\u00f3rmula eficaz para revitalizar centros urbanos desgastados, promovendo n\u00e3o apenas a est\u00e9tica, mas a funcionalidade e a qualidade de vida.<\/p>\n<p>Com todos esses esfor\u00e7os, a revitaliza\u00e7\u00e3o do centro de S\u00e3o Paulo n\u00e3o \u00e9 apenas uma tend\u00eancia passageira, mas sim uma rota de irreversibilidade que promete transformar permanentemente a paisagem urbana e a vida dos cidad\u00e3os.<\/p>\n\n<div style=\"font-size: 0px; height: 0px; line-height: 0px; margin: 0; padding: 0; clear: both;\"><\/div>","protected":false},"excerpt":{"rendered":"<p>Centro de S\u00e3o Paulo passa por uma transformadora rota de irreversibilidade.<\/p>\n","protected":false},"author":1,"featured_media":7121,"comment_status":"open","ping_status":"closed","sticky":false,"template":"","format":"standard","meta":{"footnotes":""},"categories":[6],"tags":[],"class_list":["post-7122","post","type-post","status-publish","format-standard","has-post-thumbnail","hentry","category-noticias-no-centro-sp","has_thumb"],"aioseo_notices":[],"aioseo_head":"\n\t\t<!-- All in One SEO 5.0.0.1 - aioseo.com -->\n\t<meta name=\"description\" content=\"Centro de S\u00e3o Paulo passa por uma transformadora rota de irreversibilidade.\" \/>\n\t<meta name=\"robots\" content=\"max-image-preview:large\" \/>\n\t<meta name=\"author\" content=\"Encontra Centro SP\"\/>\n\t<link rel=\"canonical\" href=\"https:\/\/www.encontracentrosaopaulo.com.br\/sobre\/centro-de-sao-paulo-vive-rota-de-irreversibilidade-dizem-secretarios-em-forum-da-casacor\/\" \/>\n\t<meta name=\"generator\" content=\"All in One SEO (AIOSEO) 5.0.0.1\" \/>\n\t\t<meta property=\"og:locale\" content=\"pt_BR\" \/>\n\t\t<meta property=\"og:site_name\" content=\"Encontra Centro SP | Not\u00edcias, eventos, informa\u00e7\u00f5es e dicas na cidade de Centro SP e regi\u00e3o.\" \/>\n\t\t<meta property=\"og:type\" content=\"article\" \/>\n\t\t<meta property=\"og:title\" content=\"Centro de S\u00e3o Paulo vive \u201crota de irreversibilidade\u201d, dizem secret\u00e1rios em f\u00f3rum da CasaCor | Encontra Centro SP\" \/>\n\t\t<meta property=\"og:description\" content=\"Centro de S\u00e3o Paulo passa por uma transformadora rota de irreversibilidade.\" \/>\n\t\t<meta property=\"og:url\" content=\"https:\/\/www.encontracentrosaopaulo.com.br\/sobre\/centro-de-sao-paulo-vive-rota-de-irreversibilidade-dizem-secretarios-em-forum-da-casacor\/\" \/>\n\t\t<meta property=\"article:published_time\" content=\"2026-08-07T10:56:59+00:00\" \/>\n\t\t<meta property=\"article:modified_time\" content=\"2026-08-07T10:56:59+00:00\" \/>\n\t\t<meta name=\"twitter:card\" content=\"summary\" \/>\n\t\t<meta name=\"twitter:title\" content=\"Centro de S\u00e3o Paulo vive \u201crota de irreversibilidade\u201d, dizem secret\u00e1rios em f\u00f3rum da CasaCor | Encontra Centro SP\" \/>\n\t\t<meta name=\"twitter:description\" content=\"Centro de S\u00e3o Paulo passa por uma transformadora rota de irreversibilidade.\" \/>\n\t\t<script type=\"application\/ld+json\" class=\"aioseo-schema\">\n\t\t\t{\"@context\":\"https:\\\/\\\/schema.org\",\"@graph\":[{\"@type\":\"Article\",\"@id\":\"https:\\\/\\\/www.encontracentrosaopaulo.com.br\\\/sobre\\\/centro-de-sao-paulo-vive-rota-de-irreversibilidade-dizem-secretarios-em-forum-da-casacor\\\/#article\",\"name\":\"Centro de S\\u00e3o Paulo vive \\u201crota de irreversibilidade\\u201d, dizem secret\\u00e1rios em f\\u00f3rum da CasaCor | Encontra Centro SP\",\"headline\":\"Centro de S\\u00e3o Paulo vive &#8220;rota de irreversibilidade&#8221;, dizem secret\\u00e1rios em f\\u00f3rum da CasaCor\",\"author\":{\"@id\":\"https:\\\/\\\/www.encontracentrosaopaulo.com.br\\\/sobre\\\/author\\\/ecentrosaopaulo\\\/#author\"},\"publisher\":{\"@id\":\"https:\\\/\\\/www.encontracentrosaopaulo.com.br\\\/sobre\\\/#organization\"},\"image\":{\"@type\":\"ImageObject\",\"url\":\"https:\\\/\\\/www.encontracentrosaopaulo.com.br\\\/sobre\\\/wp-content\\\/uploads\\\/centro-de-sao-paulo-vive-rota-de-irreversibilidade-dizem-secretarios-em-forum-da-casacor.webp\",\"width\":280,\"height\":280,\"caption\":\"Centro de S\\u00e3o Paulo\"},\"datePublished\":\"2026-08-07T07:56:59-03:00\",\"dateModified\":\"2026-08-07T07:56:59-03:00\",\"inLanguage\":\"pt-BR\",\"mainEntityOfPage\":{\"@id\":\"https:\\\/\\\/www.encontracentrosaopaulo.com.br\\\/sobre\\\/centro-de-sao-paulo-vive-rota-de-irreversibilidade-dizem-secretarios-em-forum-da-casacor\\\/#webpage\"},\"isPartOf\":{\"@id\":\"https:\\\/\\\/www.encontracentrosaopaulo.com.br\\\/sobre\\\/centro-de-sao-paulo-vive-rota-de-irreversibilidade-dizem-secretarios-em-forum-da-casacor\\\/#webpage\"},\"articleSection\":\"Not\\u00edcias Centro SP\"},{\"@type\":\"BreadcrumbList\",\"@id\":\"https:\\\/\\\/www.encontracentrosaopaulo.com.br\\\/sobre\\\/centro-de-sao-paulo-vive-rota-de-irreversibilidade-dizem-secretarios-em-forum-da-casacor\\\/#breadcrumblist\",\"itemListElement\":[{\"@type\":\"ListItem\",\"@id\":\"https:\\\/\\\/www.encontracentrosaopaulo.com.br\\\/sobre#listItem\",\"position\":1,\"name\":\"In\\u00edcio\",\"item\":\"https:\\\/\\\/www.encontracentrosaopaulo.com.br\\\/sobre\",\"nextItem\":{\"@type\":\"ListItem\",\"@id\":\"https:\\\/\\\/www.encontracentrosaopaulo.com.br\\\/sobre\\\/noticias-no-centro-sp\\\/#listItem\",\"name\":\"Not\\u00edcias Centro SP\"}},{\"@type\":\"ListItem\",\"@id\":\"https:\\\/\\\/www.encontracentrosaopaulo.com.br\\\/sobre\\\/noticias-no-centro-sp\\\/#listItem\",\"position\":2,\"name\":\"Not\\u00edcias Centro SP\",\"item\":\"https:\\\/\\\/www.encontracentrosaopaulo.com.br\\\/sobre\\\/noticias-no-centro-sp\\\/\",\"nextItem\":{\"@type\":\"ListItem\",\"@id\":\"https:\\\/\\\/www.encontracentrosaopaulo.com.br\\\/sobre\\\/centro-de-sao-paulo-vive-rota-de-irreversibilidade-dizem-secretarios-em-forum-da-casacor\\\/#listItem\",\"name\":\"Centro de S\\u00e3o Paulo vive &#8220;rota de irreversibilidade&#8221;, dizem secret\\u00e1rios em f\\u00f3rum da CasaCor\"},\"previousItem\":{\"@type\":\"ListItem\",\"@id\":\"https:\\\/\\\/www.encontracentrosaopaulo.com.br\\\/sobre#listItem\",\"name\":\"In\\u00edcio\"}},{\"@type\":\"ListItem\",\"@id\":\"https:\\\/\\\/www.encontracentrosaopaulo.com.br\\\/sobre\\\/centro-de-sao-paulo-vive-rota-de-irreversibilidade-dizem-secretarios-em-forum-da-casacor\\\/#listItem\",\"position\":3,\"name\":\"Centro de S\\u00e3o Paulo vive &#8220;rota de irreversibilidade&#8221;, dizem secret\\u00e1rios em f\\u00f3rum da CasaCor\",\"previousItem\":{\"@type\":\"ListItem\",\"@id\":\"https:\\\/\\\/www.encontracentrosaopaulo.com.br\\\/sobre\\\/noticias-no-centro-sp\\\/#listItem\",\"name\":\"Not\\u00edcias Centro SP\"}}]},{\"@type\":\"Organization\",\"@id\":\"https:\\\/\\\/www.encontracentrosaopaulo.com.br\\\/sobre\\\/#organization\",\"name\":\"Encontra Centro SP\",\"description\":\"Not\\u00edcias, eventos, informa\\u00e7\\u00f5es e dicas na cidade de Centro SP e regi\\u00e3o.\",\"url\":\"https:\\\/\\\/www.encontracentrosaopaulo.com.br\\\/sobre\\\/\"},{\"@type\":\"Person\",\"@id\":\"https:\\\/\\\/www.encontracentrosaopaulo.com.br\\\/sobre\\\/author\\\/ecentrosaopaulo\\\/#author\",\"url\":\"https:\\\/\\\/www.encontracentrosaopaulo.com.br\\\/sobre\\\/author\\\/ecentrosaopaulo\\\/\",\"name\":\"Encontra Centro SP\",\"image\":{\"@type\":\"ImageObject\",\"@id\":\"https:\\\/\\\/www.encontracentrosaopaulo.com.br\\\/sobre\\\/centro-de-sao-paulo-vive-rota-de-irreversibilidade-dizem-secretarios-em-forum-da-casacor\\\/#authorImage\",\"url\":\"https:\\\/\\\/secure.gravatar.com\\\/avatar\\\/507340682b8270222e1f208e23198b6ae7e2c6a1033ae84e99bc6bce4f82a387?s=96&d=mm&r=g\",\"width\":96,\"height\":96,\"caption\":\"Encontra Centro SP\"}},{\"@type\":\"WebPage\",\"@id\":\"https:\\\/\\\/www.encontracentrosaopaulo.com.br\\\/sobre\\\/centro-de-sao-paulo-vive-rota-de-irreversibilidade-dizem-secretarios-em-forum-da-casacor\\\/#webpage\",\"url\":\"https:\\\/\\\/www.encontracentrosaopaulo.com.br\\\/sobre\\\/centro-de-sao-paulo-vive-rota-de-irreversibilidade-dizem-secretarios-em-forum-da-casacor\\\/\",\"name\":\"Centro de S\\u00e3o Paulo vive \\u201crota de irreversibilidade\\u201d, dizem secret\\u00e1rios em f\\u00f3rum da CasaCor | Encontra Centro SP\",\"description\":\"Centro de S\\u00e3o Paulo passa por uma transformadora rota de irreversibilidade.\",\"inLanguage\":\"pt-BR\",\"isPartOf\":{\"@id\":\"https:\\\/\\\/www.encontracentrosaopaulo.com.br\\\/sobre\\\/#website\"},\"breadcrumb\":{\"@id\":\"https:\\\/\\\/www.encontracentrosaopaulo.com.br\\\/sobre\\\/centro-de-sao-paulo-vive-rota-de-irreversibilidade-dizem-secretarios-em-forum-da-casacor\\\/#breadcrumblist\"},\"author\":{\"@id\":\"https:\\\/\\\/www.encontracentrosaopaulo.com.br\\\/sobre\\\/author\\\/ecentrosaopaulo\\\/#author\"},\"creator\":{\"@id\":\"https:\\\/\\\/www.encontracentrosaopaulo.com.br\\\/sobre\\\/author\\\/ecentrosaopaulo\\\/#author\"},\"image\":{\"@type\":\"ImageObject\",\"url\":\"https:\\\/\\\/www.encontracentrosaopaulo.com.br\\\/sobre\\\/wp-content\\\/uploads\\\/centro-de-sao-paulo-vive-rota-de-irreversibilidade-dizem-secretarios-em-forum-da-casacor.webp\",\"@id\":\"https:\\\/\\\/www.encontracentrosaopaulo.com.br\\\/sobre\\\/centro-de-sao-paulo-vive-rota-de-irreversibilidade-dizem-secretarios-em-forum-da-casacor\\\/#mainImage\",\"width\":280,\"height\":280,\"caption\":\"Centro de S\\u00e3o Paulo\"},\"primaryImageOfPage\":{\"@id\":\"https:\\\/\\\/www.encontracentrosaopaulo.com.br\\\/sobre\\\/centro-de-sao-paulo-vive-rota-de-irreversibilidade-dizem-secretarios-em-forum-da-casacor\\\/#mainImage\"},\"datePublished\":\"2026-08-07T07:56:59-03:00\",\"dateModified\":\"2026-08-07T07:56:59-03:00\"},{\"@type\":\"WebSite\",\"@id\":\"https:\\\/\\\/www.encontracentrosaopaulo.com.br\\\/sobre\\\/#website\",\"url\":\"https:\\\/\\\/www.encontracentrosaopaulo.com.br\\\/sobre\\\/\",\"name\":\"Encontra Centro SP\",\"description\":\"Not\\u00edcias, eventos, informa\\u00e7\\u00f5es e dicas na cidade de Centro SP e regi\\u00e3o.\",\"inLanguage\":\"pt-BR\",\"publisher\":{\"@id\":\"https:\\\/\\\/www.encontracentrosaopaulo.com.br\\\/sobre\\\/#organization\"}}]}\n\t\t<\/script>\n\t\t<!-- All in One SEO -->\n\n","aioseo_head_json":{"title":"Centro de S\u00e3o Paulo vive \u201crota de irreversibilidade\u201d, dizem secret\u00e1rios em f\u00f3rum da CasaCor | Encontra Centro SP","description":"Centro de S\u00e3o Paulo passa por uma transformadora rota de irreversibilidade.","canonical_url":"https:\/\/www.encontracentrosaopaulo.com.br\/sobre\/centro-de-sao-paulo-vive-rota-de-irreversibilidade-dizem-secretarios-em-forum-da-casacor\/","robots":"max-image-preview:large","keywords":"","webmasterTools":{"miscellaneous":""},"schema":{"@context":"https:\/\/schema.org","@graph":[{"@type":"Article","@id":"https:\/\/www.encontracentrosaopaulo.com.br\/sobre\/centro-de-sao-paulo-vive-rota-de-irreversibilidade-dizem-secretarios-em-forum-da-casacor\/#article","name":"Centro de S\u00e3o Paulo vive \u201crota de irreversibilidade\u201d, dizem secret\u00e1rios em f\u00f3rum da CasaCor | Encontra Centro SP","headline":"Centro de S\u00e3o Paulo vive &#8220;rota de irreversibilidade&#8221;, dizem secret\u00e1rios em f\u00f3rum da CasaCor","author":{"@id":"https:\/\/www.encontracentrosaopaulo.com.br\/sobre\/author\/ecentrosaopaulo\/#author"},"publisher":{"@id":"https:\/\/www.encontracentrosaopaulo.com.br\/sobre\/#organization"},"image":{"@type":"ImageObject","url":"https:\/\/www.encontracentrosaopaulo.com.br\/sobre\/wp-content\/uploads\/centro-de-sao-paulo-vive-rota-de-irreversibilidade-dizem-secretarios-em-forum-da-casacor.webp","width":280,"height":280,"caption":"Centro de S\u00e3o Paulo"},"datePublished":"2026-08-07T07:56:59-03:00","dateModified":"2026-08-07T07:56:59-03:00","inLanguage":"pt-BR","mainEntityOfPage":{"@id":"https:\/\/www.encontracentrosaopaulo.com.br\/sobre\/centro-de-sao-paulo-vive-rota-de-irreversibilidade-dizem-secretarios-em-forum-da-casacor\/#webpage"},"isPartOf":{"@id":"https:\/\/www.encontracentrosaopaulo.com.br\/sobre\/centro-de-sao-paulo-vive-rota-de-irreversibilidade-dizem-secretarios-em-forum-da-casacor\/#webpage"},"articleSection":"Not\u00edcias Centro SP"},{"@type":"BreadcrumbList","@id":"https:\/\/www.encontracentrosaopaulo.com.br\/sobre\/centro-de-sao-paulo-vive-rota-de-irreversibilidade-dizem-secretarios-em-forum-da-casacor\/#breadcrumblist","itemListElement":[{"@type":"ListItem","@id":"https:\/\/www.encontracentrosaopaulo.com.br\/sobre#listItem","position":1,"name":"In\u00edcio","item":"https:\/\/www.encontracentrosaopaulo.com.br\/sobre","nextItem":{"@type":"ListItem","@id":"https:\/\/www.encontracentrosaopaulo.com.br\/sobre\/noticias-no-centro-sp\/#listItem","name":"Not\u00edcias Centro SP"}},{"@type":"ListItem","@id":"https:\/\/www.encontracentrosaopaulo.com.br\/sobre\/noticias-no-centro-sp\/#listItem","position":2,"name":"Not\u00edcias Centro SP","item":"https:\/\/www.encontracentrosaopaulo.com.br\/sobre\/noticias-no-centro-sp\/","nextItem":{"@type":"ListItem","@id":"https:\/\/www.encontracentrosaopaulo.com.br\/sobre\/centro-de-sao-paulo-vive-rota-de-irreversibilidade-dizem-secretarios-em-forum-da-casacor\/#listItem","name":"Centro de S\u00e3o Paulo vive &#8220;rota de irreversibilidade&#8221;, dizem secret\u00e1rios em f\u00f3rum da CasaCor"},"previousItem":{"@type":"ListItem","@id":"https:\/\/www.encontracentrosaopaulo.com.br\/sobre#listItem","name":"In\u00edcio"}},{"@type":"ListItem","@id":"https:\/\/www.encontracentrosaopaulo.com.br\/sobre\/centro-de-sao-paulo-vive-rota-de-irreversibilidade-dizem-secretarios-em-forum-da-casacor\/#listItem","position":3,"name":"Centro de S\u00e3o Paulo vive &#8220;rota de irreversibilidade&#8221;, dizem secret\u00e1rios em f\u00f3rum da CasaCor","previousItem":{"@type":"ListItem","@id":"https:\/\/www.encontracentrosaopaulo.com.br\/sobre\/noticias-no-centro-sp\/#listItem","name":"Not\u00edcias Centro SP"}}]},{"@type":"Organization","@id":"https:\/\/www.encontracentrosaopaulo.com.br\/sobre\/#organization","name":"Encontra Centro SP","description":"Not\u00edcias, eventos, informa\u00e7\u00f5es e dicas na cidade de Centro SP e regi\u00e3o.","url":"https:\/\/www.encontracentrosaopaulo.com.br\/sobre\/"},{"@type":"Person","@id":"https:\/\/www.encontracentrosaopaulo.com.br\/sobre\/author\/ecentrosaopaulo\/#author","url":"https:\/\/www.encontracentrosaopaulo.com.br\/sobre\/author\/ecentrosaopaulo\/","name":"Encontra Centro SP","image":{"@type":"ImageObject","@id":"https:\/\/www.encontracentrosaopaulo.com.br\/sobre\/centro-de-sao-paulo-vive-rota-de-irreversibilidade-dizem-secretarios-em-forum-da-casacor\/#authorImage","url":"https:\/\/secure.gravatar.com\/avatar\/507340682b8270222e1f208e23198b6ae7e2c6a1033ae84e99bc6bce4f82a387?s=96&d=mm&r=g","width":96,"height":96,"caption":"Encontra Centro SP"}},{"@type":"WebPage","@id":"https:\/\/www.encontracentrosaopaulo.com.br\/sobre\/centro-de-sao-paulo-vive-rota-de-irreversibilidade-dizem-secretarios-em-forum-da-casacor\/#webpage","url":"https:\/\/www.encontracentrosaopaulo.com.br\/sobre\/centro-de-sao-paulo-vive-rota-de-irreversibilidade-dizem-secretarios-em-forum-da-casacor\/","name":"Centro de S\u00e3o Paulo vive \u201crota de irreversibilidade\u201d, dizem secret\u00e1rios em f\u00f3rum da CasaCor | Encontra Centro SP","description":"Centro de S\u00e3o Paulo passa por uma transformadora rota de irreversibilidade.","inLanguage":"pt-BR","isPartOf":{"@id":"https:\/\/www.encontracentrosaopaulo.com.br\/sobre\/#website"},"breadcrumb":{"@id":"https:\/\/www.encontracentrosaopaulo.com.br\/sobre\/centro-de-sao-paulo-vive-rota-de-irreversibilidade-dizem-secretarios-em-forum-da-casacor\/#breadcrumblist"},"author":{"@id":"https:\/\/www.encontracentrosaopaulo.com.br\/sobre\/author\/ecentrosaopaulo\/#author"},"creator":{"@id":"https:\/\/www.encontracentrosaopaulo.com.br\/sobre\/author\/ecentrosaopaulo\/#author"},"image":{"@type":"ImageObject","url":"https:\/\/www.encontracentrosaopaulo.com.br\/sobre\/wp-content\/uploads\/centro-de-sao-paulo-vive-rota-de-irreversibilidade-dizem-secretarios-em-forum-da-casacor.webp","@id":"https:\/\/www.encontracentrosaopaulo.com.br\/sobre\/centro-de-sao-paulo-vive-rota-de-irreversibilidade-dizem-secretarios-em-forum-da-casacor\/#mainImage","width":280,"height":280,"caption":"Centro de S\u00e3o Paulo"},"primaryImageOfPage":{"@id":"https:\/\/www.encontracentrosaopaulo.com.br\/sobre\/centro-de-sao-paulo-vive-rota-de-irreversibilidade-dizem-secretarios-em-forum-da-casacor\/#mainImage"},"datePublished":"2026-08-07T07:56:59-03:00","dateModified":"2026-08-07T07:56:59-03:00"},{"@type":"WebSite","@id":"https:\/\/www.encontracentrosaopaulo.com.br\/sobre\/#website","url":"https:\/\/www.encontracentrosaopaulo.com.br\/sobre\/","name":"Encontra Centro SP","description":"Not\u00edcias, eventos, informa\u00e7\u00f5es e dicas na cidade de Centro SP e regi\u00e3o.","inLanguage":"pt-BR","publisher":{"@id":"https:\/\/www.encontracentrosaopaulo.com.br\/sobre\/#organization"}}]},"og:locale":"pt_BR","og:site_name":"Encontra Centro SP | Not\u00edcias, eventos, informa\u00e7\u00f5es e dicas na cidade de Centro SP e regi\u00e3o.","og:type":"article","og:title":"Centro de S\u00e3o Paulo vive \u201crota de irreversibilidade\u201d, dizem secret\u00e1rios em f\u00f3rum da CasaCor | Encontra Centro SP","og:description":"Centro de S\u00e3o Paulo passa por uma transformadora rota de irreversibilidade.","og:url":"https:\/\/www.encontracentrosaopaulo.com.br\/sobre\/centro-de-sao-paulo-vive-rota-de-irreversibilidade-dizem-secretarios-em-forum-da-casacor\/","article:published_time":"2026-08-07T10:56:59+00:00","article:modified_time":"2026-08-07T10:56:59+00:00","twitter:card":"summary","twitter:title":"Centro de S\u00e3o Paulo vive \u201crota de irreversibilidade\u201d, dizem secret\u00e1rios em f\u00f3rum da CasaCor | Encontra Centro SP","twitter:description":"Centro de S\u00e3o Paulo passa por uma transformadora rota de irreversibilidade."},"aioseo_meta_data":{"post_id":"7122","title":null,"description":null,"keywords":null,"keyphrases":null,"primary_term":null,"canonical_url":null,"og_title":null,"og_description":null,"og_object_type":"default","og_image_type":"default","og_image_url":null,"og_image_width":null,"og_image_height":null,"og_image_custom_url":null,"og_image_custom_fields":null,"og_video":null,"og_custom_url":null,"og_article_section":null,"og_article_tags":null,"twitter_use_og":false,"twitter_card":"default","twitter_image_type":"default","twitter_image_url":null,"twitter_image_custom_url":null,"twitter_image_custom_fields":null,"twitter_title":null,"twitter_description":null,"schema":{"blockGraphs":[],"customGraphs":[],"default":{"data":{"Article":[],"Course":[],"Dataset":[],"FAQPage":[],"Movie":[],"Person":[],"Product":[],"ProductReview":[],"Car":[],"Recipe":[],"Service":[],"SoftwareApplication":[],"WebPage":[]},"graphName":"Article","isEnabled":true},"graphs":[]},"schema_type":"default","schema_type_options":null,"pillar_content":false,"robots_default":true,"robots_noindex":false,"robots_noarchive":false,"robots_nosnippet":false,"robots_nofollow":false,"robots_noimageindex":false,"robots_noodp":false,"robots_notranslate":false,"robots_max_snippet":null,"robots_max_videopreview":null,"robots_max_imagepreview":"large","priority":null,"frequency":null,"local_seo":null,"breadcrumb_settings":null,"limit_modified_date":false,"ai":null,"created":"2026-08-07 10:56:59","updated":"2026-08-07 11:11:38","seo_analyzer_scan_date":null,"focus_keyword":null,"additional_keywords":null,"truseo_locale":null},"aioseo_breadcrumb":"<div class=\"aioseo-breadcrumbs\"><span class=\"aioseo-breadcrumb\">\n\t\t\t<a href=\"https:\/\/www.encontracentrosaopaulo.com.br\/sobre\" title=\"In\u00edcio\">In\u00edcio<\/a>\n\t\t<\/span><span class=\"aioseo-breadcrumb-separator\">&raquo;<\/span><span class=\"aioseo-breadcrumb\">\n\t\t\t<a href=\"https:\/\/www.encontracentrosaopaulo.com.br\/sobre\/noticias-no-centro-sp\/\" title=\"Not\u00edcias Centro SP\">Not\u00edcias Centro SP<\/a>\n\t\t<\/span><span class=\"aioseo-breadcrumb-separator\">&raquo;<\/span><span class=\"aioseo-breadcrumb\">\n\t\t\tCentro de S\u00e3o Paulo vive \u201crota de irreversibilidade\u201d, dizem secret\u00e1rios em f\u00f3rum da CasaCor\n\t\t<\/span><\/div>","aioseo_breadcrumb_json":[{"label":"In\u00edcio","link":"https:\/\/www.encontracentrosaopaulo.com.br\/sobre"},{"label":"Not\u00edcias Centro SP","link":"https:\/\/www.encontracentrosaopaulo.com.br\/sobre\/noticias-no-centro-sp\/"},{"label":"Centro de S\u00e3o Paulo vive &#8220;rota de irreversibilidade&#8221;, dizem secret\u00e1rios em f\u00f3rum da CasaCor","link":"https:\/\/www.encontracentrosaopaulo.com.br\/sobre\/centro-de-sao-paulo-vive-rota-de-irreversibilidade-dizem-secretarios-em-forum-da-casacor\/"}],"_links":{"self":[{"href":"https:\/\/www.encontracentrosaopaulo.com.br\/sobre\/wp-json\/wp\/v2\/posts\/7122","targetHints":{"allow":["GET"]}}],"collection":[{"href":"https:\/\/www.encontracentrosaopaulo.com.br\/sobre\/wp-json\/wp\/v2\/posts"}],"about":[{"href":"https:\/\/www.encontracentrosaopaulo.com.br\/sobre\/wp-json\/wp\/v2\/types\/post"}],"author":[{"embeddable":true,"href":"https:\/\/www.encontracentrosaopaulo.com.br\/sobre\/wp-json\/wp\/v2\/users\/1"}],"replies":[{"embeddable":true,"href":"https:\/\/www.encontracentrosaopaulo.com.br\/sobre\/wp-json\/wp\/v2\/comments?post=7122"}],"version-history":[{"count":0,"href":"https:\/\/www.encontracentrosaopaulo.com.br\/sobre\/wp-json\/wp\/v2\/posts\/7122\/revisions"}],"wp:featuredmedia":[{"embeddable":true,"href":"https:\/\/www.encontracentrosaopaulo.com.br\/sobre\/wp-json\/wp\/v2\/media\/7121"}],"wp:attachment":[{"href":"https:\/\/www.encontracentrosaopaulo.com.br\/sobre\/wp-json\/wp\/v2\/media?parent=7122"}],"wp:term":[{"taxonomy":"category","embeddable":true,"href":"https:\/\/www.encontracentrosaopaulo.com.br\/sobre\/wp-json\/wp\/v2\/categories?post=7122"},{"taxonomy":"post_tag","embeddable":true,"href":"https:\/\/www.encontracentrosaopaulo.com.br\/sobre\/wp-json\/wp\/v2\/tags?post=7122"}],"curies":[{"name":"wp","href":"https:\/\/api.w.org\/{rel}","templated":true}]}}