{"id":7156,"date":"2026-08-13T05:11:01","date_gmt":"2026-08-13T08:11:01","guid":{"rendered":"https:\/\/www.encontracentrosaopaulo.com.br\/sobre\/galeria-de-cidade-saudavel-a-relacao-entre-planejamento-urbano-e-saude-publica\/"},"modified":"2026-08-13T05:11:01","modified_gmt":"2026-08-13T08:11:01","slug":"galeria-de-cidade-saudavel-a-relacao-entre-planejamento-urbano-e-saude-publica","status":"publish","type":"post","link":"https:\/\/www.encontracentrosaopaulo.com.br\/sobre\/galeria-de-cidade-saudavel-a-relacao-entre-planejamento-urbano-e-saude-publica\/","title":{"rendered":"Galeria de Cidade saud\u00e1vel: a rela\u00e7\u00e3o entre planejamento urbano e sa\u00fade p\u00fablica"},"content":{"rendered":"<div class=\"d6585b5127f45a35450431d0abc3f90c\" data-index=\"1\" style=\"float: none; margin:0px;\">\n<!-- Anuncio display - global -->\r\n<ins class=\"adsbygoogle\"\r\n     style=\"display:block\"\r\n     data-ad-client=\"ca-pub-8585364105181520\"\r\n     data-ad-slot=\"8789329856\"\r\n     data-ad-format=\"auto\"\r\n     data-full-width-responsive=\"true\"><\/ins>\r\n<script>\r\n     (adsbygoogle = window.adsbygoogle || []).push({});\r\n<\/script>\n<\/div>\n<h2>O que \u00e9 uma Cidade Saud\u00e1vel?<\/h2>\n<p>Uma <strong>cidade saud\u00e1vel<\/strong> refere-se a um conceito em que o planejamento urbano \u00e9 desenvolvido de forma a promover a sa\u00fade e bem-estar dos seus habitantes. Isso envolve a cria\u00e7\u00e3o de ambientes que favore\u00e7am a atividade f\u00edsica, o acesso a servi\u00e7os de sa\u00fade, alimenta\u00e7\u00e3o saud\u00e1vel e a intera\u00e7\u00e3o social. Para que uma cidade seja considerada saud\u00e1vel, \u00e9 essencial que haja um design que encoraje pr\u00e1ticas de vida saud\u00e1veis e previna doen\u00e7as.<\/p>\n<h2>A Rela\u00e7\u00e3o entre Urbanismo e Sa\u00fade<\/h2>\n<p>A intera\u00e7\u00e3o entre urbanismo e sa\u00fade p\u00fablica \u00e9 direta e significativa. O <strong>planejamento urbano<\/strong> influencia a maneira como as pessoas vivem, se deslocam e interagem entre si. Cidades bem planejadas podem reduzir a incid\u00eancia de doen\u00e7as cr\u00f4nicas, como obesidade e diabetes, ao integrar espa\u00e7os p\u00fablicos que estimulam a atividade f\u00edsica, como parques e ciclovias. Al\u00e9m disso, a disposi\u00e7\u00e3o de servi\u00e7os essenciais pr\u00f3ximos \u00e0 habita\u00e7\u00e3o reduz a necessidade de longos deslocamentos, promovendo uma vida mais ativa e saud\u00e1vel.<\/p>\n<h2>Exemplos de Cidades Saud\u00e1veis<\/h2>\n<p>V\u00e1rias cidades ao redor do mundo est\u00e3o se destacando por suas iniciativas de promo\u00e7\u00e3o da sa\u00fade: <\/p>\n<p><img decoding=\"async\" src=\"https:\/\/www.encontracentrosaopaulo.com.br\/sobre\/wp-content\/uploads\/galeria-de-cidade-saudavel-a-relacao-entre-planejamento-urbano-e-saude-publica.webp\" alt=\"cidade saud\u00e1vel\" loading=\"lazy\" \/><\/p>\n<ul>\n<li><strong>Copenhague, Dinamarca:<\/strong> Conhecida por seu excelente sistema de transporte por bicicletas, Copenhague tem como objetivo ser uma cidade neutra em carbono at\u00e9 2025.<\/li>\n<li><strong>Moscovo, R\u00fassia:<\/strong> Implementou um extenso projeto de revitaliza\u00e7\u00e3o de espa\u00e7os p\u00fablicos e aumento das \u00e1reas verdes, proporcionando mais op\u00e7\u00f5es de lazer e intera\u00e7\u00e3o social.<\/li>\n<li><strong>Nova York, EUA:<\/strong> Com o programa &#8220;Active Design&#8221; visando incentivar a atividade f\u00edsica atrav\u00e9s da arquitetura e design urbano, a cidade promove uma vida mais saud\u00e1vel.<\/li>\n<\/ul>\n<h2>Como o Planejamento Urbano Reduz Doen\u00e7as<\/h2>\n<p>O <strong>planejamento urbano<\/strong> tem um impacto direto na sa\u00fade da popula\u00e7\u00e3o. Ao desenvolver espa\u00e7os urbanos que priorizam a sa\u00fade, \u00e9 poss\u00edvel: <\/p>\n<ul>\n<li><strong>Incentivar a mobilidade ativa:<\/strong> Caminhadas e ciclismo se tornam uma op\u00e7\u00e3o vi\u00e1vel quando as infraestruturas de transporte s\u00e3o adequadas.<\/li>\n<li><strong>Promover o acesso a alimentos saud\u00e1veis:<\/strong> Mercados locais e hortas comunit\u00e1rias contribuem para uma dieta equilibrada.<\/li>\n<li><strong>Melhorar a sa\u00fade mental:<\/strong> A cria\u00e7\u00e3o de espa\u00e7os verdes e \u00e1reas de conviv\u00eancia auxilia na redu\u00e7\u00e3o do estresse e na promo\u00e7\u00e3o de um ambiente mais tranquilo.<\/li>\n<\/ul>\n<h2>A Import\u00e2ncia do Verde nas Cidades<\/h2>\n<p>O <strong>verde urbano<\/strong> \u00e9 fundamental para a promo\u00e7\u00e3o da sa\u00fade nas cidades. As \u00e1reas verdes oferecem ampla gama de benef\u00edcios, incluindo: <\/p>\n<ul>\n<li><strong>Purifica\u00e7\u00e3o do ar:<\/strong> As plantas ajudam na redu\u00e7\u00e3o da polui\u00e7\u00e3o, melhorando a qualidade do ar que respiramos.<\/li>\n<li><strong>Espa\u00e7os de lazer:<\/strong> Parques e pra\u00e7as oferecem locais para pr\u00e1tica de atividades f\u00edsicas e recrea\u00e7\u00e3o familiar.<\/li>\n<li><strong>Habitat para biodiversidade:<\/strong> \u00c1reas verdes promovem a biodiversidade, tornando as cidades mais resilientes a mudan\u00e7as clim\u00e1ticas.<\/li>\n<\/ul>\n<h2>Acessibilidade e Mobilidade Urbana<\/h2>\n<p>A <strong>acessibilidade<\/strong> e a <strong>mobilidade urbana<\/strong> s\u00e3o essenciais para garantir que todos os cidad\u00e3os tenham acesso a espa\u00e7os e servi\u00e7os que promovem a sa\u00fade. Isso implica:  <\/p>\n<ul>\n<li><strong>Transporte p\u00fablico eficiente:<\/strong> Sistemas de transporte que conectem \u00e1reas residenciais a centros de sa\u00fade e lazer facilitam a locomo\u00e7\u00e3o.<\/li>\n<li><strong>Cal\u00e7adas e ciclovias seguras:<\/strong> A presen\u00e7a de caminhos seguros incentiva a caminhada e o uso de bicicletas como meios de transporte.<\/li>\n<li><strong>Integra\u00e7\u00e3o entre modais:<\/strong> Facilitar a transi\u00e7\u00e3o entre diferentes formas de transporte (carros, bicicletas, transporte p\u00fablico) melhora a experi\u00eancia do usu\u00e1rio.<\/li>\n<\/ul>\n<h2>O Papel da Comunidade no Planejamento Urbano<\/h2>\n<p>O envolvimento da <strong>comunidade<\/strong> nas decis\u00f5es de planejamento \u00e9 crucial para o sucesso das iniciativas de sa\u00fade urbana. A participa\u00e7\u00e3o dos cidad\u00e3os garante que as necessidades da popula\u00e7\u00e3o sejam atendidas. Algumas formas de engajamento incluem: <\/p>\n<ul>\n<li><strong>Consultas p\u00fablicas:<\/strong> Promover espa\u00e7os de discuss\u00e3o onde os cidad\u00e3os possam opinar e contribuir com suas ideias.<\/li>\n<li><strong>Projetos comunit\u00e1rios:<\/strong> Iniciativas colaborativas de revitaliza\u00e7\u00e3o de bairros e espa\u00e7os p\u00fablicos.<\/li>\n<li><strong>Educa\u00e7\u00e3o e conscientiza\u00e7\u00e3o:<\/strong> Programas educativos que informem sobre a import\u00e2ncia de um ambiente saud\u00e1vel.<\/li>\n<\/ul>\n<h2>Iniciativas Sustent\u00e1veis em \u00c1reas Urbanas<\/h2>\n<p>A sustentabilidade \u00e9 um princ\u00edpio chave na constru\u00e7\u00e3o de cidades saud\u00e1veis. Iniciativas como: <\/p>\n<ul>\n<li><strong>Reuso de \u00e1gua:<\/strong> Sistemas de capta\u00e7\u00e3o de \u00e1gua da chuva para irriga\u00e7\u00e3o de \u00e1reas verdes e uso em pr\u00e9dios p\u00fablicos.<\/li>\n<li><strong>Constru\u00e7\u00e3o verde:<\/strong> Edifica\u00e7\u00f5es que utilizam materiais sustent\u00e1veis e t\u00e9cnicas que reduzem o impacto ambiental.<\/li>\n<li><strong>Energia renov\u00e1vel:<\/strong> Promo\u00e7\u00e3o do uso de energia solar e e\u00f3lica para diminuir a depend\u00eancia de combust\u00edveis f\u00f3sseis.<\/li>\n<\/ul>\n<h2>Desafios do Planejamento Urbano na Sa\u00fade<\/h2>\n<p>Embora haja progresso significativo, enfrenta-se ainda diversos desafios no planejamento urbano que afetam a sa\u00fade da popula\u00e7\u00e3o: <\/p>\n<ul>\n<li><strong>Desigualdade social:<\/strong> A disparidade no acesso a servi\u00e7os de sa\u00fade e infraestrutura \u00e9 um fator limitante nas \u00e1reas mais vulner\u00e1veis.<\/li>\n<li><strong>Polui\u00e7\u00e3o:<\/strong> Cidades com altos n\u00edveis de polui\u00e7\u00e3o do ar e sonora impactam diretamente na sa\u00fade dos cidad\u00e3os.<\/li>\n<li><strong>Espa\u00e7o urbano limitado:<\/strong> A falta de \u00e1reas dispon\u00edveis para a cria\u00e7\u00e3o de novos parques e espa\u00e7os de conviv\u00eancia \u00e9 uma preocupa\u00e7\u00e3o crescente.<\/li>\n<\/ul>\n<h2>Futuro das Cidades e Sa\u00fade P\u00fablica<\/h2>\n<p>O futuro das cidades saud\u00e1veis est\u00e1 interligado com a inova\u00e7\u00e3o e a tecnologia. Algumas tend\u00eancias que podem moldar o urbanismo s\u00e3o: <\/p>\n<ul>\n<li><strong>Smart cities:<\/strong> O uso de tecnologia e dados para melhorar servi\u00e7os urbanos e a qualidade de vida dos habitantes.<\/li>\n<li><strong>Telemedicina:<\/strong> Aumento do acesso \u00e0 sa\u00fade por meio da tecnologia, permitindo consultas m\u00e9dicas \u00e0 dist\u00e2ncia.<\/li>\n<li><strong>Espa\u00e7os multifuncionais:<\/strong> Cria\u00e7\u00e3o de \u00e1reas que podem ser utilizadas para diversos fins, como lazer, trabalho e moradia, promovendo a integra\u00e7\u00e3o social.<\/li>\n<\/ul>\n\n<div style=\"font-size: 0px; height: 0px; line-height: 0px; margin: 0; padding: 0; clear: both;\"><\/div>","protected":false},"excerpt":{"rendered":"<p>Cidade saud\u00e1vel explora a conex\u00e3o entre planejamento urbano e sa\u00fade p\u00fablica.<\/p>\n","protected":false},"author":1,"featured_media":7155,"comment_status":"open","ping_status":"closed","sticky":false,"template":"","format":"standard","meta":{"footnotes":""},"categories":[43],"tags":[],"class_list":["post-7156","post","type-post","status-publish","format-standard","has-post-thumbnail","hentry","category-saude-no-centro-sp","has_thumb"],"aioseo_notices":[],"aioseo_head":"\n\t\t<!-- All in One SEO 5.0.0.1 - aioseo.com -->\n\t<meta name=\"description\" content=\"Cidade saud\u00e1vel explora a conex\u00e3o entre planejamento urbano e sa\u00fade p\u00fablica.\" \/>\n\t<meta name=\"robots\" content=\"max-image-preview:large\" \/>\n\t<meta name=\"author\" content=\"Encontra Centro SP\"\/>\n\t<link rel=\"canonical\" href=\"https:\/\/www.encontracentrosaopaulo.com.br\/sobre\/galeria-de-cidade-saudavel-a-relacao-entre-planejamento-urbano-e-saude-publica\/\" \/>\n\t<meta name=\"generator\" content=\"All in One SEO (AIOSEO) 5.0.0.1\" \/>\n\t\t<meta property=\"og:locale\" content=\"pt_BR\" \/>\n\t\t<meta property=\"og:site_name\" content=\"Encontra Centro SP | Not\u00edcias, eventos, informa\u00e7\u00f5es e dicas na cidade de Centro SP e regi\u00e3o.\" \/>\n\t\t<meta property=\"og:type\" content=\"article\" \/>\n\t\t<meta property=\"og:title\" content=\"Galeria de Cidade saud\u00e1vel: a rela\u00e7\u00e3o entre planejamento urbano e sa\u00fade p\u00fablica | Encontra Centro SP\" \/>\n\t\t<meta property=\"og:description\" content=\"Cidade saud\u00e1vel explora a conex\u00e3o entre planejamento urbano e sa\u00fade p\u00fablica.\" \/>\n\t\t<meta property=\"og:url\" content=\"https:\/\/www.encontracentrosaopaulo.com.br\/sobre\/galeria-de-cidade-saudavel-a-relacao-entre-planejamento-urbano-e-saude-publica\/\" \/>\n\t\t<meta property=\"article:published_time\" content=\"2026-08-13T08:11:01+00:00\" \/>\n\t\t<meta property=\"article:modified_time\" content=\"2026-08-13T08:11:01+00:00\" \/>\n\t\t<meta name=\"twitter:card\" content=\"summary\" \/>\n\t\t<meta name=\"twitter:title\" content=\"Galeria de Cidade saud\u00e1vel: a rela\u00e7\u00e3o entre planejamento urbano e sa\u00fade p\u00fablica | Encontra Centro SP\" \/>\n\t\t<meta name=\"twitter:description\" content=\"Cidade saud\u00e1vel explora a conex\u00e3o entre planejamento urbano e sa\u00fade p\u00fablica.\" \/>\n\t\t<script type=\"application\/ld+json\" class=\"aioseo-schema\">\n\t\t\t{\"@context\":\"https:\\\/\\\/schema.org\",\"@graph\":[{\"@type\":\"Article\",\"@id\":\"https:\\\/\\\/www.encontracentrosaopaulo.com.br\\\/sobre\\\/galeria-de-cidade-saudavel-a-relacao-entre-planejamento-urbano-e-saude-publica\\\/#article\",\"name\":\"Galeria de Cidade saud\\u00e1vel: a rela\\u00e7\\u00e3o entre planejamento urbano e sa\\u00fade p\\u00fablica | Encontra Centro SP\",\"headline\":\"Galeria de Cidade saud\\u00e1vel: a rela\\u00e7\\u00e3o entre planejamento urbano e sa\\u00fade p\\u00fablica\",\"author\":{\"@id\":\"https:\\\/\\\/www.encontracentrosaopaulo.com.br\\\/sobre\\\/author\\\/ecentrosaopaulo\\\/#author\"},\"publisher\":{\"@id\":\"https:\\\/\\\/www.encontracentrosaopaulo.com.br\\\/sobre\\\/#organization\"},\"image\":{\"@type\":\"ImageObject\",\"url\":\"https:\\\/\\\/www.encontracentrosaopaulo.com.br\\\/sobre\\\/wp-content\\\/uploads\\\/galeria-de-cidade-saudavel-a-relacao-entre-planejamento-urbano-e-saude-publica.webp\",\"width\":280,\"height\":280,\"caption\":\"cidade saud\\u00e1vel\"},\"datePublished\":\"2026-08-13T05:11:01-03:00\",\"dateModified\":\"2026-08-13T05:11:01-03:00\",\"inLanguage\":\"pt-BR\",\"mainEntityOfPage\":{\"@id\":\"https:\\\/\\\/www.encontracentrosaopaulo.com.br\\\/sobre\\\/galeria-de-cidade-saudavel-a-relacao-entre-planejamento-urbano-e-saude-publica\\\/#webpage\"},\"isPartOf\":{\"@id\":\"https:\\\/\\\/www.encontracentrosaopaulo.com.br\\\/sobre\\\/galeria-de-cidade-saudavel-a-relacao-entre-planejamento-urbano-e-saude-publica\\\/#webpage\"},\"articleSection\":\"Sa\\u00fade Centro SP\"},{\"@type\":\"BreadcrumbList\",\"@id\":\"https:\\\/\\\/www.encontracentrosaopaulo.com.br\\\/sobre\\\/galeria-de-cidade-saudavel-a-relacao-entre-planejamento-urbano-e-saude-publica\\\/#breadcrumblist\",\"itemListElement\":[{\"@type\":\"ListItem\",\"@id\":\"https:\\\/\\\/www.encontracentrosaopaulo.com.br\\\/sobre#listItem\",\"position\":1,\"name\":\"In\\u00edcio\",\"item\":\"https:\\\/\\\/www.encontracentrosaopaulo.com.br\\\/sobre\",\"nextItem\":{\"@type\":\"ListItem\",\"@id\":\"https:\\\/\\\/www.encontracentrosaopaulo.com.br\\\/sobre\\\/saude-no-centro-sp\\\/#listItem\",\"name\":\"Sa\\u00fade Centro SP\"}},{\"@type\":\"ListItem\",\"@id\":\"https:\\\/\\\/www.encontracentrosaopaulo.com.br\\\/sobre\\\/saude-no-centro-sp\\\/#listItem\",\"position\":2,\"name\":\"Sa\\u00fade Centro SP\",\"item\":\"https:\\\/\\\/www.encontracentrosaopaulo.com.br\\\/sobre\\\/saude-no-centro-sp\\\/\",\"nextItem\":{\"@type\":\"ListItem\",\"@id\":\"https:\\\/\\\/www.encontracentrosaopaulo.com.br\\\/sobre\\\/galeria-de-cidade-saudavel-a-relacao-entre-planejamento-urbano-e-saude-publica\\\/#listItem\",\"name\":\"Galeria de Cidade saud\\u00e1vel: a rela\\u00e7\\u00e3o entre planejamento urbano e sa\\u00fade p\\u00fablica\"},\"previousItem\":{\"@type\":\"ListItem\",\"@id\":\"https:\\\/\\\/www.encontracentrosaopaulo.com.br\\\/sobre#listItem\",\"name\":\"In\\u00edcio\"}},{\"@type\":\"ListItem\",\"@id\":\"https:\\\/\\\/www.encontracentrosaopaulo.com.br\\\/sobre\\\/galeria-de-cidade-saudavel-a-relacao-entre-planejamento-urbano-e-saude-publica\\\/#listItem\",\"position\":3,\"name\":\"Galeria de Cidade saud\\u00e1vel: a rela\\u00e7\\u00e3o entre planejamento urbano e sa\\u00fade p\\u00fablica\",\"previousItem\":{\"@type\":\"ListItem\",\"@id\":\"https:\\\/\\\/www.encontracentrosaopaulo.com.br\\\/sobre\\\/saude-no-centro-sp\\\/#listItem\",\"name\":\"Sa\\u00fade Centro SP\"}}]},{\"@type\":\"Organization\",\"@id\":\"https:\\\/\\\/www.encontracentrosaopaulo.com.br\\\/sobre\\\/#organization\",\"name\":\"Encontra Centro SP\",\"description\":\"Not\\u00edcias, eventos, informa\\u00e7\\u00f5es e dicas na cidade de Centro SP e regi\\u00e3o.\",\"url\":\"https:\\\/\\\/www.encontracentrosaopaulo.com.br\\\/sobre\\\/\"},{\"@type\":\"Person\",\"@id\":\"https:\\\/\\\/www.encontracentrosaopaulo.com.br\\\/sobre\\\/author\\\/ecentrosaopaulo\\\/#author\",\"url\":\"https:\\\/\\\/www.encontracentrosaopaulo.com.br\\\/sobre\\\/author\\\/ecentrosaopaulo\\\/\",\"name\":\"Encontra Centro SP\",\"image\":{\"@type\":\"ImageObject\",\"@id\":\"https:\\\/\\\/www.encontracentrosaopaulo.com.br\\\/sobre\\\/galeria-de-cidade-saudavel-a-relacao-entre-planejamento-urbano-e-saude-publica\\\/#authorImage\",\"url\":\"https:\\\/\\\/secure.gravatar.com\\\/avatar\\\/507340682b8270222e1f208e23198b6ae7e2c6a1033ae84e99bc6bce4f82a387?s=96&d=mm&r=g\",\"width\":96,\"height\":96,\"caption\":\"Encontra Centro SP\"}},{\"@type\":\"WebPage\",\"@id\":\"https:\\\/\\\/www.encontracentrosaopaulo.com.br\\\/sobre\\\/galeria-de-cidade-saudavel-a-relacao-entre-planejamento-urbano-e-saude-publica\\\/#webpage\",\"url\":\"https:\\\/\\\/www.encontracentrosaopaulo.com.br\\\/sobre\\\/galeria-de-cidade-saudavel-a-relacao-entre-planejamento-urbano-e-saude-publica\\\/\",\"name\":\"Galeria de Cidade saud\\u00e1vel: a rela\\u00e7\\u00e3o entre planejamento urbano e sa\\u00fade p\\u00fablica | Encontra Centro SP\",\"description\":\"Cidade saud\\u00e1vel explora a conex\\u00e3o entre planejamento urbano e sa\\u00fade p\\u00fablica.\",\"inLanguage\":\"pt-BR\",\"isPartOf\":{\"@id\":\"https:\\\/\\\/www.encontracentrosaopaulo.com.br\\\/sobre\\\/#website\"},\"breadcrumb\":{\"@id\":\"https:\\\/\\\/www.encontracentrosaopaulo.com.br\\\/sobre\\\/galeria-de-cidade-saudavel-a-relacao-entre-planejamento-urbano-e-saude-publica\\\/#breadcrumblist\"},\"author\":{\"@id\":\"https:\\\/\\\/www.encontracentrosaopaulo.com.br\\\/sobre\\\/author\\\/ecentrosaopaulo\\\/#author\"},\"creator\":{\"@id\":\"https:\\\/\\\/www.encontracentrosaopaulo.com.br\\\/sobre\\\/author\\\/ecentrosaopaulo\\\/#author\"},\"image\":{\"@type\":\"ImageObject\",\"url\":\"https:\\\/\\\/www.encontracentrosaopaulo.com.br\\\/sobre\\\/wp-content\\\/uploads\\\/galeria-de-cidade-saudavel-a-relacao-entre-planejamento-urbano-e-saude-publica.webp\",\"@id\":\"https:\\\/\\\/www.encontracentrosaopaulo.com.br\\\/sobre\\\/galeria-de-cidade-saudavel-a-relacao-entre-planejamento-urbano-e-saude-publica\\\/#mainImage\",\"width\":280,\"height\":280,\"caption\":\"cidade saud\\u00e1vel\"},\"primaryImageOfPage\":{\"@id\":\"https:\\\/\\\/www.encontracentrosaopaulo.com.br\\\/sobre\\\/galeria-de-cidade-saudavel-a-relacao-entre-planejamento-urbano-e-saude-publica\\\/#mainImage\"},\"datePublished\":\"2026-08-13T05:11:01-03:00\",\"dateModified\":\"2026-08-13T05:11:01-03:00\"},{\"@type\":\"WebSite\",\"@id\":\"https:\\\/\\\/www.encontracentrosaopaulo.com.br\\\/sobre\\\/#website\",\"url\":\"https:\\\/\\\/www.encontracentrosaopaulo.com.br\\\/sobre\\\/\",\"name\":\"Encontra Centro SP\",\"description\":\"Not\\u00edcias, eventos, informa\\u00e7\\u00f5es e dicas na cidade de Centro SP e regi\\u00e3o.\",\"inLanguage\":\"pt-BR\",\"publisher\":{\"@id\":\"https:\\\/\\\/www.encontracentrosaopaulo.com.br\\\/sobre\\\/#organization\"}}]}\n\t\t<\/script>\n\t\t<!-- All in One SEO -->\n\n","aioseo_head_json":{"title":"Galeria de Cidade saud\u00e1vel: a rela\u00e7\u00e3o entre planejamento urbano e sa\u00fade p\u00fablica | Encontra Centro SP","description":"Cidade saud\u00e1vel explora a conex\u00e3o entre planejamento urbano e sa\u00fade p\u00fablica.","canonical_url":"https:\/\/www.encontracentrosaopaulo.com.br\/sobre\/galeria-de-cidade-saudavel-a-relacao-entre-planejamento-urbano-e-saude-publica\/","robots":"max-image-preview:large","keywords":"","webmasterTools":{"miscellaneous":""},"schema":{"@context":"https:\/\/schema.org","@graph":[{"@type":"Article","@id":"https:\/\/www.encontracentrosaopaulo.com.br\/sobre\/galeria-de-cidade-saudavel-a-relacao-entre-planejamento-urbano-e-saude-publica\/#article","name":"Galeria de Cidade saud\u00e1vel: a rela\u00e7\u00e3o entre planejamento urbano e sa\u00fade p\u00fablica | Encontra Centro SP","headline":"Galeria de Cidade saud\u00e1vel: a rela\u00e7\u00e3o entre planejamento urbano e sa\u00fade p\u00fablica","author":{"@id":"https:\/\/www.encontracentrosaopaulo.com.br\/sobre\/author\/ecentrosaopaulo\/#author"},"publisher":{"@id":"https:\/\/www.encontracentrosaopaulo.com.br\/sobre\/#organization"},"image":{"@type":"ImageObject","url":"https:\/\/www.encontracentrosaopaulo.com.br\/sobre\/wp-content\/uploads\/galeria-de-cidade-saudavel-a-relacao-entre-planejamento-urbano-e-saude-publica.webp","width":280,"height":280,"caption":"cidade saud\u00e1vel"},"datePublished":"2026-08-13T05:11:01-03:00","dateModified":"2026-08-13T05:11:01-03:00","inLanguage":"pt-BR","mainEntityOfPage":{"@id":"https:\/\/www.encontracentrosaopaulo.com.br\/sobre\/galeria-de-cidade-saudavel-a-relacao-entre-planejamento-urbano-e-saude-publica\/#webpage"},"isPartOf":{"@id":"https:\/\/www.encontracentrosaopaulo.com.br\/sobre\/galeria-de-cidade-saudavel-a-relacao-entre-planejamento-urbano-e-saude-publica\/#webpage"},"articleSection":"Sa\u00fade Centro SP"},{"@type":"BreadcrumbList","@id":"https:\/\/www.encontracentrosaopaulo.com.br\/sobre\/galeria-de-cidade-saudavel-a-relacao-entre-planejamento-urbano-e-saude-publica\/#breadcrumblist","itemListElement":[{"@type":"ListItem","@id":"https:\/\/www.encontracentrosaopaulo.com.br\/sobre#listItem","position":1,"name":"In\u00edcio","item":"https:\/\/www.encontracentrosaopaulo.com.br\/sobre","nextItem":{"@type":"ListItem","@id":"https:\/\/www.encontracentrosaopaulo.com.br\/sobre\/saude-no-centro-sp\/#listItem","name":"Sa\u00fade Centro SP"}},{"@type":"ListItem","@id":"https:\/\/www.encontracentrosaopaulo.com.br\/sobre\/saude-no-centro-sp\/#listItem","position":2,"name":"Sa\u00fade Centro SP","item":"https:\/\/www.encontracentrosaopaulo.com.br\/sobre\/saude-no-centro-sp\/","nextItem":{"@type":"ListItem","@id":"https:\/\/www.encontracentrosaopaulo.com.br\/sobre\/galeria-de-cidade-saudavel-a-relacao-entre-planejamento-urbano-e-saude-publica\/#listItem","name":"Galeria de Cidade saud\u00e1vel: a rela\u00e7\u00e3o entre planejamento urbano e sa\u00fade p\u00fablica"},"previousItem":{"@type":"ListItem","@id":"https:\/\/www.encontracentrosaopaulo.com.br\/sobre#listItem","name":"In\u00edcio"}},{"@type":"ListItem","@id":"https:\/\/www.encontracentrosaopaulo.com.br\/sobre\/galeria-de-cidade-saudavel-a-relacao-entre-planejamento-urbano-e-saude-publica\/#listItem","position":3,"name":"Galeria de Cidade saud\u00e1vel: a rela\u00e7\u00e3o entre planejamento urbano e sa\u00fade p\u00fablica","previousItem":{"@type":"ListItem","@id":"https:\/\/www.encontracentrosaopaulo.com.br\/sobre\/saude-no-centro-sp\/#listItem","name":"Sa\u00fade Centro SP"}}]},{"@type":"Organization","@id":"https:\/\/www.encontracentrosaopaulo.com.br\/sobre\/#organization","name":"Encontra Centro SP","description":"Not\u00edcias, eventos, informa\u00e7\u00f5es e dicas na cidade de Centro SP e regi\u00e3o.","url":"https:\/\/www.encontracentrosaopaulo.com.br\/sobre\/"},{"@type":"Person","@id":"https:\/\/www.encontracentrosaopaulo.com.br\/sobre\/author\/ecentrosaopaulo\/#author","url":"https:\/\/www.encontracentrosaopaulo.com.br\/sobre\/author\/ecentrosaopaulo\/","name":"Encontra Centro SP","image":{"@type":"ImageObject","@id":"https:\/\/www.encontracentrosaopaulo.com.br\/sobre\/galeria-de-cidade-saudavel-a-relacao-entre-planejamento-urbano-e-saude-publica\/#authorImage","url":"https:\/\/secure.gravatar.com\/avatar\/507340682b8270222e1f208e23198b6ae7e2c6a1033ae84e99bc6bce4f82a387?s=96&d=mm&r=g","width":96,"height":96,"caption":"Encontra Centro SP"}},{"@type":"WebPage","@id":"https:\/\/www.encontracentrosaopaulo.com.br\/sobre\/galeria-de-cidade-saudavel-a-relacao-entre-planejamento-urbano-e-saude-publica\/#webpage","url":"https:\/\/www.encontracentrosaopaulo.com.br\/sobre\/galeria-de-cidade-saudavel-a-relacao-entre-planejamento-urbano-e-saude-publica\/","name":"Galeria de Cidade saud\u00e1vel: a rela\u00e7\u00e3o entre planejamento urbano e sa\u00fade p\u00fablica | Encontra Centro SP","description":"Cidade saud\u00e1vel explora a conex\u00e3o entre planejamento urbano e sa\u00fade p\u00fablica.","inLanguage":"pt-BR","isPartOf":{"@id":"https:\/\/www.encontracentrosaopaulo.com.br\/sobre\/#website"},"breadcrumb":{"@id":"https:\/\/www.encontracentrosaopaulo.com.br\/sobre\/galeria-de-cidade-saudavel-a-relacao-entre-planejamento-urbano-e-saude-publica\/#breadcrumblist"},"author":{"@id":"https:\/\/www.encontracentrosaopaulo.com.br\/sobre\/author\/ecentrosaopaulo\/#author"},"creator":{"@id":"https:\/\/www.encontracentrosaopaulo.com.br\/sobre\/author\/ecentrosaopaulo\/#author"},"image":{"@type":"ImageObject","url":"https:\/\/www.encontracentrosaopaulo.com.br\/sobre\/wp-content\/uploads\/galeria-de-cidade-saudavel-a-relacao-entre-planejamento-urbano-e-saude-publica.webp","@id":"https:\/\/www.encontracentrosaopaulo.com.br\/sobre\/galeria-de-cidade-saudavel-a-relacao-entre-planejamento-urbano-e-saude-publica\/#mainImage","width":280,"height":280,"caption":"cidade saud\u00e1vel"},"primaryImageOfPage":{"@id":"https:\/\/www.encontracentrosaopaulo.com.br\/sobre\/galeria-de-cidade-saudavel-a-relacao-entre-planejamento-urbano-e-saude-publica\/#mainImage"},"datePublished":"2026-08-13T05:11:01-03:00","dateModified":"2026-08-13T05:11:01-03:00"},{"@type":"WebSite","@id":"https:\/\/www.encontracentrosaopaulo.com.br\/sobre\/#website","url":"https:\/\/www.encontracentrosaopaulo.com.br\/sobre\/","name":"Encontra Centro SP","description":"Not\u00edcias, eventos, informa\u00e7\u00f5es e dicas na cidade de Centro SP e regi\u00e3o.","inLanguage":"pt-BR","publisher":{"@id":"https:\/\/www.encontracentrosaopaulo.com.br\/sobre\/#organization"}}]},"og:locale":"pt_BR","og:site_name":"Encontra Centro SP | Not\u00edcias, eventos, informa\u00e7\u00f5es e dicas na cidade de Centro SP e regi\u00e3o.","og:type":"article","og:title":"Galeria de Cidade saud\u00e1vel: a rela\u00e7\u00e3o entre planejamento urbano e sa\u00fade p\u00fablica | Encontra Centro SP","og:description":"Cidade saud\u00e1vel explora a conex\u00e3o entre planejamento urbano e sa\u00fade p\u00fablica.","og:url":"https:\/\/www.encontracentrosaopaulo.com.br\/sobre\/galeria-de-cidade-saudavel-a-relacao-entre-planejamento-urbano-e-saude-publica\/","article:published_time":"2026-08-13T08:11:01+00:00","article:modified_time":"2026-08-13T08:11:01+00:00","twitter:card":"summary","twitter:title":"Galeria de Cidade saud\u00e1vel: a rela\u00e7\u00e3o entre planejamento urbano e sa\u00fade p\u00fablica | Encontra Centro SP","twitter:description":"Cidade saud\u00e1vel explora a conex\u00e3o entre planejamento urbano e sa\u00fade p\u00fablica."},"aioseo_meta_data":{"post_id":"7156","title":null,"description":null,"keywords":null,"keyphrases":null,"primary_term":null,"canonical_url":null,"og_title":null,"og_description":null,"og_object_type":"default","og_image_type":"default","og_image_url":null,"og_image_width":null,"og_image_height":null,"og_image_custom_url":null,"og_image_custom_fields":null,"og_video":null,"og_custom_url":null,"og_article_section":null,"og_article_tags":null,"twitter_use_og":false,"twitter_card":"default","twitter_image_type":"default","twitter_image_url":null,"twitter_image_custom_url":null,"twitter_image_custom_fields":null,"twitter_title":null,"twitter_description":null,"schema":{"blockGraphs":[],"customGraphs":[],"default":{"data":{"Article":[],"Course":[],"Dataset":[],"FAQPage":[],"Movie":[],"Person":[],"Product":[],"ProductReview":[],"Car":[],"Recipe":[],"Service":[],"SoftwareApplication":[],"WebPage":[]},"graphName":"Article","isEnabled":true},"graphs":[]},"schema_type":"default","schema_type_options":null,"pillar_content":false,"robots_default":true,"robots_noindex":false,"robots_noarchive":false,"robots_nosnippet":false,"robots_nofollow":false,"robots_noimageindex":false,"robots_noodp":false,"robots_notranslate":false,"robots_max_snippet":null,"robots_max_videopreview":null,"robots_max_imagepreview":"large","priority":null,"frequency":null,"local_seo":null,"breadcrumb_settings":null,"limit_modified_date":false,"ai":null,"created":"2026-08-13 08:11:02","updated":"2026-08-13 10:03:37","seo_analyzer_scan_date":null,"focus_keyword":null,"additional_keywords":null,"truseo_locale":null},"aioseo_breadcrumb":"<div class=\"aioseo-breadcrumbs\"><span class=\"aioseo-breadcrumb\">\n\t\t\t<a href=\"https:\/\/www.encontracentrosaopaulo.com.br\/sobre\" title=\"In\u00edcio\">In\u00edcio<\/a>\n\t\t<\/span><span class=\"aioseo-breadcrumb-separator\">&raquo;<\/span><span class=\"aioseo-breadcrumb\">\n\t\t\t<a href=\"https:\/\/www.encontracentrosaopaulo.com.br\/sobre\/saude-no-centro-sp\/\" title=\"Sa\u00fade Centro SP\">Sa\u00fade Centro SP<\/a>\n\t\t<\/span><span class=\"aioseo-breadcrumb-separator\">&raquo;<\/span><span class=\"aioseo-breadcrumb\">\n\t\t\tGaleria de Cidade saud\u00e1vel: a rela\u00e7\u00e3o entre planejamento urbano e sa\u00fade p\u00fablica\n\t\t<\/span><\/div>","aioseo_breadcrumb_json":[{"label":"In\u00edcio","link":"https:\/\/www.encontracentrosaopaulo.com.br\/sobre"},{"label":"Sa\u00fade Centro SP","link":"https:\/\/www.encontracentrosaopaulo.com.br\/sobre\/saude-no-centro-sp\/"},{"label":"Galeria de Cidade saud\u00e1vel: a rela\u00e7\u00e3o entre planejamento urbano e sa\u00fade p\u00fablica","link":"https:\/\/www.encontracentrosaopaulo.com.br\/sobre\/galeria-de-cidade-saudavel-a-relacao-entre-planejamento-urbano-e-saude-publica\/"}],"_links":{"self":[{"href":"https:\/\/www.encontracentrosaopaulo.com.br\/sobre\/wp-json\/wp\/v2\/posts\/7156","targetHints":{"allow":["GET"]}}],"collection":[{"href":"https:\/\/www.encontracentrosaopaulo.com.br\/sobre\/wp-json\/wp\/v2\/posts"}],"about":[{"href":"https:\/\/www.encontracentrosaopaulo.com.br\/sobre\/wp-json\/wp\/v2\/types\/post"}],"author":[{"embeddable":true,"href":"https:\/\/www.encontracentrosaopaulo.com.br\/sobre\/wp-json\/wp\/v2\/users\/1"}],"replies":[{"embeddable":true,"href":"https:\/\/www.encontracentrosaopaulo.com.br\/sobre\/wp-json\/wp\/v2\/comments?post=7156"}],"version-history":[{"count":0,"href":"https:\/\/www.encontracentrosaopaulo.com.br\/sobre\/wp-json\/wp\/v2\/posts\/7156\/revisions"}],"wp:featuredmedia":[{"embeddable":true,"href":"https:\/\/www.encontracentrosaopaulo.com.br\/sobre\/wp-json\/wp\/v2\/media\/7155"}],"wp:attachment":[{"href":"https:\/\/www.encontracentrosaopaulo.com.br\/sobre\/wp-json\/wp\/v2\/media?parent=7156"}],"wp:term":[{"taxonomy":"category","embeddable":true,"href":"https:\/\/www.encontracentrosaopaulo.com.br\/sobre\/wp-json\/wp\/v2\/categories?post=7156"},{"taxonomy":"post_tag","embeddable":true,"href":"https:\/\/www.encontracentrosaopaulo.com.br\/sobre\/wp-json\/wp\/v2\/tags?post=7156"}],"curies":[{"name":"wp","href":"https:\/\/api.w.org\/{rel}","templated":true}]}}