{"id":7176,"date":"2026-08-16T04:38:24","date_gmt":"2026-08-16T07:38:24","guid":{"rendered":"https:\/\/www.encontracentrosaopaulo.com.br\/sobre\/proximo-dia-27-tem-comemoracao-do-mes-do-bancario-no-centro-de-sao-paulo\/"},"modified":"2026-08-16T04:38:24","modified_gmt":"2026-08-16T07:38:24","slug":"proximo-dia-27-tem-comemoracao-do-mes-do-bancario-no-centro-de-sao-paulo","status":"publish","type":"post","link":"https:\/\/www.encontracentrosaopaulo.com.br\/sobre\/proximo-dia-27-tem-comemoracao-do-mes-do-bancario-no-centro-de-sao-paulo\/","title":{"rendered":"Pr\u00f3ximo dia 27 tem comemora\u00e7\u00e3o do M\u00eas do Banc\u00e1rio no centro de S\u00e3o Paulo"},"content":{"rendered":"<div class=\"d6585b5127f45a35450431d0abc3f90c\" data-index=\"1\" style=\"float: none; margin:0px;\">\n<!-- Anuncio display - global -->\r\n<ins class=\"adsbygoogle\"\r\n     style=\"display:block\"\r\n     data-ad-client=\"ca-pub-8585364105181520\"\r\n     data-ad-slot=\"8789329856\"\r\n     data-ad-format=\"auto\"\r\n     data-full-width-responsive=\"true\"><\/ins>\r\n<script>\r\n     (adsbygoogle = window.adsbygoogle || []).push({});\r\n<\/script>\n<\/div>\n<h2>Import\u00e2ncia do M\u00eas do Banc\u00e1rio<\/h2>\n<p>O M\u00eas do Banc\u00e1rio \u00e9 uma celebra\u00e7\u00e3o que reconhece e valoriza a contribui\u00e7\u00e3o dos profissionais do setor banc\u00e1rio para o desenvolvimento econ\u00f4mico e social do pa\u00eds. Essas pessoas n\u00e3o apenas desempenham fun\u00e7\u00f5es essenciais nas institui\u00e7\u00f5es financeiras, mas tamb\u00e9m ajudam muitos brasileiros a realizarem importantes sonhos, como a aquisi\u00e7\u00e3o de im\u00f3veis, a educa\u00e7\u00e3o e o financiamento de pequenos neg\u00f3cios. Em cada conquista de um cliente, h\u00e1 um banc\u00e1rio que torna isso poss\u00edvel, e este m\u00eas \u00e9 uma oportunidade de reconhecer esse papel fundamental.<\/p>\n<h2>Programa\u00e7\u00e3o do Evento<\/h2>\n<p>Durante o M\u00eas do Banc\u00e1rio, s\u00e3o organizadas diversas atividades em v\u00e1rias regi\u00f5es, todas voltadas para a integra\u00e7\u00e3o e o reconhecimento dos funcion\u00e1rios da Caixa Econ\u00f4mica Federal e seus associados. A programa\u00e7\u00e3o inclui eventos sociais, confraterniza\u00e7\u00f5es e encontros que visam promover a uni\u00e3o entre os participantes e o fortalecimento da comunidade banc\u00e1ria.<\/p>\n<h2>Detalhes da Comemora\u00e7\u00e3o<\/h2>\n<p>No dia <strong>27 de agosto<\/strong>, haver\u00e1 uma confraterniza\u00e7\u00e3o especial no <strong>Restaurante Via Castelli<\/strong>, no centro de S\u00e3o Paulo. Este evento ser\u00e1 uma excelente oportunidade para que os associados da Apcef\/SP, seus dependentes e convidados se re\u00fanam para compartilhar experi\u00eancias, reencontrar amigos e celebrar as conquistas alcan\u00e7adas ao longo do ano. A festa come\u00e7ar\u00e1 \u00e0s <strong>19h<\/strong> e promete ser uma noite memor\u00e1vel.<\/p>\n<p><img decoding=\"async\" src=\"https:\/\/www.encontracentrosaopaulo.com.br\/sobre\/wp-content\/uploads\/proximo-dia-27-tem-comemoracao-do-mes-do-bancario-no-centro-de-sao-paulo.webp\" alt=\"M\u00eas do Banc\u00e1rio\" loading=\"lazy\" \/><\/p>\n<h2>Como Adquirir seu Convite<\/h2>\n<p>Os ingressos para a comemora\u00e7\u00e3o no dia 27 podem ser adquiridos online. Os interessados devem garantir seu lugar com anteced\u00eancia, pois a capacidade pode ser limitada. O processo de compra \u00e9 simples e r\u00e1pido, permitindo que todos os associados participem dessa celebra\u00e7\u00e3o. \u00c9 importante estar atento, j\u00e1 que a demanda pode ser alta.<\/p>\n<h2>Localiza\u00e7\u00e3o do Restaurante<\/h2>\n<p>O <strong>Restaurante Via Castelli<\/strong> est\u00e1 localizado na <strong>R. Martinico Prado, 341 \u2013 Higien\u00f3polis<\/strong>, um lugar acess\u00edvel e conhecido por sua excelente comida e ambiente acolhedor. A escolha desse local \u00e9 uma parte importante da experi\u00eancia, oferecendo um espa\u00e7o agrad\u00e1vel para confraterniza\u00e7\u00e3o.<\/p>\n<h2>Valores dos Ingressos<\/h2>\n<p>A tabela a seguir apresenta os valores dos ingressos para o evento:<\/p>\n<ul>\n<li><strong>Associado<\/strong> e dependente acima de 12 anos: <strong>R$ 50<\/strong><\/li>\n<li><strong>N\u00e3o associado<\/strong> ou convidado: <strong>R$ 120<\/strong><\/li>\n<li><strong>Usu\u00e1rio-parente<\/strong> a partir de 12 anos: <strong>R$ 105<\/strong><\/li>\n<li>Crian\u00e7a associada de 6 a 11 anos: <strong>R$ 30<\/strong><\/li>\n<li>Crian\u00e7a convidada de 6 a 11 anos: <strong>R$ 60<\/strong><\/li>\n<li>Crian\u00e7a at\u00e9 5 anos: <strong>isen\u00e7\u00e3o<\/strong><\/li>\n<\/ul>\n<p>*O card\u00e1pio inclui entrada, saladas, massas, prato principal, sobremesa, \u00e1gua, suco, refrigerante e cerveja.<\/p>\n<h2>Descontos para Associados<\/h2>\n<p>Os associados aposentados ter\u00e3o direito a um desconto de 10% no valor do ingresso. Essa iniciativa \u00e9 uma forma de reconhecimento e valoriza\u00e7\u00e3o do tempo dedicado por esses profissionais \u00e0 institui\u00e7\u00e3o e \u00e0 sociedade, tornando a celebra\u00e7\u00e3o ainda mais acess\u00edvel.<\/p>\n<h2>Contato para D\u00favidas<\/h2>\n<p>Para quaisquer informa\u00e7\u00f5es sobre o evento ou sobre como adquirir os ingressos, os interessados podem entrar em contato com o Departamento de Eventos da Apcef\/SP atrav\u00e9s dos n\u00fameros <strong>(11) 96626-1770<\/strong> ou <strong>(11) 97612-3900<\/strong>, ou pelo e-mail <strong>convites@apcefsp.org.br<\/strong>. A equipe estar\u00e1 dispon\u00edvel para esclarecer perguntas e ajudar na confirma\u00e7\u00e3o de presen\u00e7a.<\/p>\n<h2>Atividades Durante o M\u00eas<\/h2>\n<p>Al\u00e9m do evento principal no dia 27, diversas outras atividades ser\u00e3o realizadas ao longo do m\u00eas, incluindo encontros, palestras e eventos de integra\u00e7\u00e3o em diferentes localidades do estado. Essas iniciativas visam n\u00e3o apenas celebrar, mas tamb\u00e9m fortalecer a comunidade de trabalhadores banc\u00e1rios, criando um espa\u00e7o para trocas e homenagens.<\/p>\n<h2>Outros Eventos Regionais<\/h2>\n<p>O M\u00eas do Banc\u00e1rio tamb\u00e9m contar\u00e1 com celebra\u00e7\u00f5es em outras regi\u00f5es, com eventos agendados para os dias:<\/p>\n<ul>\n<li><strong>19 de agosto<\/strong>: Comemora\u00e7\u00e3o no Restaurante e Pizzaria Gianotto no ABC.<\/li>\n<li><strong>20 de agosto<\/strong>: Festa na Zona Oeste, na Cantina Gigio.<\/li>\n<li><strong>15 de setembro<\/strong>: Celebrar o M\u00eas do Banc\u00e1rio em Piracicaba.<\/li>\n<\/ul>\n<p>Tais eventos s\u00e3o uma excelente oportunidade para que os associados interajam, celebrando seus v\u00ednculos e as conquistas de sua categoria, enquanto desfrutam de momentos agrad\u00e1veis com colegas de trabalho e amigos.<\/p>\n\n<div style=\"font-size: 0px; height: 0px; line-height: 0px; margin: 0; padding: 0; clear: both;\"><\/div>","protected":false},"excerpt":{"rendered":"<p>Comemore o M\u00eas do Banc\u00e1rio em S\u00e3o Paulo com um evento especial.<\/p>\n","protected":false},"author":1,"featured_media":7175,"comment_status":"open","ping_status":"closed","sticky":false,"template":"","format":"standard","meta":{"footnotes":""},"categories":[39],"tags":[],"class_list":["post-7176","post","type-post","status-publish","format-standard","has-post-thumbnail","hentry","category-educacao-no-centro-sp","has_thumb"],"aioseo_notices":[],"aioseo_head":"\n\t\t<!-- All in One SEO 5.0.0.1 - aioseo.com -->\n\t<meta name=\"description\" content=\"Comemore o M\u00eas do Banc\u00e1rio em S\u00e3o Paulo com um evento especial.\" \/>\n\t<meta name=\"robots\" content=\"max-image-preview:large\" \/>\n\t<meta name=\"author\" content=\"Encontra Centro SP\"\/>\n\t<link rel=\"canonical\" href=\"https:\/\/www.encontracentrosaopaulo.com.br\/sobre\/proximo-dia-27-tem-comemoracao-do-mes-do-bancario-no-centro-de-sao-paulo\/\" \/>\n\t<meta name=\"generator\" content=\"All in One SEO (AIOSEO) 5.0.0.1\" \/>\n\t\t<meta property=\"og:locale\" content=\"pt_BR\" \/>\n\t\t<meta property=\"og:site_name\" content=\"Encontra Centro SP | Not\u00edcias, eventos, informa\u00e7\u00f5es e dicas na cidade de Centro SP e regi\u00e3o.\" \/>\n\t\t<meta property=\"og:type\" content=\"article\" \/>\n\t\t<meta property=\"og:title\" content=\"Pr\u00f3ximo dia 27 tem comemora\u00e7\u00e3o do M\u00eas do Banc\u00e1rio no centro de S\u00e3o Paulo | Encontra Centro SP\" \/>\n\t\t<meta property=\"og:description\" content=\"Comemore o M\u00eas do Banc\u00e1rio em S\u00e3o Paulo com um evento especial.\" \/>\n\t\t<meta property=\"og:url\" content=\"https:\/\/www.encontracentrosaopaulo.com.br\/sobre\/proximo-dia-27-tem-comemoracao-do-mes-do-bancario-no-centro-de-sao-paulo\/\" \/>\n\t\t<meta property=\"article:published_time\" content=\"2026-08-16T07:38:24+00:00\" \/>\n\t\t<meta property=\"article:modified_time\" content=\"2026-08-16T07:38:24+00:00\" \/>\n\t\t<meta name=\"twitter:card\" content=\"summary\" \/>\n\t\t<meta name=\"twitter:title\" content=\"Pr\u00f3ximo dia 27 tem comemora\u00e7\u00e3o do M\u00eas do Banc\u00e1rio no centro de S\u00e3o Paulo | Encontra Centro SP\" \/>\n\t\t<meta name=\"twitter:description\" content=\"Comemore o M\u00eas do Banc\u00e1rio em S\u00e3o Paulo com um evento especial.\" \/>\n\t\t<script type=\"application\/ld+json\" class=\"aioseo-schema\">\n\t\t\t{\"@context\":\"https:\\\/\\\/schema.org\",\"@graph\":[{\"@type\":\"Article\",\"@id\":\"https:\\\/\\\/www.encontracentrosaopaulo.com.br\\\/sobre\\\/proximo-dia-27-tem-comemoracao-do-mes-do-bancario-no-centro-de-sao-paulo\\\/#article\",\"name\":\"Pr\\u00f3ximo dia 27 tem comemora\\u00e7\\u00e3o do M\\u00eas do Banc\\u00e1rio no centro de S\\u00e3o Paulo | Encontra Centro SP\",\"headline\":\"Pr\\u00f3ximo dia 27 tem comemora\\u00e7\\u00e3o do M\\u00eas do Banc\\u00e1rio no centro de S\\u00e3o Paulo\",\"author\":{\"@id\":\"https:\\\/\\\/www.encontracentrosaopaulo.com.br\\\/sobre\\\/author\\\/ecentrosaopaulo\\\/#author\"},\"publisher\":{\"@id\":\"https:\\\/\\\/www.encontracentrosaopaulo.com.br\\\/sobre\\\/#organization\"},\"image\":{\"@type\":\"ImageObject\",\"url\":\"https:\\\/\\\/www.encontracentrosaopaulo.com.br\\\/sobre\\\/wp-content\\\/uploads\\\/proximo-dia-27-tem-comemoracao-do-mes-do-bancario-no-centro-de-sao-paulo.webp\",\"width\":280,\"height\":280,\"caption\":\"M\\u00eas do Banc\\u00e1rio\"},\"datePublished\":\"2026-08-16T04:38:24-03:00\",\"dateModified\":\"2026-08-16T04:38:24-03:00\",\"inLanguage\":\"pt-BR\",\"mainEntityOfPage\":{\"@id\":\"https:\\\/\\\/www.encontracentrosaopaulo.com.br\\\/sobre\\\/proximo-dia-27-tem-comemoracao-do-mes-do-bancario-no-centro-de-sao-paulo\\\/#webpage\"},\"isPartOf\":{\"@id\":\"https:\\\/\\\/www.encontracentrosaopaulo.com.br\\\/sobre\\\/proximo-dia-27-tem-comemoracao-do-mes-do-bancario-no-centro-de-sao-paulo\\\/#webpage\"},\"articleSection\":\"Educa\\u00e7\\u00e3o Centro SP\"},{\"@type\":\"BreadcrumbList\",\"@id\":\"https:\\\/\\\/www.encontracentrosaopaulo.com.br\\\/sobre\\\/proximo-dia-27-tem-comemoracao-do-mes-do-bancario-no-centro-de-sao-paulo\\\/#breadcrumblist\",\"itemListElement\":[{\"@type\":\"ListItem\",\"@id\":\"https:\\\/\\\/www.encontracentrosaopaulo.com.br\\\/sobre#listItem\",\"position\":1,\"name\":\"In\\u00edcio\",\"item\":\"https:\\\/\\\/www.encontracentrosaopaulo.com.br\\\/sobre\",\"nextItem\":{\"@type\":\"ListItem\",\"@id\":\"https:\\\/\\\/www.encontracentrosaopaulo.com.br\\\/sobre\\\/educacao-no-centro-sp\\\/#listItem\",\"name\":\"Educa\\u00e7\\u00e3o Centro SP\"}},{\"@type\":\"ListItem\",\"@id\":\"https:\\\/\\\/www.encontracentrosaopaulo.com.br\\\/sobre\\\/educacao-no-centro-sp\\\/#listItem\",\"position\":2,\"name\":\"Educa\\u00e7\\u00e3o Centro SP\",\"item\":\"https:\\\/\\\/www.encontracentrosaopaulo.com.br\\\/sobre\\\/educacao-no-centro-sp\\\/\",\"nextItem\":{\"@type\":\"ListItem\",\"@id\":\"https:\\\/\\\/www.encontracentrosaopaulo.com.br\\\/sobre\\\/proximo-dia-27-tem-comemoracao-do-mes-do-bancario-no-centro-de-sao-paulo\\\/#listItem\",\"name\":\"Pr\\u00f3ximo dia 27 tem comemora\\u00e7\\u00e3o do M\\u00eas do Banc\\u00e1rio no centro de S\\u00e3o Paulo\"},\"previousItem\":{\"@type\":\"ListItem\",\"@id\":\"https:\\\/\\\/www.encontracentrosaopaulo.com.br\\\/sobre#listItem\",\"name\":\"In\\u00edcio\"}},{\"@type\":\"ListItem\",\"@id\":\"https:\\\/\\\/www.encontracentrosaopaulo.com.br\\\/sobre\\\/proximo-dia-27-tem-comemoracao-do-mes-do-bancario-no-centro-de-sao-paulo\\\/#listItem\",\"position\":3,\"name\":\"Pr\\u00f3ximo dia 27 tem comemora\\u00e7\\u00e3o do M\\u00eas do Banc\\u00e1rio no centro de S\\u00e3o Paulo\",\"previousItem\":{\"@type\":\"ListItem\",\"@id\":\"https:\\\/\\\/www.encontracentrosaopaulo.com.br\\\/sobre\\\/educacao-no-centro-sp\\\/#listItem\",\"name\":\"Educa\\u00e7\\u00e3o Centro SP\"}}]},{\"@type\":\"Organization\",\"@id\":\"https:\\\/\\\/www.encontracentrosaopaulo.com.br\\\/sobre\\\/#organization\",\"name\":\"Encontra Centro SP\",\"description\":\"Not\\u00edcias, eventos, informa\\u00e7\\u00f5es e dicas na cidade de Centro SP e regi\\u00e3o.\",\"url\":\"https:\\\/\\\/www.encontracentrosaopaulo.com.br\\\/sobre\\\/\"},{\"@type\":\"Person\",\"@id\":\"https:\\\/\\\/www.encontracentrosaopaulo.com.br\\\/sobre\\\/author\\\/ecentrosaopaulo\\\/#author\",\"url\":\"https:\\\/\\\/www.encontracentrosaopaulo.com.br\\\/sobre\\\/author\\\/ecentrosaopaulo\\\/\",\"name\":\"Encontra Centro SP\",\"image\":{\"@type\":\"ImageObject\",\"@id\":\"https:\\\/\\\/www.encontracentrosaopaulo.com.br\\\/sobre\\\/proximo-dia-27-tem-comemoracao-do-mes-do-bancario-no-centro-de-sao-paulo\\\/#authorImage\",\"url\":\"https:\\\/\\\/secure.gravatar.com\\\/avatar\\\/507340682b8270222e1f208e23198b6ae7e2c6a1033ae84e99bc6bce4f82a387?s=96&d=mm&r=g\",\"width\":96,\"height\":96,\"caption\":\"Encontra Centro SP\"}},{\"@type\":\"WebPage\",\"@id\":\"https:\\\/\\\/www.encontracentrosaopaulo.com.br\\\/sobre\\\/proximo-dia-27-tem-comemoracao-do-mes-do-bancario-no-centro-de-sao-paulo\\\/#webpage\",\"url\":\"https:\\\/\\\/www.encontracentrosaopaulo.com.br\\\/sobre\\\/proximo-dia-27-tem-comemoracao-do-mes-do-bancario-no-centro-de-sao-paulo\\\/\",\"name\":\"Pr\\u00f3ximo dia 27 tem comemora\\u00e7\\u00e3o do M\\u00eas do Banc\\u00e1rio no centro de S\\u00e3o Paulo | Encontra Centro SP\",\"description\":\"Comemore o M\\u00eas do Banc\\u00e1rio em S\\u00e3o Paulo com um evento especial.\",\"inLanguage\":\"pt-BR\",\"isPartOf\":{\"@id\":\"https:\\\/\\\/www.encontracentrosaopaulo.com.br\\\/sobre\\\/#website\"},\"breadcrumb\":{\"@id\":\"https:\\\/\\\/www.encontracentrosaopaulo.com.br\\\/sobre\\\/proximo-dia-27-tem-comemoracao-do-mes-do-bancario-no-centro-de-sao-paulo\\\/#breadcrumblist\"},\"author\":{\"@id\":\"https:\\\/\\\/www.encontracentrosaopaulo.com.br\\\/sobre\\\/author\\\/ecentrosaopaulo\\\/#author\"},\"creator\":{\"@id\":\"https:\\\/\\\/www.encontracentrosaopaulo.com.br\\\/sobre\\\/author\\\/ecentrosaopaulo\\\/#author\"},\"image\":{\"@type\":\"ImageObject\",\"url\":\"https:\\\/\\\/www.encontracentrosaopaulo.com.br\\\/sobre\\\/wp-content\\\/uploads\\\/proximo-dia-27-tem-comemoracao-do-mes-do-bancario-no-centro-de-sao-paulo.webp\",\"@id\":\"https:\\\/\\\/www.encontracentrosaopaulo.com.br\\\/sobre\\\/proximo-dia-27-tem-comemoracao-do-mes-do-bancario-no-centro-de-sao-paulo\\\/#mainImage\",\"width\":280,\"height\":280,\"caption\":\"M\\u00eas do Banc\\u00e1rio\"},\"primaryImageOfPage\":{\"@id\":\"https:\\\/\\\/www.encontracentrosaopaulo.com.br\\\/sobre\\\/proximo-dia-27-tem-comemoracao-do-mes-do-bancario-no-centro-de-sao-paulo\\\/#mainImage\"},\"datePublished\":\"2026-08-16T04:38:24-03:00\",\"dateModified\":\"2026-08-16T04:38:24-03:00\"},{\"@type\":\"WebSite\",\"@id\":\"https:\\\/\\\/www.encontracentrosaopaulo.com.br\\\/sobre\\\/#website\",\"url\":\"https:\\\/\\\/www.encontracentrosaopaulo.com.br\\\/sobre\\\/\",\"name\":\"Encontra Centro SP\",\"description\":\"Not\\u00edcias, eventos, informa\\u00e7\\u00f5es e dicas na cidade de Centro SP e regi\\u00e3o.\",\"inLanguage\":\"pt-BR\",\"publisher\":{\"@id\":\"https:\\\/\\\/www.encontracentrosaopaulo.com.br\\\/sobre\\\/#organization\"}}]}\n\t\t<\/script>\n\t\t<!-- All in One SEO -->\n\n","aioseo_head_json":{"title":"Pr\u00f3ximo dia 27 tem comemora\u00e7\u00e3o do M\u00eas do Banc\u00e1rio no centro de S\u00e3o Paulo | Encontra Centro SP","description":"Comemore o M\u00eas do Banc\u00e1rio em S\u00e3o Paulo com um evento especial.","canonical_url":"https:\/\/www.encontracentrosaopaulo.com.br\/sobre\/proximo-dia-27-tem-comemoracao-do-mes-do-bancario-no-centro-de-sao-paulo\/","robots":"max-image-preview:large","keywords":"","webmasterTools":{"miscellaneous":""},"schema":{"@context":"https:\/\/schema.org","@graph":[{"@type":"Article","@id":"https:\/\/www.encontracentrosaopaulo.com.br\/sobre\/proximo-dia-27-tem-comemoracao-do-mes-do-bancario-no-centro-de-sao-paulo\/#article","name":"Pr\u00f3ximo dia 27 tem comemora\u00e7\u00e3o do M\u00eas do Banc\u00e1rio no centro de S\u00e3o Paulo | Encontra Centro SP","headline":"Pr\u00f3ximo dia 27 tem comemora\u00e7\u00e3o do M\u00eas do Banc\u00e1rio no centro de S\u00e3o Paulo","author":{"@id":"https:\/\/www.encontracentrosaopaulo.com.br\/sobre\/author\/ecentrosaopaulo\/#author"},"publisher":{"@id":"https:\/\/www.encontracentrosaopaulo.com.br\/sobre\/#organization"},"image":{"@type":"ImageObject","url":"https:\/\/www.encontracentrosaopaulo.com.br\/sobre\/wp-content\/uploads\/proximo-dia-27-tem-comemoracao-do-mes-do-bancario-no-centro-de-sao-paulo.webp","width":280,"height":280,"caption":"M\u00eas do Banc\u00e1rio"},"datePublished":"2026-08-16T04:38:24-03:00","dateModified":"2026-08-16T04:38:24-03:00","inLanguage":"pt-BR","mainEntityOfPage":{"@id":"https:\/\/www.encontracentrosaopaulo.com.br\/sobre\/proximo-dia-27-tem-comemoracao-do-mes-do-bancario-no-centro-de-sao-paulo\/#webpage"},"isPartOf":{"@id":"https:\/\/www.encontracentrosaopaulo.com.br\/sobre\/proximo-dia-27-tem-comemoracao-do-mes-do-bancario-no-centro-de-sao-paulo\/#webpage"},"articleSection":"Educa\u00e7\u00e3o Centro SP"},{"@type":"BreadcrumbList","@id":"https:\/\/www.encontracentrosaopaulo.com.br\/sobre\/proximo-dia-27-tem-comemoracao-do-mes-do-bancario-no-centro-de-sao-paulo\/#breadcrumblist","itemListElement":[{"@type":"ListItem","@id":"https:\/\/www.encontracentrosaopaulo.com.br\/sobre#listItem","position":1,"name":"In\u00edcio","item":"https:\/\/www.encontracentrosaopaulo.com.br\/sobre","nextItem":{"@type":"ListItem","@id":"https:\/\/www.encontracentrosaopaulo.com.br\/sobre\/educacao-no-centro-sp\/#listItem","name":"Educa\u00e7\u00e3o Centro SP"}},{"@type":"ListItem","@id":"https:\/\/www.encontracentrosaopaulo.com.br\/sobre\/educacao-no-centro-sp\/#listItem","position":2,"name":"Educa\u00e7\u00e3o Centro SP","item":"https:\/\/www.encontracentrosaopaulo.com.br\/sobre\/educacao-no-centro-sp\/","nextItem":{"@type":"ListItem","@id":"https:\/\/www.encontracentrosaopaulo.com.br\/sobre\/proximo-dia-27-tem-comemoracao-do-mes-do-bancario-no-centro-de-sao-paulo\/#listItem","name":"Pr\u00f3ximo dia 27 tem comemora\u00e7\u00e3o do M\u00eas do Banc\u00e1rio no centro de S\u00e3o Paulo"},"previousItem":{"@type":"ListItem","@id":"https:\/\/www.encontracentrosaopaulo.com.br\/sobre#listItem","name":"In\u00edcio"}},{"@type":"ListItem","@id":"https:\/\/www.encontracentrosaopaulo.com.br\/sobre\/proximo-dia-27-tem-comemoracao-do-mes-do-bancario-no-centro-de-sao-paulo\/#listItem","position":3,"name":"Pr\u00f3ximo dia 27 tem comemora\u00e7\u00e3o do M\u00eas do Banc\u00e1rio no centro de S\u00e3o Paulo","previousItem":{"@type":"ListItem","@id":"https:\/\/www.encontracentrosaopaulo.com.br\/sobre\/educacao-no-centro-sp\/#listItem","name":"Educa\u00e7\u00e3o Centro SP"}}]},{"@type":"Organization","@id":"https:\/\/www.encontracentrosaopaulo.com.br\/sobre\/#organization","name":"Encontra Centro SP","description":"Not\u00edcias, eventos, informa\u00e7\u00f5es e dicas na cidade de Centro SP e regi\u00e3o.","url":"https:\/\/www.encontracentrosaopaulo.com.br\/sobre\/"},{"@type":"Person","@id":"https:\/\/www.encontracentrosaopaulo.com.br\/sobre\/author\/ecentrosaopaulo\/#author","url":"https:\/\/www.encontracentrosaopaulo.com.br\/sobre\/author\/ecentrosaopaulo\/","name":"Encontra Centro SP","image":{"@type":"ImageObject","@id":"https:\/\/www.encontracentrosaopaulo.com.br\/sobre\/proximo-dia-27-tem-comemoracao-do-mes-do-bancario-no-centro-de-sao-paulo\/#authorImage","url":"https:\/\/secure.gravatar.com\/avatar\/507340682b8270222e1f208e23198b6ae7e2c6a1033ae84e99bc6bce4f82a387?s=96&d=mm&r=g","width":96,"height":96,"caption":"Encontra Centro SP"}},{"@type":"WebPage","@id":"https:\/\/www.encontracentrosaopaulo.com.br\/sobre\/proximo-dia-27-tem-comemoracao-do-mes-do-bancario-no-centro-de-sao-paulo\/#webpage","url":"https:\/\/www.encontracentrosaopaulo.com.br\/sobre\/proximo-dia-27-tem-comemoracao-do-mes-do-bancario-no-centro-de-sao-paulo\/","name":"Pr\u00f3ximo dia 27 tem comemora\u00e7\u00e3o do M\u00eas do Banc\u00e1rio no centro de S\u00e3o Paulo | Encontra Centro SP","description":"Comemore o M\u00eas do Banc\u00e1rio em S\u00e3o Paulo com um evento especial.","inLanguage":"pt-BR","isPartOf":{"@id":"https:\/\/www.encontracentrosaopaulo.com.br\/sobre\/#website"},"breadcrumb":{"@id":"https:\/\/www.encontracentrosaopaulo.com.br\/sobre\/proximo-dia-27-tem-comemoracao-do-mes-do-bancario-no-centro-de-sao-paulo\/#breadcrumblist"},"author":{"@id":"https:\/\/www.encontracentrosaopaulo.com.br\/sobre\/author\/ecentrosaopaulo\/#author"},"creator":{"@id":"https:\/\/www.encontracentrosaopaulo.com.br\/sobre\/author\/ecentrosaopaulo\/#author"},"image":{"@type":"ImageObject","url":"https:\/\/www.encontracentrosaopaulo.com.br\/sobre\/wp-content\/uploads\/proximo-dia-27-tem-comemoracao-do-mes-do-bancario-no-centro-de-sao-paulo.webp","@id":"https:\/\/www.encontracentrosaopaulo.com.br\/sobre\/proximo-dia-27-tem-comemoracao-do-mes-do-bancario-no-centro-de-sao-paulo\/#mainImage","width":280,"height":280,"caption":"M\u00eas do Banc\u00e1rio"},"primaryImageOfPage":{"@id":"https:\/\/www.encontracentrosaopaulo.com.br\/sobre\/proximo-dia-27-tem-comemoracao-do-mes-do-bancario-no-centro-de-sao-paulo\/#mainImage"},"datePublished":"2026-08-16T04:38:24-03:00","dateModified":"2026-08-16T04:38:24-03:00"},{"@type":"WebSite","@id":"https:\/\/www.encontracentrosaopaulo.com.br\/sobre\/#website","url":"https:\/\/www.encontracentrosaopaulo.com.br\/sobre\/","name":"Encontra Centro SP","description":"Not\u00edcias, eventos, informa\u00e7\u00f5es e dicas na cidade de Centro SP e regi\u00e3o.","inLanguage":"pt-BR","publisher":{"@id":"https:\/\/www.encontracentrosaopaulo.com.br\/sobre\/#organization"}}]},"og:locale":"pt_BR","og:site_name":"Encontra Centro SP | Not\u00edcias, eventos, informa\u00e7\u00f5es e dicas na cidade de Centro SP e regi\u00e3o.","og:type":"article","og:title":"Pr\u00f3ximo dia 27 tem comemora\u00e7\u00e3o do M\u00eas do Banc\u00e1rio no centro de S\u00e3o Paulo | Encontra Centro SP","og:description":"Comemore o M\u00eas do Banc\u00e1rio em S\u00e3o Paulo com um evento especial.","og:url":"https:\/\/www.encontracentrosaopaulo.com.br\/sobre\/proximo-dia-27-tem-comemoracao-do-mes-do-bancario-no-centro-de-sao-paulo\/","article:published_time":"2026-08-16T07:38:24+00:00","article:modified_time":"2026-08-16T07:38:24+00:00","twitter:card":"summary","twitter:title":"Pr\u00f3ximo dia 27 tem comemora\u00e7\u00e3o do M\u00eas do Banc\u00e1rio no centro de S\u00e3o Paulo | Encontra Centro SP","twitter:description":"Comemore o M\u00eas do Banc\u00e1rio em S\u00e3o Paulo com um evento especial."},"aioseo_meta_data":{"post_id":"7176","title":null,"description":null,"keywords":null,"keyphrases":null,"primary_term":null,"canonical_url":null,"og_title":null,"og_description":null,"og_object_type":"default","og_image_type":"default","og_image_url":null,"og_image_width":null,"og_image_height":null,"og_image_custom_url":null,"og_image_custom_fields":null,"og_video":null,"og_custom_url":null,"og_article_section":null,"og_article_tags":null,"twitter_use_og":false,"twitter_card":"default","twitter_image_type":"default","twitter_image_url":null,"twitter_image_custom_url":null,"twitter_image_custom_fields":null,"twitter_title":null,"twitter_description":null,"schema":{"blockGraphs":[],"customGraphs":[],"default":{"data":{"Article":[],"Course":[],"Dataset":[],"FAQPage":[],"Movie":[],"Person":[],"Product":[],"ProductReview":[],"Car":[],"Recipe":[],"Service":[],"SoftwareApplication":[],"WebPage":[]},"graphName":"Article","isEnabled":true},"graphs":[]},"schema_type":"default","schema_type_options":null,"pillar_content":false,"robots_default":true,"robots_noindex":false,"robots_noarchive":false,"robots_nosnippet":false,"robots_nofollow":false,"robots_noimageindex":false,"robots_noodp":false,"robots_notranslate":false,"robots_max_snippet":null,"robots_max_videopreview":null,"robots_max_imagepreview":"large","priority":null,"frequency":null,"local_seo":null,"breadcrumb_settings":null,"limit_modified_date":false,"ai":null,"created":"2026-08-16 07:38:24","updated":"2026-08-16 08:22:24","seo_analyzer_scan_date":null,"focus_keyword":null,"additional_keywords":null,"truseo_locale":null},"aioseo_breadcrumb":"<div class=\"aioseo-breadcrumbs\"><span class=\"aioseo-breadcrumb\">\n\t\t\t<a href=\"https:\/\/www.encontracentrosaopaulo.com.br\/sobre\" title=\"In\u00edcio\">In\u00edcio<\/a>\n\t\t<\/span><span class=\"aioseo-breadcrumb-separator\">&raquo;<\/span><span class=\"aioseo-breadcrumb\">\n\t\t\t<a href=\"https:\/\/www.encontracentrosaopaulo.com.br\/sobre\/educacao-no-centro-sp\/\" title=\"Educa\u00e7\u00e3o Centro SP\">Educa\u00e7\u00e3o Centro SP<\/a>\n\t\t<\/span><span class=\"aioseo-breadcrumb-separator\">&raquo;<\/span><span class=\"aioseo-breadcrumb\">\n\t\t\tPr\u00f3ximo dia 27 tem comemora\u00e7\u00e3o do M\u00eas do Banc\u00e1rio no centro de S\u00e3o Paulo\n\t\t<\/span><\/div>","aioseo_breadcrumb_json":[{"label":"In\u00edcio","link":"https:\/\/www.encontracentrosaopaulo.com.br\/sobre"},{"label":"Educa\u00e7\u00e3o Centro SP","link":"https:\/\/www.encontracentrosaopaulo.com.br\/sobre\/educacao-no-centro-sp\/"},{"label":"Pr\u00f3ximo dia 27 tem comemora\u00e7\u00e3o do M\u00eas do Banc\u00e1rio no centro de S\u00e3o Paulo","link":"https:\/\/www.encontracentrosaopaulo.com.br\/sobre\/proximo-dia-27-tem-comemoracao-do-mes-do-bancario-no-centro-de-sao-paulo\/"}],"_links":{"self":[{"href":"https:\/\/www.encontracentrosaopaulo.com.br\/sobre\/wp-json\/wp\/v2\/posts\/7176","targetHints":{"allow":["GET"]}}],"collection":[{"href":"https:\/\/www.encontracentrosaopaulo.com.br\/sobre\/wp-json\/wp\/v2\/posts"}],"about":[{"href":"https:\/\/www.encontracentrosaopaulo.com.br\/sobre\/wp-json\/wp\/v2\/types\/post"}],"author":[{"embeddable":true,"href":"https:\/\/www.encontracentrosaopaulo.com.br\/sobre\/wp-json\/wp\/v2\/users\/1"}],"replies":[{"embeddable":true,"href":"https:\/\/www.encontracentrosaopaulo.com.br\/sobre\/wp-json\/wp\/v2\/comments?post=7176"}],"version-history":[{"count":0,"href":"https:\/\/www.encontracentrosaopaulo.com.br\/sobre\/wp-json\/wp\/v2\/posts\/7176\/revisions"}],"wp:featuredmedia":[{"embeddable":true,"href":"https:\/\/www.encontracentrosaopaulo.com.br\/sobre\/wp-json\/wp\/v2\/media\/7175"}],"wp:attachment":[{"href":"https:\/\/www.encontracentrosaopaulo.com.br\/sobre\/wp-json\/wp\/v2\/media?parent=7176"}],"wp:term":[{"taxonomy":"category","embeddable":true,"href":"https:\/\/www.encontracentrosaopaulo.com.br\/sobre\/wp-json\/wp\/v2\/categories?post=7176"},{"taxonomy":"post_tag","embeddable":true,"href":"https:\/\/www.encontracentrosaopaulo.com.br\/sobre\/wp-json\/wp\/v2\/tags?post=7176"}],"curies":[{"name":"wp","href":"https:\/\/api.w.org\/{rel}","templated":true}]}}