{"id":7192,"date":"2026-08-19T04:37:39","date_gmt":"2026-08-19T07:37:39","guid":{"rendered":"https:\/\/www.encontracentrosaopaulo.com.br\/sobre\/justica-suspende-despejo-de-familias-pelo-governo-tarcisio-para-construcao-de-nova-sede-da-administracao-estadual\/"},"modified":"2026-08-19T04:37:39","modified_gmt":"2026-08-19T07:37:39","slug":"justica-suspende-despejo-de-familias-pelo-governo-tarcisio-para-construcao-de-nova-sede-da-administracao-estadual","status":"publish","type":"post","link":"https:\/\/www.encontracentrosaopaulo.com.br\/sobre\/justica-suspende-despejo-de-familias-pelo-governo-tarcisio-para-construcao-de-nova-sede-da-administracao-estadual\/","title":{"rendered":"Justi\u00e7a suspende despejo de fam\u00edlias pelo governo Tarc\u00edsio para constru\u00e7\u00e3o de nova sede da administra\u00e7\u00e3o estadual"},"content":{"rendered":"<div class=\"d6585b5127f45a35450431d0abc3f90c\" data-index=\"1\" style=\"float: none; margin:0px;\">\n<!-- Anuncio display - global -->\r\n<ins class=\"adsbygoogle\"\r\n     style=\"display:block\"\r\n     data-ad-client=\"ca-pub-8585364105181520\"\r\n     data-ad-slot=\"8789329856\"\r\n     data-ad-format=\"auto\"\r\n     data-full-width-responsive=\"true\"><\/ins>\r\n<script>\r\n     (adsbygoogle = window.adsbygoogle || []).push({});\r\n<\/script>\n<\/div>\n<h2>Contexto do Despejo em S\u00e3o Paulo<\/h2>\n<p>No centro de S\u00e3o Paulo, ocorreu uma tentativa de despejo de v\u00e1rias fam\u00edlias, desencadeada por uma ordem da Subprefeitura da S\u00e9 e da Companhia de Desenvolvimento Habitacional e Urbano (CDHU). O objetivo era a demoli\u00e7\u00e3o dos im\u00f3veis e a constru\u00e7\u00e3o de uma nova sede para o governo estadual. Essa a\u00e7\u00e3o foi contestada rapidamente por representantes legais e pela comunidade local, dado o impacto que teria sobre muitas fam\u00edlias vulner\u00e1veis.<\/p>\n<h2>Rea\u00e7\u00e3o das Fam\u00edlias e da Comunidade<\/h2>\n<p>As fam\u00edlias afetadas, que somam cerca de 50, manifestaram-se inicialmente com protestos, resistindo \u00e0 for\u00e7a policial que tentava realizar o despejo. Muitas dessas pessoas se opuseram \u00e0 desocupa\u00e7\u00e3o sob a justificativa de que n\u00e3o foram devidamente notificadas ou que n\u00e3o receberam o suporte necess\u00e1rio para se realocar. A comunidade que vive nas cercanias se solidarizou com os despejados, organizando a\u00e7\u00f5es para apoiar os moradores durante a crise.<\/p>\n<h2>Decis\u00e3o Judicial e Implica\u00e7\u00f5es Legais<\/h2>\n<p>O juiz Fausto Dalmaschio Ferreira emitiu uma decis\u00e3o suspendendo a opera\u00e7\u00e3o de despejo, afirmando que n\u00e3o havia uma ordem judicial v\u00e1lida que autorizasse a posse impositiva dos im\u00f3veis. Ele tamb\u00e9m destacou que quaisquer a\u00e7\u00f5es contr\u00e1rias levariam a consequ\u00eancias legais, como investiga\u00e7\u00e3o de crime de desobedi\u00eancia e poss\u00edveis multas. Essa suspens\u00e3o foi vista como uma vit\u00f3ria para os defensores dos direitos das fam\u00edlias em situa\u00e7\u00e3o de vulnerabilidade.<\/p>\n<p><img decoding=\"async\" src=\"https:\/\/www.encontracentrosaopaulo.com.br\/sobre\/wp-content\/uploads\/justica-suspende-despejo-de-familias-pelo-governo-tarcisio-para-construcao-de-nova-sede-da-administr.webp\" alt=\"despejo de fam\u00edlias em S\u00e3o Paulo\" loading=\"lazy\" \/><\/p>\n<h2>Condi\u00e7\u00f5es de Moradia e Direitos Humanos<\/h2>\n<p>A situa\u00e7\u00e3o das fam\u00edlias em quest\u00e3o \u00e9 alarmante. Muitas delas relatam dificuldades em assegurar moradia digna e condi\u00e7\u00f5es de vida adequadas. O direito \u00e0 moradia \u00e9 um direito humano fundamental, e a falta de assist\u00eancia adequada por parte das autoridades \u00e9 motivo de preocupa\u00e7\u00e3o para grupos de direitos humanos. Os relatos de amea\u00e7as e falta de documenta\u00e7\u00e3o comprobat\u00f3ria para a desocupa\u00e7\u00e3o levantam novas quest\u00f5es sobre os procedimentos usados por institui\u00e7\u00f5es governamentais.<\/p>\n<h2>A\u00e7\u00e3o da Defensoria P\u00fablica do Estado<\/h2>\n<p>A Defensoria P\u00fablica do Estado de S\u00e3o Paulo interv\u00e9m ativamente na situa\u00e7\u00e3o, alegando que v\u00e1rias fam\u00edlias n\u00e3o tinham participado do cadastramento necess\u00e1rio para receber apoio habitacional devido a circunst\u00e2ncias adversas, como aus\u00eancia tempor\u00e1ria ou perda de documentos. Al\u00e9m disso, a Defensoria destacou a heterogeneidade das condi\u00e7\u00f5es de moradia e as diferen\u00e7as no valor de aux\u00edlios oferecidos, que n\u00e3o s\u00e3o equivalentes, resultando em maior precariedade para algumas fam\u00edlias em compara\u00e7\u00e3o com outras.<\/p>\n<h2>Impacto na Vida das Crian\u00e7as Envolvidas<\/h2>\n<p>Com aproximadamente 14 crian\u00e7as entre as fam\u00edlias amea\u00e7adas de despejo, o impacto dessas a\u00e7\u00f5es \u00e9 particularmente severo. A inseguran\u00e7a habitacional pode afetar o comportamento e o desenvolvimento psicol\u00f3gico das crian\u00e7as. Estudos apontam que mudan\u00e7as frequentes de lar e a instabilidade podem levar a dificuldades na escola e prejudicar a sa\u00fade mental e emocional desses jovens.<\/p>\n<h2>Perspectivas para as Fam\u00edlias Afetadas<\/h2>\n<p>Com a suspens\u00e3o do despejo, as fam\u00edlias enfrentam um momento de esperan\u00e7a, mas a incerteza sobre o futuro persiste. A falta de solu\u00e7\u00f5es habitacionais definitivas e a continuidade da press\u00e3o governamental para desocupar os im\u00f3veis podem levar a novos conflitos. A inclus\u00e3o de mediadores e a cria\u00e7\u00e3o de um canal efetivo de comunica\u00e7\u00e3o entre os envolvidos seriam essenciais para garantir que solu\u00e7\u00f5es respeitosas e humanas sejam exploradas.<\/p>\n<h2>Rela\u00e7\u00e3o entre o Governo e as Fam\u00edlias<\/h2>\n<p>A rela\u00e7\u00e3o entre as autoridades estaduais e as fam\u00edlias moradoras nos pr\u00e9dios tem sido tensa. A falta de transpar\u00eancia nos processos de cadastramento e as diferentes interpreta\u00e7\u00f5es sobre a ocupa\u00e7\u00e3o legal ou n\u00e3o dos im\u00f3veis acentuam a desconfian\u00e7a. O governo informou que, de 2024 em diante, muitos moradores foram atendidos, mas isso n\u00e3o ameniza a crise imediata enfrentada pelos que ainda n\u00e3o conseguiram resolver suas situa\u00e7\u00f5es.<\/p>\n<h2>Propostas de Solu\u00e7\u00e3o para o Conflito<\/h2>\n<p>Propostas de media\u00e7\u00e3o incluem a cria\u00e7\u00e3o de um programa habitacional mais inclusivo, que considere a qualidade de vida e as necessidades espec\u00edficas de cada fam\u00edlia. O aumento do valor do aux\u00edlio-moradia e a facilita\u00e7\u00e3o do acesso ao cadastramento s\u00e3o aspectos que necessitam de revis\u00e3o. Programas que envolvam a comunidade na tomada de decis\u00f5es tamb\u00e9m podem fortalecer a confian\u00e7a e diminuir tens\u00f5es futuras.<\/p>\n<h2>A Import\u00e2ncia da Mobiliza\u00e7\u00e3o Social<\/h2>\n<p>A mobiliza\u00e7\u00e3o social desempenha um papel crucial nesse contexto, pois promove a conscientiza\u00e7\u00e3o sobre a import\u00e2ncia dos direitos habitacionais. Os grupos de apoio comunit\u00e1rio e as ONGs t\u00eam a capacidade de unir as fam\u00edlias afetadas, fornecendo recursos legais e suporte emocional. Campanhas de sensibiliza\u00e7\u00e3o podem ajudar a educar o p\u00fablico e engajar mais pessoas em torno da causa, aumentando a press\u00e3o sobre as autoridades para que tomem decis\u00f5es mais justas.<\/p>\n\n<div style=\"font-size: 0px; height: 0px; line-height: 0px; margin: 0; padding: 0; clear: both;\"><\/div>","protected":false},"excerpt":{"rendered":"<p>Despejo de fam\u00edlias \u00e9 suspenso pela Justi\u00e7a em S\u00e3o Paulo, garantindo direito \u00e0 moradia.<\/p>\n","protected":false},"author":1,"featured_media":7191,"comment_status":"open","ping_status":"closed","sticky":false,"template":"","format":"standard","meta":{"footnotes":""},"categories":[39],"tags":[],"class_list":["post-7192","post","type-post","status-publish","format-standard","has-post-thumbnail","hentry","category-educacao-no-centro-sp","has_thumb"],"aioseo_notices":[],"aioseo_head":"\n\t\t<!-- All in One SEO 5.0.0.1 - aioseo.com -->\n\t<meta name=\"description\" content=\"Despejo de fam\u00edlias \u00e9 suspenso pela Justi\u00e7a em S\u00e3o Paulo, garantindo direito \u00e0 moradia.\" \/>\n\t<meta name=\"robots\" content=\"max-image-preview:large\" \/>\n\t<meta name=\"author\" content=\"Encontra Centro SP\"\/>\n\t<link rel=\"canonical\" href=\"https:\/\/www.encontracentrosaopaulo.com.br\/sobre\/justica-suspende-despejo-de-familias-pelo-governo-tarcisio-para-construcao-de-nova-sede-da-administracao-estadual\/\" \/>\n\t<meta name=\"generator\" content=\"All in One SEO (AIOSEO) 5.0.0.1\" \/>\n\t\t<meta property=\"og:locale\" content=\"pt_BR\" \/>\n\t\t<meta property=\"og:site_name\" content=\"Encontra Centro SP | Not\u00edcias, eventos, informa\u00e7\u00f5es e dicas na cidade de Centro SP e regi\u00e3o.\" \/>\n\t\t<meta property=\"og:type\" content=\"article\" \/>\n\t\t<meta property=\"og:title\" content=\"Justi\u00e7a suspende despejo de fam\u00edlias pelo governo Tarc\u00edsio para constru\u00e7\u00e3o de nova sede da administra\u00e7\u00e3o estadual | Encontra Centro SP\" \/>\n\t\t<meta property=\"og:description\" content=\"Despejo de fam\u00edlias \u00e9 suspenso pela Justi\u00e7a em S\u00e3o Paulo, garantindo direito \u00e0 moradia.\" \/>\n\t\t<meta property=\"og:url\" content=\"https:\/\/www.encontracentrosaopaulo.com.br\/sobre\/justica-suspende-despejo-de-familias-pelo-governo-tarcisio-para-construcao-de-nova-sede-da-administracao-estadual\/\" \/>\n\t\t<meta property=\"article:published_time\" content=\"2026-08-19T07:37:39+00:00\" \/>\n\t\t<meta property=\"article:modified_time\" content=\"2026-08-19T07:37:39+00:00\" \/>\n\t\t<meta name=\"twitter:card\" content=\"summary\" \/>\n\t\t<meta name=\"twitter:title\" content=\"Justi\u00e7a suspende despejo de fam\u00edlias pelo governo Tarc\u00edsio para constru\u00e7\u00e3o de nova sede da administra\u00e7\u00e3o estadual | Encontra Centro SP\" \/>\n\t\t<meta name=\"twitter:description\" content=\"Despejo de fam\u00edlias \u00e9 suspenso pela Justi\u00e7a em S\u00e3o Paulo, garantindo direito \u00e0 moradia.\" \/>\n\t\t<script type=\"application\/ld+json\" class=\"aioseo-schema\">\n\t\t\t{\"@context\":\"https:\\\/\\\/schema.org\",\"@graph\":[{\"@type\":\"Article\",\"@id\":\"https:\\\/\\\/www.encontracentrosaopaulo.com.br\\\/sobre\\\/justica-suspende-despejo-de-familias-pelo-governo-tarcisio-para-construcao-de-nova-sede-da-administracao-estadual\\\/#article\",\"name\":\"Justi\\u00e7a suspende despejo de fam\\u00edlias pelo governo Tarc\\u00edsio para constru\\u00e7\\u00e3o de nova sede da administra\\u00e7\\u00e3o estadual | Encontra Centro SP\",\"headline\":\"Justi\\u00e7a suspende despejo de fam\\u00edlias pelo governo Tarc\\u00edsio para constru\\u00e7\\u00e3o de nova sede da administra\\u00e7\\u00e3o estadual\",\"author\":{\"@id\":\"https:\\\/\\\/www.encontracentrosaopaulo.com.br\\\/sobre\\\/author\\\/ecentrosaopaulo\\\/#author\"},\"publisher\":{\"@id\":\"https:\\\/\\\/www.encontracentrosaopaulo.com.br\\\/sobre\\\/#organization\"},\"image\":{\"@type\":\"ImageObject\",\"url\":\"https:\\\/\\\/www.encontracentrosaopaulo.com.br\\\/sobre\\\/wp-content\\\/uploads\\\/justica-suspende-despejo-de-familias-pelo-governo-tarcisio-para-construcao-de-nova-sede-da-administr.webp\",\"width\":280,\"height\":280,\"caption\":\"despejo de fam\\u00edlias em S\\u00e3o Paulo\"},\"datePublished\":\"2026-08-19T04:37:39-03:00\",\"dateModified\":\"2026-08-19T04:37:39-03:00\",\"inLanguage\":\"pt-BR\",\"mainEntityOfPage\":{\"@id\":\"https:\\\/\\\/www.encontracentrosaopaulo.com.br\\\/sobre\\\/justica-suspende-despejo-de-familias-pelo-governo-tarcisio-para-construcao-de-nova-sede-da-administracao-estadual\\\/#webpage\"},\"isPartOf\":{\"@id\":\"https:\\\/\\\/www.encontracentrosaopaulo.com.br\\\/sobre\\\/justica-suspende-despejo-de-familias-pelo-governo-tarcisio-para-construcao-de-nova-sede-da-administracao-estadual\\\/#webpage\"},\"articleSection\":\"Educa\\u00e7\\u00e3o Centro SP\"},{\"@type\":\"BreadcrumbList\",\"@id\":\"https:\\\/\\\/www.encontracentrosaopaulo.com.br\\\/sobre\\\/justica-suspende-despejo-de-familias-pelo-governo-tarcisio-para-construcao-de-nova-sede-da-administracao-estadual\\\/#breadcrumblist\",\"itemListElement\":[{\"@type\":\"ListItem\",\"@id\":\"https:\\\/\\\/www.encontracentrosaopaulo.com.br\\\/sobre#listItem\",\"position\":1,\"name\":\"In\\u00edcio\",\"item\":\"https:\\\/\\\/www.encontracentrosaopaulo.com.br\\\/sobre\",\"nextItem\":{\"@type\":\"ListItem\",\"@id\":\"https:\\\/\\\/www.encontracentrosaopaulo.com.br\\\/sobre\\\/educacao-no-centro-sp\\\/#listItem\",\"name\":\"Educa\\u00e7\\u00e3o Centro SP\"}},{\"@type\":\"ListItem\",\"@id\":\"https:\\\/\\\/www.encontracentrosaopaulo.com.br\\\/sobre\\\/educacao-no-centro-sp\\\/#listItem\",\"position\":2,\"name\":\"Educa\\u00e7\\u00e3o Centro SP\",\"item\":\"https:\\\/\\\/www.encontracentrosaopaulo.com.br\\\/sobre\\\/educacao-no-centro-sp\\\/\",\"nextItem\":{\"@type\":\"ListItem\",\"@id\":\"https:\\\/\\\/www.encontracentrosaopaulo.com.br\\\/sobre\\\/justica-suspende-despejo-de-familias-pelo-governo-tarcisio-para-construcao-de-nova-sede-da-administracao-estadual\\\/#listItem\",\"name\":\"Justi\\u00e7a suspende despejo de fam\\u00edlias pelo governo Tarc\\u00edsio para constru\\u00e7\\u00e3o de nova sede da administra\\u00e7\\u00e3o estadual\"},\"previousItem\":{\"@type\":\"ListItem\",\"@id\":\"https:\\\/\\\/www.encontracentrosaopaulo.com.br\\\/sobre#listItem\",\"name\":\"In\\u00edcio\"}},{\"@type\":\"ListItem\",\"@id\":\"https:\\\/\\\/www.encontracentrosaopaulo.com.br\\\/sobre\\\/justica-suspende-despejo-de-familias-pelo-governo-tarcisio-para-construcao-de-nova-sede-da-administracao-estadual\\\/#listItem\",\"position\":3,\"name\":\"Justi\\u00e7a suspende despejo de fam\\u00edlias pelo governo Tarc\\u00edsio para constru\\u00e7\\u00e3o de nova sede da administra\\u00e7\\u00e3o estadual\",\"previousItem\":{\"@type\":\"ListItem\",\"@id\":\"https:\\\/\\\/www.encontracentrosaopaulo.com.br\\\/sobre\\\/educacao-no-centro-sp\\\/#listItem\",\"name\":\"Educa\\u00e7\\u00e3o Centro SP\"}}]},{\"@type\":\"Organization\",\"@id\":\"https:\\\/\\\/www.encontracentrosaopaulo.com.br\\\/sobre\\\/#organization\",\"name\":\"Encontra Centro SP\",\"description\":\"Not\\u00edcias, eventos, informa\\u00e7\\u00f5es e dicas na cidade de Centro SP e regi\\u00e3o.\",\"url\":\"https:\\\/\\\/www.encontracentrosaopaulo.com.br\\\/sobre\\\/\"},{\"@type\":\"Person\",\"@id\":\"https:\\\/\\\/www.encontracentrosaopaulo.com.br\\\/sobre\\\/author\\\/ecentrosaopaulo\\\/#author\",\"url\":\"https:\\\/\\\/www.encontracentrosaopaulo.com.br\\\/sobre\\\/author\\\/ecentrosaopaulo\\\/\",\"name\":\"Encontra Centro SP\",\"image\":{\"@type\":\"ImageObject\",\"@id\":\"https:\\\/\\\/www.encontracentrosaopaulo.com.br\\\/sobre\\\/justica-suspende-despejo-de-familias-pelo-governo-tarcisio-para-construcao-de-nova-sede-da-administracao-estadual\\\/#authorImage\",\"url\":\"https:\\\/\\\/secure.gravatar.com\\\/avatar\\\/507340682b8270222e1f208e23198b6ae7e2c6a1033ae84e99bc6bce4f82a387?s=96&d=mm&r=g\",\"width\":96,\"height\":96,\"caption\":\"Encontra Centro SP\"}},{\"@type\":\"WebPage\",\"@id\":\"https:\\\/\\\/www.encontracentrosaopaulo.com.br\\\/sobre\\\/justica-suspende-despejo-de-familias-pelo-governo-tarcisio-para-construcao-de-nova-sede-da-administracao-estadual\\\/#webpage\",\"url\":\"https:\\\/\\\/www.encontracentrosaopaulo.com.br\\\/sobre\\\/justica-suspende-despejo-de-familias-pelo-governo-tarcisio-para-construcao-de-nova-sede-da-administracao-estadual\\\/\",\"name\":\"Justi\\u00e7a suspende despejo de fam\\u00edlias pelo governo Tarc\\u00edsio para constru\\u00e7\\u00e3o de nova sede da administra\\u00e7\\u00e3o estadual | Encontra Centro SP\",\"description\":\"Despejo de fam\\u00edlias \\u00e9 suspenso pela Justi\\u00e7a em S\\u00e3o Paulo, garantindo direito \\u00e0 moradia.\",\"inLanguage\":\"pt-BR\",\"isPartOf\":{\"@id\":\"https:\\\/\\\/www.encontracentrosaopaulo.com.br\\\/sobre\\\/#website\"},\"breadcrumb\":{\"@id\":\"https:\\\/\\\/www.encontracentrosaopaulo.com.br\\\/sobre\\\/justica-suspende-despejo-de-familias-pelo-governo-tarcisio-para-construcao-de-nova-sede-da-administracao-estadual\\\/#breadcrumblist\"},\"author\":{\"@id\":\"https:\\\/\\\/www.encontracentrosaopaulo.com.br\\\/sobre\\\/author\\\/ecentrosaopaulo\\\/#author\"},\"creator\":{\"@id\":\"https:\\\/\\\/www.encontracentrosaopaulo.com.br\\\/sobre\\\/author\\\/ecentrosaopaulo\\\/#author\"},\"image\":{\"@type\":\"ImageObject\",\"url\":\"https:\\\/\\\/www.encontracentrosaopaulo.com.br\\\/sobre\\\/wp-content\\\/uploads\\\/justica-suspende-despejo-de-familias-pelo-governo-tarcisio-para-construcao-de-nova-sede-da-administr.webp\",\"@id\":\"https:\\\/\\\/www.encontracentrosaopaulo.com.br\\\/sobre\\\/justica-suspende-despejo-de-familias-pelo-governo-tarcisio-para-construcao-de-nova-sede-da-administracao-estadual\\\/#mainImage\",\"width\":280,\"height\":280,\"caption\":\"despejo de fam\\u00edlias em S\\u00e3o Paulo\"},\"primaryImageOfPage\":{\"@id\":\"https:\\\/\\\/www.encontracentrosaopaulo.com.br\\\/sobre\\\/justica-suspende-despejo-de-familias-pelo-governo-tarcisio-para-construcao-de-nova-sede-da-administracao-estadual\\\/#mainImage\"},\"datePublished\":\"2026-08-19T04:37:39-03:00\",\"dateModified\":\"2026-08-19T04:37:39-03:00\"},{\"@type\":\"WebSite\",\"@id\":\"https:\\\/\\\/www.encontracentrosaopaulo.com.br\\\/sobre\\\/#website\",\"url\":\"https:\\\/\\\/www.encontracentrosaopaulo.com.br\\\/sobre\\\/\",\"name\":\"Encontra Centro SP\",\"description\":\"Not\\u00edcias, eventos, informa\\u00e7\\u00f5es e dicas na cidade de Centro SP e regi\\u00e3o.\",\"inLanguage\":\"pt-BR\",\"publisher\":{\"@id\":\"https:\\\/\\\/www.encontracentrosaopaulo.com.br\\\/sobre\\\/#organization\"}}]}\n\t\t<\/script>\n\t\t<!-- All in One SEO -->\n\n","aioseo_head_json":{"title":"Justi\u00e7a suspende despejo de fam\u00edlias pelo governo Tarc\u00edsio para constru\u00e7\u00e3o de nova sede da administra\u00e7\u00e3o estadual | Encontra Centro SP","description":"Despejo de fam\u00edlias \u00e9 suspenso pela Justi\u00e7a em S\u00e3o Paulo, garantindo direito \u00e0 moradia.","canonical_url":"https:\/\/www.encontracentrosaopaulo.com.br\/sobre\/justica-suspende-despejo-de-familias-pelo-governo-tarcisio-para-construcao-de-nova-sede-da-administracao-estadual\/","robots":"max-image-preview:large","keywords":"","webmasterTools":{"miscellaneous":""},"schema":{"@context":"https:\/\/schema.org","@graph":[{"@type":"Article","@id":"https:\/\/www.encontracentrosaopaulo.com.br\/sobre\/justica-suspende-despejo-de-familias-pelo-governo-tarcisio-para-construcao-de-nova-sede-da-administracao-estadual\/#article","name":"Justi\u00e7a suspende despejo de fam\u00edlias pelo governo Tarc\u00edsio para constru\u00e7\u00e3o de nova sede da administra\u00e7\u00e3o estadual | Encontra Centro SP","headline":"Justi\u00e7a suspende despejo de fam\u00edlias pelo governo Tarc\u00edsio para constru\u00e7\u00e3o de nova sede da administra\u00e7\u00e3o estadual","author":{"@id":"https:\/\/www.encontracentrosaopaulo.com.br\/sobre\/author\/ecentrosaopaulo\/#author"},"publisher":{"@id":"https:\/\/www.encontracentrosaopaulo.com.br\/sobre\/#organization"},"image":{"@type":"ImageObject","url":"https:\/\/www.encontracentrosaopaulo.com.br\/sobre\/wp-content\/uploads\/justica-suspende-despejo-de-familias-pelo-governo-tarcisio-para-construcao-de-nova-sede-da-administr.webp","width":280,"height":280,"caption":"despejo de fam\u00edlias em S\u00e3o Paulo"},"datePublished":"2026-08-19T04:37:39-03:00","dateModified":"2026-08-19T04:37:39-03:00","inLanguage":"pt-BR","mainEntityOfPage":{"@id":"https:\/\/www.encontracentrosaopaulo.com.br\/sobre\/justica-suspende-despejo-de-familias-pelo-governo-tarcisio-para-construcao-de-nova-sede-da-administracao-estadual\/#webpage"},"isPartOf":{"@id":"https:\/\/www.encontracentrosaopaulo.com.br\/sobre\/justica-suspende-despejo-de-familias-pelo-governo-tarcisio-para-construcao-de-nova-sede-da-administracao-estadual\/#webpage"},"articleSection":"Educa\u00e7\u00e3o Centro SP"},{"@type":"BreadcrumbList","@id":"https:\/\/www.encontracentrosaopaulo.com.br\/sobre\/justica-suspende-despejo-de-familias-pelo-governo-tarcisio-para-construcao-de-nova-sede-da-administracao-estadual\/#breadcrumblist","itemListElement":[{"@type":"ListItem","@id":"https:\/\/www.encontracentrosaopaulo.com.br\/sobre#listItem","position":1,"name":"In\u00edcio","item":"https:\/\/www.encontracentrosaopaulo.com.br\/sobre","nextItem":{"@type":"ListItem","@id":"https:\/\/www.encontracentrosaopaulo.com.br\/sobre\/educacao-no-centro-sp\/#listItem","name":"Educa\u00e7\u00e3o Centro SP"}},{"@type":"ListItem","@id":"https:\/\/www.encontracentrosaopaulo.com.br\/sobre\/educacao-no-centro-sp\/#listItem","position":2,"name":"Educa\u00e7\u00e3o Centro SP","item":"https:\/\/www.encontracentrosaopaulo.com.br\/sobre\/educacao-no-centro-sp\/","nextItem":{"@type":"ListItem","@id":"https:\/\/www.encontracentrosaopaulo.com.br\/sobre\/justica-suspende-despejo-de-familias-pelo-governo-tarcisio-para-construcao-de-nova-sede-da-administracao-estadual\/#listItem","name":"Justi\u00e7a suspende despejo de fam\u00edlias pelo governo Tarc\u00edsio para constru\u00e7\u00e3o de nova sede da administra\u00e7\u00e3o estadual"},"previousItem":{"@type":"ListItem","@id":"https:\/\/www.encontracentrosaopaulo.com.br\/sobre#listItem","name":"In\u00edcio"}},{"@type":"ListItem","@id":"https:\/\/www.encontracentrosaopaulo.com.br\/sobre\/justica-suspende-despejo-de-familias-pelo-governo-tarcisio-para-construcao-de-nova-sede-da-administracao-estadual\/#listItem","position":3,"name":"Justi\u00e7a suspende despejo de fam\u00edlias pelo governo Tarc\u00edsio para constru\u00e7\u00e3o de nova sede da administra\u00e7\u00e3o estadual","previousItem":{"@type":"ListItem","@id":"https:\/\/www.encontracentrosaopaulo.com.br\/sobre\/educacao-no-centro-sp\/#listItem","name":"Educa\u00e7\u00e3o Centro SP"}}]},{"@type":"Organization","@id":"https:\/\/www.encontracentrosaopaulo.com.br\/sobre\/#organization","name":"Encontra Centro SP","description":"Not\u00edcias, eventos, informa\u00e7\u00f5es e dicas na cidade de Centro SP e regi\u00e3o.","url":"https:\/\/www.encontracentrosaopaulo.com.br\/sobre\/"},{"@type":"Person","@id":"https:\/\/www.encontracentrosaopaulo.com.br\/sobre\/author\/ecentrosaopaulo\/#author","url":"https:\/\/www.encontracentrosaopaulo.com.br\/sobre\/author\/ecentrosaopaulo\/","name":"Encontra Centro SP","image":{"@type":"ImageObject","@id":"https:\/\/www.encontracentrosaopaulo.com.br\/sobre\/justica-suspende-despejo-de-familias-pelo-governo-tarcisio-para-construcao-de-nova-sede-da-administracao-estadual\/#authorImage","url":"https:\/\/secure.gravatar.com\/avatar\/507340682b8270222e1f208e23198b6ae7e2c6a1033ae84e99bc6bce4f82a387?s=96&d=mm&r=g","width":96,"height":96,"caption":"Encontra Centro SP"}},{"@type":"WebPage","@id":"https:\/\/www.encontracentrosaopaulo.com.br\/sobre\/justica-suspende-despejo-de-familias-pelo-governo-tarcisio-para-construcao-de-nova-sede-da-administracao-estadual\/#webpage","url":"https:\/\/www.encontracentrosaopaulo.com.br\/sobre\/justica-suspende-despejo-de-familias-pelo-governo-tarcisio-para-construcao-de-nova-sede-da-administracao-estadual\/","name":"Justi\u00e7a suspende despejo de fam\u00edlias pelo governo Tarc\u00edsio para constru\u00e7\u00e3o de nova sede da administra\u00e7\u00e3o estadual | Encontra Centro SP","description":"Despejo de fam\u00edlias \u00e9 suspenso pela Justi\u00e7a em S\u00e3o Paulo, garantindo direito \u00e0 moradia.","inLanguage":"pt-BR","isPartOf":{"@id":"https:\/\/www.encontracentrosaopaulo.com.br\/sobre\/#website"},"breadcrumb":{"@id":"https:\/\/www.encontracentrosaopaulo.com.br\/sobre\/justica-suspende-despejo-de-familias-pelo-governo-tarcisio-para-construcao-de-nova-sede-da-administracao-estadual\/#breadcrumblist"},"author":{"@id":"https:\/\/www.encontracentrosaopaulo.com.br\/sobre\/author\/ecentrosaopaulo\/#author"},"creator":{"@id":"https:\/\/www.encontracentrosaopaulo.com.br\/sobre\/author\/ecentrosaopaulo\/#author"},"image":{"@type":"ImageObject","url":"https:\/\/www.encontracentrosaopaulo.com.br\/sobre\/wp-content\/uploads\/justica-suspende-despejo-de-familias-pelo-governo-tarcisio-para-construcao-de-nova-sede-da-administr.webp","@id":"https:\/\/www.encontracentrosaopaulo.com.br\/sobre\/justica-suspende-despejo-de-familias-pelo-governo-tarcisio-para-construcao-de-nova-sede-da-administracao-estadual\/#mainImage","width":280,"height":280,"caption":"despejo de fam\u00edlias em S\u00e3o Paulo"},"primaryImageOfPage":{"@id":"https:\/\/www.encontracentrosaopaulo.com.br\/sobre\/justica-suspende-despejo-de-familias-pelo-governo-tarcisio-para-construcao-de-nova-sede-da-administracao-estadual\/#mainImage"},"datePublished":"2026-08-19T04:37:39-03:00","dateModified":"2026-08-19T04:37:39-03:00"},{"@type":"WebSite","@id":"https:\/\/www.encontracentrosaopaulo.com.br\/sobre\/#website","url":"https:\/\/www.encontracentrosaopaulo.com.br\/sobre\/","name":"Encontra Centro SP","description":"Not\u00edcias, eventos, informa\u00e7\u00f5es e dicas na cidade de Centro SP e regi\u00e3o.","inLanguage":"pt-BR","publisher":{"@id":"https:\/\/www.encontracentrosaopaulo.com.br\/sobre\/#organization"}}]},"og:locale":"pt_BR","og:site_name":"Encontra Centro SP | Not\u00edcias, eventos, informa\u00e7\u00f5es e dicas na cidade de Centro SP e regi\u00e3o.","og:type":"article","og:title":"Justi\u00e7a suspende despejo de fam\u00edlias pelo governo Tarc\u00edsio para constru\u00e7\u00e3o de nova sede da administra\u00e7\u00e3o estadual | Encontra Centro SP","og:description":"Despejo de fam\u00edlias \u00e9 suspenso pela Justi\u00e7a em S\u00e3o Paulo, garantindo direito \u00e0 moradia.","og:url":"https:\/\/www.encontracentrosaopaulo.com.br\/sobre\/justica-suspende-despejo-de-familias-pelo-governo-tarcisio-para-construcao-de-nova-sede-da-administracao-estadual\/","article:published_time":"2026-08-19T07:37:39+00:00","article:modified_time":"2026-08-19T07:37:39+00:00","twitter:card":"summary","twitter:title":"Justi\u00e7a suspende despejo de fam\u00edlias pelo governo Tarc\u00edsio para constru\u00e7\u00e3o de nova sede da administra\u00e7\u00e3o estadual | Encontra Centro SP","twitter:description":"Despejo de fam\u00edlias \u00e9 suspenso pela Justi\u00e7a em S\u00e3o Paulo, garantindo direito \u00e0 moradia."},"aioseo_meta_data":{"post_id":"7192","title":null,"description":null,"keywords":null,"keyphrases":null,"primary_term":null,"canonical_url":null,"og_title":null,"og_description":null,"og_object_type":"default","og_image_type":"default","og_image_url":null,"og_image_width":null,"og_image_height":null,"og_image_custom_url":null,"og_image_custom_fields":null,"og_video":null,"og_custom_url":null,"og_article_section":null,"og_article_tags":null,"twitter_use_og":false,"twitter_card":"default","twitter_image_type":"default","twitter_image_url":null,"twitter_image_custom_url":null,"twitter_image_custom_fields":null,"twitter_title":null,"twitter_description":null,"schema":{"blockGraphs":[],"customGraphs":[],"default":{"data":{"Article":[],"Course":[],"Dataset":[],"FAQPage":[],"Movie":[],"Person":[],"Product":[],"ProductReview":[],"Car":[],"Recipe":[],"Service":[],"SoftwareApplication":[],"WebPage":[]},"graphName":"Article","isEnabled":true},"graphs":[]},"schema_type":"default","schema_type_options":null,"pillar_content":false,"robots_default":true,"robots_noindex":false,"robots_noarchive":false,"robots_nosnippet":false,"robots_nofollow":false,"robots_noimageindex":false,"robots_noodp":false,"robots_notranslate":false,"robots_max_snippet":null,"robots_max_videopreview":null,"robots_max_imagepreview":"large","priority":null,"frequency":null,"local_seo":null,"breadcrumb_settings":null,"limit_modified_date":false,"ai":null,"created":"2026-08-19 07:37:39","updated":"2026-08-19 08:04:59","seo_analyzer_scan_date":null,"focus_keyword":null,"additional_keywords":null,"truseo_locale":null},"aioseo_breadcrumb":"<div class=\"aioseo-breadcrumbs\"><span class=\"aioseo-breadcrumb\">\n\t\t\t<a href=\"https:\/\/www.encontracentrosaopaulo.com.br\/sobre\" title=\"In\u00edcio\">In\u00edcio<\/a>\n\t\t<\/span><span class=\"aioseo-breadcrumb-separator\">&raquo;<\/span><span class=\"aioseo-breadcrumb\">\n\t\t\t<a href=\"https:\/\/www.encontracentrosaopaulo.com.br\/sobre\/educacao-no-centro-sp\/\" title=\"Educa\u00e7\u00e3o Centro SP\">Educa\u00e7\u00e3o Centro SP<\/a>\n\t\t<\/span><span class=\"aioseo-breadcrumb-separator\">&raquo;<\/span><span class=\"aioseo-breadcrumb\">\n\t\t\tJusti\u00e7a suspende despejo de fam\u00edlias pelo governo Tarc\u00edsio para constru\u00e7\u00e3o de nova sede da administra\u00e7\u00e3o estadual\n\t\t<\/span><\/div>","aioseo_breadcrumb_json":[{"label":"In\u00edcio","link":"https:\/\/www.encontracentrosaopaulo.com.br\/sobre"},{"label":"Educa\u00e7\u00e3o Centro SP","link":"https:\/\/www.encontracentrosaopaulo.com.br\/sobre\/educacao-no-centro-sp\/"},{"label":"Justi\u00e7a suspende despejo de fam\u00edlias pelo governo Tarc\u00edsio para constru\u00e7\u00e3o de nova sede da administra\u00e7\u00e3o estadual","link":"https:\/\/www.encontracentrosaopaulo.com.br\/sobre\/justica-suspende-despejo-de-familias-pelo-governo-tarcisio-para-construcao-de-nova-sede-da-administracao-estadual\/"}],"_links":{"self":[{"href":"https:\/\/www.encontracentrosaopaulo.com.br\/sobre\/wp-json\/wp\/v2\/posts\/7192","targetHints":{"allow":["GET"]}}],"collection":[{"href":"https:\/\/www.encontracentrosaopaulo.com.br\/sobre\/wp-json\/wp\/v2\/posts"}],"about":[{"href":"https:\/\/www.encontracentrosaopaulo.com.br\/sobre\/wp-json\/wp\/v2\/types\/post"}],"author":[{"embeddable":true,"href":"https:\/\/www.encontracentrosaopaulo.com.br\/sobre\/wp-json\/wp\/v2\/users\/1"}],"replies":[{"embeddable":true,"href":"https:\/\/www.encontracentrosaopaulo.com.br\/sobre\/wp-json\/wp\/v2\/comments?post=7192"}],"version-history":[{"count":0,"href":"https:\/\/www.encontracentrosaopaulo.com.br\/sobre\/wp-json\/wp\/v2\/posts\/7192\/revisions"}],"wp:featuredmedia":[{"embeddable":true,"href":"https:\/\/www.encontracentrosaopaulo.com.br\/sobre\/wp-json\/wp\/v2\/media\/7191"}],"wp:attachment":[{"href":"https:\/\/www.encontracentrosaopaulo.com.br\/sobre\/wp-json\/wp\/v2\/media?parent=7192"}],"wp:term":[{"taxonomy":"category","embeddable":true,"href":"https:\/\/www.encontracentrosaopaulo.com.br\/sobre\/wp-json\/wp\/v2\/categories?post=7192"},{"taxonomy":"post_tag","embeddable":true,"href":"https:\/\/www.encontracentrosaopaulo.com.br\/sobre\/wp-json\/wp\/v2\/tags?post=7192"}],"curies":[{"name":"wp","href":"https:\/\/api.w.org\/{rel}","templated":true}]}}