{"id":7266,"date":"2026-08-30T05:20:33","date_gmt":"2026-08-30T08:20:33","guid":{"rendered":"https:\/\/www.encontracentrosaopaulo.com.br\/sobre\/fim-de-semana-tera-calor-forte-em-sao-paulo-e-no-centro\/"},"modified":"2026-08-30T05:20:33","modified_gmt":"2026-08-30T08:20:33","slug":"fim-de-semana-tera-calor-forte-em-sao-paulo-e-no-centro","status":"publish","type":"post","link":"https:\/\/www.encontracentrosaopaulo.com.br\/sobre\/fim-de-semana-tera-calor-forte-em-sao-paulo-e-no-centro\/","title":{"rendered":"Fim de semana ter\u00e1 calor forte em S\u00e3o Paulo e no Centro"},"content":{"rendered":"<div class=\"d6585b5127f45a35450431d0abc3f90c\" data-index=\"1\" style=\"float: none; margin:0px;\">\n<!-- Anuncio display - global -->\r\n<ins class=\"adsbygoogle\"\r\n     style=\"display:block\"\r\n     data-ad-client=\"ca-pub-8585364105181520\"\r\n     data-ad-slot=\"8789329856\"\r\n     data-ad-format=\"auto\"\r\n     data-full-width-responsive=\"true\"><\/ins>\r\n<script>\r\n     (adsbygoogle = window.adsbygoogle || []).push({});\r\n<\/script>\n<\/div>\n<h2>Expectativas de Temperatura em S\u00e3o Paulo<\/h2>\n<p>O \u00faltimo fim de semana de agosto promete trazer um calor intenso em S\u00e3o Paulo. Durante s\u00e1bado e domingo, espera-se que as temperaturas na capital alcancem at\u00e9 <strong>35\u00b0C<\/strong>, podendo atingir <strong>36\u00b0C<\/strong> na segunda-feira (31). A previs\u00e3o \u00e9 baseada nas an\u00e1lises do Instituto Nacional de Meteorologia (<a href='https:\/\/g1.globo.com\/tudo-sobre\/inmet\/'>Inmet<\/a>).<\/p>\n<p>No interior do estado, especialmente nas regi\u00f5es norte e oeste, o calor ser\u00e1 ainda mais pronunciado, com a umidade do ar apresentando uma queda consider\u00e1vel nas horas mais quentes do dia. A Climatempo indica um s\u00e1bado marcado por um clima majoritariamente ensolarado e seco, contribuindo para o aumento das temperaturas.<\/p>\n<h2>Calor no Centro-Oeste: Cuiab\u00e1 e Campo Grande<\/h2>\n<p>O Centro-Oeste brasileiro tamb\u00e9m experimentar\u00e1 altas temperaturas. Na cidade de <strong>Cuiab\u00e1<\/strong>, por exemplo, o term\u00f4metro pode registrar <strong>at\u00e9 40\u00b0C<\/strong> neste s\u00e1bado, com previs\u00e3o de chegar a <strong>41\u00b0C<\/strong> nos dias seguintes. Outras capitais da regi\u00e3o, como <strong>Campo Grande<\/strong> e <strong>Goi\u00e2nia<\/strong>, tamb\u00e9m dever\u00e3o apresentar temperaturas elevadas, entre <strong>36\u00b0C<\/strong> e <strong>37\u00b0C<\/strong>.<\/p>\n<p><img decoding=\"async\" src=\"https:\/\/www.encontracentrosaopaulo.com.br\/sobre\/wp-content\/uploads\/fim-de-semana-tera-calor-forte-em-sao-paulo-e-no-centro.webp\" alt=\"calor forte em S\u00e3o Paulo e no Centro-Oeste\" loading=\"lazy\" \/><\/p>\n<p>As condi\u00e7\u00f5es clim\u00e1ticas secas ser\u00e3o uma caracter\u00edstica marcante, onde a umidade relativa do ar pode at\u00e9 cair abaixo de <strong>12%<\/strong> em algumas \u00e1reas, especialmente em parte do Mato Grosso e Goi\u00e1s, tornando o ambiente muito quente e desconfort\u00e1vel.<\/p>\n<h2>Efeitos do Calor na Sa\u00fade<\/h2>\n<p>Com o aumento significativo das temperaturas, os efeitos sobre a sa\u00fade da popula\u00e7\u00e3o devem ser considerados. Durante per\u00edodos de calor intenso, h\u00e1 um maior risco de<\/p>\n<ul>\n<li><strong>Exaust\u00e3o por calor:<\/strong> Sintomas como fadiga extrema, tonturas e n\u00e1useas podem ocorrer devido \u00e0 insufici\u00eancia de l\u00edquidos.<\/li>\n<li><strong>Desidrata\u00e7\u00e3o:<\/strong> A falta de ingest\u00e3o de \u00e1gua pode levar a problemas mais s\u00e9rios, incluindo dificuldades na fun\u00e7\u00e3o renal.<\/li>\n<li><strong>Quedas de press\u00e3o:<\/strong> A temperatura elevada pode causar desidrata\u00e7\u00f5es que impactam a press\u00e3o arterial, levando a desmaios.<\/li>\n<\/ul>\n<p>\u00c9 importante estar atento aos sinais e se hidratar adequadamente, especialmente para pessoas mais vulner\u00e1veis como idosos e crian\u00e7as.<\/p>\n<h2>O Risco de Tempestades no Sul<\/h2>\n<p>Enquanto o calor se prolonga em S\u00e3o Paulo e no Centro-Oeste, o <strong>Sul do Brasil<\/strong> enfrentar\u00e1 a chegada de uma frente fria, trazendo consigo a possibilidade de tempestades e chuvas fortes. A previs\u00e3o \u00e9 de que esse sistema clim\u00e1tico atue principalmente em \u00e1reas do Paran\u00e1, Santa Catarina e Rio Grande do Sul, onde o risco de <strong>granizo<\/strong> e <strong>rajadas de vento fortes<\/strong> ser\u00e1 proporcionalmente alto.<\/p>\n<p>Esse contraste clim\u00e1tico entre calor intenso em algumas partes do Brasil e tempestades em outras ressalta a complexidade das condi\u00e7\u00f5es meteorol\u00f3gicas atuais, exigindo aten\u00e7\u00e3o e preparativos adequados por parte da popula\u00e7\u00e3o.<\/p>\n<h2>Umidade Relativa do Ar em Queda<\/h2>\n<p>A umidade, um dos fatores clim\u00e1ticos mais relevantes, dever\u00e1 apresentar quedas acentuadas em diversas regi\u00f5es do Brasil, influenciando n\u00e3o apenas a sensa\u00e7\u00e3o t\u00e9rmica, mas tamb\u00e9m a sa\u00fade p\u00fablica. No interior de S\u00e3o Paulo, a umidade relativa do ar pode ficar entre <strong>12%<\/strong> e <strong>20%<\/strong>, criando um ambiente propenso a secura que pode desencadear problemas respirat\u00f3rios e de pele.<\/p>\n<p>Os \u00edndices de umidade baixos podem amplificar a sensa\u00e7\u00e3o de calor, dificultando a termoregula\u00e7\u00e3o do corpo humano. Dessa forma, \u00e9 fundamental que os moradores dessas regi\u00f5es estejam cientes e tomem precau\u00e7\u00f5es necess\u00e1rias.<\/p>\n<h2>Frente Fria se Aproxima do Sul<\/h2>\n<p>A medida que avan\u00e7a a frente friado Sul, espera-se que ela traga um aumento da umidade e diminui\u00e7\u00e3o das temperaturas na regi\u00e3o. Por\u00e9m, as mudan\u00e7as clim\u00e1ticas tamb\u00e9m podem trazer riscos, como tempestades severas, que necessitam de monitoramento cont\u00ednuo.<\/p>\n<p>As \u00e1reas afetadas pela frente fria experimentam um contraste clim\u00e1tico, uma vez que as condi\u00e7\u00f5es de calor extremo predominam em outras partes do Brasil, enquanto a parte sul se prepara para um clima mais chuvoso e potencialmente perigoso.<\/p>\n<h2>O Que Fazer Durante o Calor Extremo<\/h2>\n<p>Com a previs\u00e3o de calor intenso, \u00e9 essencial tomar algumas medidas para garantir a sa\u00fade e bem-estar. Aqui est\u00e3o algumas dicas:<\/p>\n<ul>\n<li><strong>Mantenha-se hidratado:<\/strong> Beber bastante \u00e1gua \u00e9 crucial. Evite bebidas alco\u00f3licas e cafeinadas.<\/li>\n<li><strong>Use roupas adequadas:<\/strong> Opte por vestimentas leves e de cores claras, que ajudem a refletir a luz do sol.<\/li>\n<li><strong>Evite atividades externas durante os hor\u00e1rios mais quentes:<\/strong> Procure realizar atividades f\u00edsicas nas primeiras horas da manh\u00e3 ou no final da tarde.<\/li>\n<li><strong>Busque locais frescos:<\/strong> Sempre que poss\u00edvel, permane\u00e7a em ambientes climatizados ou com sombra.<\/li>\n<\/ul>\n<h2>Impacto das Condi\u00e7\u00f5es Clim\u00e1ticas no Transporte<\/h2>\n<p>As altas temperaturas e a umidade baixa podem afetar n\u00e3o somente a sa\u00fade das pessoas mas tamb\u00e9m o funcionamento dos servi\u00e7os de transporte. Por exemplo, os \u00f4nibus e trens podem ter a performance reduzida devido ao calor extremo, assim como o tr\u00e1fego pode ser prejudicado por condi\u00e7\u00f5es clim\u00e1ticas adversas, como as tempestades no Sul.<\/p>\n<p>Os motoristas devem estar especialmente atentos e preparados para mudan\u00e7as nas condi\u00e7\u00f5es de viagem, e planejarem alternativas para o traslado.<\/p>\n<h2>Atividades ao Ar Livre: Cuidados Necess\u00e1rios<\/h2>\n<p>Durante os dias de calor intenso, os cuidados necess\u00e1rios para quem pretende passar tempo ao ar livre incluem:<\/p>\n<ul>\n<li><strong>Uso de protetor solar:<\/strong> Para proteger a pele dos danos causados pela exposi\u00e7\u00e3o solar.<\/li>\n<li><strong>Hidrata\u00e7\u00e3o constante:<\/strong> Levar sempre uma garrafa com \u00e1gua para evitar a desidrata\u00e7\u00e3o.<\/li>\n<li><strong>Identificar sinais de insola\u00e7\u00e3o:<\/strong> Ficar atento a sintomas como tontura, confus\u00e3o mental e n\u00e1useas.<\/li>\n<\/ul>\n<h2>Como se Proteger da Baixa Umidade<\/h2>\n<p>A redu\u00e7\u00e3o da umidade pode impactar bastante o conforto di\u00e1rio. Algumas maneiras de mitig\u00e1-la incluem:<\/p>\n<ul>\n<li><strong>Uso de umidificadores:<\/strong> Especialmente em ambientes internos, umidificadores podem ajudar a manter um n\u00edvel de umidade saud\u00e1vel.<\/li>\n<li><strong>Mantenha as portas e janelas abertas:<\/strong> A circula\u00e7\u00e3o de ar fresco pode auxiliar a melhorar a qualidade do ar.<\/li>\n<li><strong>Plantas internas:<\/strong> A presen\u00e7a de plantas pode ajudar a aumentar a umidade em casa.<\/li>\n<\/ul>\n<p>Essas a\u00e7\u00f5es podem ajudar a amenizar os efeitos da baixa umidade, garantindo um ambiente mais saud\u00e1vel e confort\u00e1vel.<\/p>\n\n<div style=\"font-size: 0px; height: 0px; line-height: 0px; margin: 0; padding: 0; clear: both;\"><\/div>","protected":false},"excerpt":{"rendered":"<p>Calor extremo promete impactar S\u00e3o Paulo e Centro-Oeste neste fim de semana.<\/p>\n","protected":false},"author":1,"featured_media":7265,"comment_status":"open","ping_status":"closed","sticky":false,"template":"","format":"standard","meta":{"footnotes":""},"categories":[6],"tags":[],"class_list":["post-7266","post","type-post","status-publish","format-standard","has-post-thumbnail","hentry","category-noticias-no-centro-sp","has_thumb"],"aioseo_notices":[],"aioseo_head":"\n\t\t<!-- All in One SEO 5.0.0.1 - aioseo.com -->\n\t<meta name=\"description\" content=\"Calor extremo promete impactar S\u00e3o Paulo e Centro-Oeste neste fim de semana.\" \/>\n\t<meta name=\"robots\" content=\"max-image-preview:large\" \/>\n\t<meta name=\"author\" content=\"Encontra Centro SP\"\/>\n\t<link rel=\"canonical\" href=\"https:\/\/www.encontracentrosaopaulo.com.br\/sobre\/fim-de-semana-tera-calor-forte-em-sao-paulo-e-no-centro\/\" \/>\n\t<meta name=\"generator\" content=\"All in One SEO (AIOSEO) 5.0.0.1\" \/>\n\t\t<meta property=\"og:locale\" content=\"pt_BR\" \/>\n\t\t<meta property=\"og:site_name\" content=\"Encontra Centro SP | Not\u00edcias, eventos, informa\u00e7\u00f5es e dicas na cidade de Centro SP e regi\u00e3o.\" \/>\n\t\t<meta property=\"og:type\" content=\"article\" \/>\n\t\t<meta property=\"og:title\" content=\"Fim de semana ter\u00e1 calor forte em S\u00e3o Paulo e no Centro | Encontra Centro SP\" \/>\n\t\t<meta property=\"og:description\" content=\"Calor extremo promete impactar S\u00e3o Paulo e Centro-Oeste neste fim de semana.\" \/>\n\t\t<meta property=\"og:url\" content=\"https:\/\/www.encontracentrosaopaulo.com.br\/sobre\/fim-de-semana-tera-calor-forte-em-sao-paulo-e-no-centro\/\" \/>\n\t\t<meta property=\"article:published_time\" content=\"2026-08-30T08:20:33+00:00\" \/>\n\t\t<meta property=\"article:modified_time\" content=\"2026-08-30T08:20:33+00:00\" \/>\n\t\t<meta name=\"twitter:card\" content=\"summary\" \/>\n\t\t<meta name=\"twitter:title\" content=\"Fim de semana ter\u00e1 calor forte em S\u00e3o Paulo e no Centro | Encontra Centro SP\" \/>\n\t\t<meta name=\"twitter:description\" content=\"Calor extremo promete impactar S\u00e3o Paulo e Centro-Oeste neste fim de semana.\" \/>\n\t\t<script type=\"application\/ld+json\" class=\"aioseo-schema\">\n\t\t\t{\"@context\":\"https:\\\/\\\/schema.org\",\"@graph\":[{\"@type\":\"Article\",\"@id\":\"https:\\\/\\\/www.encontracentrosaopaulo.com.br\\\/sobre\\\/fim-de-semana-tera-calor-forte-em-sao-paulo-e-no-centro\\\/#article\",\"name\":\"Fim de semana ter\\u00e1 calor forte em S\\u00e3o Paulo e no Centro | Encontra Centro SP\",\"headline\":\"Fim de semana ter\\u00e1 calor forte em S\\u00e3o Paulo e no Centro\",\"author\":{\"@id\":\"https:\\\/\\\/www.encontracentrosaopaulo.com.br\\\/sobre\\\/author\\\/ecentrosaopaulo\\\/#author\"},\"publisher\":{\"@id\":\"https:\\\/\\\/www.encontracentrosaopaulo.com.br\\\/sobre\\\/#organization\"},\"image\":{\"@type\":\"ImageObject\",\"url\":\"https:\\\/\\\/www.encontracentrosaopaulo.com.br\\\/sobre\\\/wp-content\\\/uploads\\\/fim-de-semana-tera-calor-forte-em-sao-paulo-e-no-centro.webp\",\"width\":280,\"height\":280,\"caption\":\"calor forte em S\\u00e3o Paulo e no Centro-Oeste\"},\"datePublished\":\"2026-08-30T05:20:33-03:00\",\"dateModified\":\"2026-08-30T05:20:33-03:00\",\"inLanguage\":\"pt-BR\",\"mainEntityOfPage\":{\"@id\":\"https:\\\/\\\/www.encontracentrosaopaulo.com.br\\\/sobre\\\/fim-de-semana-tera-calor-forte-em-sao-paulo-e-no-centro\\\/#webpage\"},\"isPartOf\":{\"@id\":\"https:\\\/\\\/www.encontracentrosaopaulo.com.br\\\/sobre\\\/fim-de-semana-tera-calor-forte-em-sao-paulo-e-no-centro\\\/#webpage\"},\"articleSection\":\"Not\\u00edcias Centro SP\"},{\"@type\":\"BreadcrumbList\",\"@id\":\"https:\\\/\\\/www.encontracentrosaopaulo.com.br\\\/sobre\\\/fim-de-semana-tera-calor-forte-em-sao-paulo-e-no-centro\\\/#breadcrumblist\",\"itemListElement\":[{\"@type\":\"ListItem\",\"@id\":\"https:\\\/\\\/www.encontracentrosaopaulo.com.br\\\/sobre#listItem\",\"position\":1,\"name\":\"In\\u00edcio\",\"item\":\"https:\\\/\\\/www.encontracentrosaopaulo.com.br\\\/sobre\",\"nextItem\":{\"@type\":\"ListItem\",\"@id\":\"https:\\\/\\\/www.encontracentrosaopaulo.com.br\\\/sobre\\\/noticias-no-centro-sp\\\/#listItem\",\"name\":\"Not\\u00edcias Centro SP\"}},{\"@type\":\"ListItem\",\"@id\":\"https:\\\/\\\/www.encontracentrosaopaulo.com.br\\\/sobre\\\/noticias-no-centro-sp\\\/#listItem\",\"position\":2,\"name\":\"Not\\u00edcias Centro SP\",\"item\":\"https:\\\/\\\/www.encontracentrosaopaulo.com.br\\\/sobre\\\/noticias-no-centro-sp\\\/\",\"nextItem\":{\"@type\":\"ListItem\",\"@id\":\"https:\\\/\\\/www.encontracentrosaopaulo.com.br\\\/sobre\\\/fim-de-semana-tera-calor-forte-em-sao-paulo-e-no-centro\\\/#listItem\",\"name\":\"Fim de semana ter\\u00e1 calor forte em S\\u00e3o Paulo e no Centro\"},\"previousItem\":{\"@type\":\"ListItem\",\"@id\":\"https:\\\/\\\/www.encontracentrosaopaulo.com.br\\\/sobre#listItem\",\"name\":\"In\\u00edcio\"}},{\"@type\":\"ListItem\",\"@id\":\"https:\\\/\\\/www.encontracentrosaopaulo.com.br\\\/sobre\\\/fim-de-semana-tera-calor-forte-em-sao-paulo-e-no-centro\\\/#listItem\",\"position\":3,\"name\":\"Fim de semana ter\\u00e1 calor forte em S\\u00e3o Paulo e no Centro\",\"previousItem\":{\"@type\":\"ListItem\",\"@id\":\"https:\\\/\\\/www.encontracentrosaopaulo.com.br\\\/sobre\\\/noticias-no-centro-sp\\\/#listItem\",\"name\":\"Not\\u00edcias Centro SP\"}}]},{\"@type\":\"Organization\",\"@id\":\"https:\\\/\\\/www.encontracentrosaopaulo.com.br\\\/sobre\\\/#organization\",\"name\":\"Encontra Centro SP\",\"description\":\"Not\\u00edcias, eventos, informa\\u00e7\\u00f5es e dicas na cidade de Centro SP e regi\\u00e3o.\",\"url\":\"https:\\\/\\\/www.encontracentrosaopaulo.com.br\\\/sobre\\\/\"},{\"@type\":\"Person\",\"@id\":\"https:\\\/\\\/www.encontracentrosaopaulo.com.br\\\/sobre\\\/author\\\/ecentrosaopaulo\\\/#author\",\"url\":\"https:\\\/\\\/www.encontracentrosaopaulo.com.br\\\/sobre\\\/author\\\/ecentrosaopaulo\\\/\",\"name\":\"Encontra Centro SP\",\"image\":{\"@type\":\"ImageObject\",\"@id\":\"https:\\\/\\\/www.encontracentrosaopaulo.com.br\\\/sobre\\\/fim-de-semana-tera-calor-forte-em-sao-paulo-e-no-centro\\\/#authorImage\",\"url\":\"https:\\\/\\\/secure.gravatar.com\\\/avatar\\\/507340682b8270222e1f208e23198b6ae7e2c6a1033ae84e99bc6bce4f82a387?s=96&d=mm&r=g\",\"width\":96,\"height\":96,\"caption\":\"Encontra Centro SP\"}},{\"@type\":\"WebPage\",\"@id\":\"https:\\\/\\\/www.encontracentrosaopaulo.com.br\\\/sobre\\\/fim-de-semana-tera-calor-forte-em-sao-paulo-e-no-centro\\\/#webpage\",\"url\":\"https:\\\/\\\/www.encontracentrosaopaulo.com.br\\\/sobre\\\/fim-de-semana-tera-calor-forte-em-sao-paulo-e-no-centro\\\/\",\"name\":\"Fim de semana ter\\u00e1 calor forte em S\\u00e3o Paulo e no Centro | Encontra Centro SP\",\"description\":\"Calor extremo promete impactar S\\u00e3o Paulo e Centro-Oeste neste fim de semana.\",\"inLanguage\":\"pt-BR\",\"isPartOf\":{\"@id\":\"https:\\\/\\\/www.encontracentrosaopaulo.com.br\\\/sobre\\\/#website\"},\"breadcrumb\":{\"@id\":\"https:\\\/\\\/www.encontracentrosaopaulo.com.br\\\/sobre\\\/fim-de-semana-tera-calor-forte-em-sao-paulo-e-no-centro\\\/#breadcrumblist\"},\"author\":{\"@id\":\"https:\\\/\\\/www.encontracentrosaopaulo.com.br\\\/sobre\\\/author\\\/ecentrosaopaulo\\\/#author\"},\"creator\":{\"@id\":\"https:\\\/\\\/www.encontracentrosaopaulo.com.br\\\/sobre\\\/author\\\/ecentrosaopaulo\\\/#author\"},\"image\":{\"@type\":\"ImageObject\",\"url\":\"https:\\\/\\\/www.encontracentrosaopaulo.com.br\\\/sobre\\\/wp-content\\\/uploads\\\/fim-de-semana-tera-calor-forte-em-sao-paulo-e-no-centro.webp\",\"@id\":\"https:\\\/\\\/www.encontracentrosaopaulo.com.br\\\/sobre\\\/fim-de-semana-tera-calor-forte-em-sao-paulo-e-no-centro\\\/#mainImage\",\"width\":280,\"height\":280,\"caption\":\"calor forte em S\\u00e3o Paulo e no Centro-Oeste\"},\"primaryImageOfPage\":{\"@id\":\"https:\\\/\\\/www.encontracentrosaopaulo.com.br\\\/sobre\\\/fim-de-semana-tera-calor-forte-em-sao-paulo-e-no-centro\\\/#mainImage\"},\"datePublished\":\"2026-08-30T05:20:33-03:00\",\"dateModified\":\"2026-08-30T05:20:33-03:00\"},{\"@type\":\"WebSite\",\"@id\":\"https:\\\/\\\/www.encontracentrosaopaulo.com.br\\\/sobre\\\/#website\",\"url\":\"https:\\\/\\\/www.encontracentrosaopaulo.com.br\\\/sobre\\\/\",\"name\":\"Encontra Centro SP\",\"description\":\"Not\\u00edcias, eventos, informa\\u00e7\\u00f5es e dicas na cidade de Centro SP e regi\\u00e3o.\",\"inLanguage\":\"pt-BR\",\"publisher\":{\"@id\":\"https:\\\/\\\/www.encontracentrosaopaulo.com.br\\\/sobre\\\/#organization\"}}]}\n\t\t<\/script>\n\t\t<!-- All in One SEO -->\n\n","aioseo_head_json":{"title":"Fim de semana ter\u00e1 calor forte em S\u00e3o Paulo e no Centro | Encontra Centro SP","description":"Calor extremo promete impactar S\u00e3o Paulo e Centro-Oeste neste fim de semana.","canonical_url":"https:\/\/www.encontracentrosaopaulo.com.br\/sobre\/fim-de-semana-tera-calor-forte-em-sao-paulo-e-no-centro\/","robots":"max-image-preview:large","keywords":"","webmasterTools":{"miscellaneous":""},"schema":{"@context":"https:\/\/schema.org","@graph":[{"@type":"Article","@id":"https:\/\/www.encontracentrosaopaulo.com.br\/sobre\/fim-de-semana-tera-calor-forte-em-sao-paulo-e-no-centro\/#article","name":"Fim de semana ter\u00e1 calor forte em S\u00e3o Paulo e no Centro | Encontra Centro SP","headline":"Fim de semana ter\u00e1 calor forte em S\u00e3o Paulo e no Centro","author":{"@id":"https:\/\/www.encontracentrosaopaulo.com.br\/sobre\/author\/ecentrosaopaulo\/#author"},"publisher":{"@id":"https:\/\/www.encontracentrosaopaulo.com.br\/sobre\/#organization"},"image":{"@type":"ImageObject","url":"https:\/\/www.encontracentrosaopaulo.com.br\/sobre\/wp-content\/uploads\/fim-de-semana-tera-calor-forte-em-sao-paulo-e-no-centro.webp","width":280,"height":280,"caption":"calor forte em S\u00e3o Paulo e no Centro-Oeste"},"datePublished":"2026-08-30T05:20:33-03:00","dateModified":"2026-08-30T05:20:33-03:00","inLanguage":"pt-BR","mainEntityOfPage":{"@id":"https:\/\/www.encontracentrosaopaulo.com.br\/sobre\/fim-de-semana-tera-calor-forte-em-sao-paulo-e-no-centro\/#webpage"},"isPartOf":{"@id":"https:\/\/www.encontracentrosaopaulo.com.br\/sobre\/fim-de-semana-tera-calor-forte-em-sao-paulo-e-no-centro\/#webpage"},"articleSection":"Not\u00edcias Centro SP"},{"@type":"BreadcrumbList","@id":"https:\/\/www.encontracentrosaopaulo.com.br\/sobre\/fim-de-semana-tera-calor-forte-em-sao-paulo-e-no-centro\/#breadcrumblist","itemListElement":[{"@type":"ListItem","@id":"https:\/\/www.encontracentrosaopaulo.com.br\/sobre#listItem","position":1,"name":"In\u00edcio","item":"https:\/\/www.encontracentrosaopaulo.com.br\/sobre","nextItem":{"@type":"ListItem","@id":"https:\/\/www.encontracentrosaopaulo.com.br\/sobre\/noticias-no-centro-sp\/#listItem","name":"Not\u00edcias Centro SP"}},{"@type":"ListItem","@id":"https:\/\/www.encontracentrosaopaulo.com.br\/sobre\/noticias-no-centro-sp\/#listItem","position":2,"name":"Not\u00edcias Centro SP","item":"https:\/\/www.encontracentrosaopaulo.com.br\/sobre\/noticias-no-centro-sp\/","nextItem":{"@type":"ListItem","@id":"https:\/\/www.encontracentrosaopaulo.com.br\/sobre\/fim-de-semana-tera-calor-forte-em-sao-paulo-e-no-centro\/#listItem","name":"Fim de semana ter\u00e1 calor forte em S\u00e3o Paulo e no Centro"},"previousItem":{"@type":"ListItem","@id":"https:\/\/www.encontracentrosaopaulo.com.br\/sobre#listItem","name":"In\u00edcio"}},{"@type":"ListItem","@id":"https:\/\/www.encontracentrosaopaulo.com.br\/sobre\/fim-de-semana-tera-calor-forte-em-sao-paulo-e-no-centro\/#listItem","position":3,"name":"Fim de semana ter\u00e1 calor forte em S\u00e3o Paulo e no Centro","previousItem":{"@type":"ListItem","@id":"https:\/\/www.encontracentrosaopaulo.com.br\/sobre\/noticias-no-centro-sp\/#listItem","name":"Not\u00edcias Centro SP"}}]},{"@type":"Organization","@id":"https:\/\/www.encontracentrosaopaulo.com.br\/sobre\/#organization","name":"Encontra Centro SP","description":"Not\u00edcias, eventos, informa\u00e7\u00f5es e dicas na cidade de Centro SP e regi\u00e3o.","url":"https:\/\/www.encontracentrosaopaulo.com.br\/sobre\/"},{"@type":"Person","@id":"https:\/\/www.encontracentrosaopaulo.com.br\/sobre\/author\/ecentrosaopaulo\/#author","url":"https:\/\/www.encontracentrosaopaulo.com.br\/sobre\/author\/ecentrosaopaulo\/","name":"Encontra Centro SP","image":{"@type":"ImageObject","@id":"https:\/\/www.encontracentrosaopaulo.com.br\/sobre\/fim-de-semana-tera-calor-forte-em-sao-paulo-e-no-centro\/#authorImage","url":"https:\/\/secure.gravatar.com\/avatar\/507340682b8270222e1f208e23198b6ae7e2c6a1033ae84e99bc6bce4f82a387?s=96&d=mm&r=g","width":96,"height":96,"caption":"Encontra Centro SP"}},{"@type":"WebPage","@id":"https:\/\/www.encontracentrosaopaulo.com.br\/sobre\/fim-de-semana-tera-calor-forte-em-sao-paulo-e-no-centro\/#webpage","url":"https:\/\/www.encontracentrosaopaulo.com.br\/sobre\/fim-de-semana-tera-calor-forte-em-sao-paulo-e-no-centro\/","name":"Fim de semana ter\u00e1 calor forte em S\u00e3o Paulo e no Centro | Encontra Centro SP","description":"Calor extremo promete impactar S\u00e3o Paulo e Centro-Oeste neste fim de semana.","inLanguage":"pt-BR","isPartOf":{"@id":"https:\/\/www.encontracentrosaopaulo.com.br\/sobre\/#website"},"breadcrumb":{"@id":"https:\/\/www.encontracentrosaopaulo.com.br\/sobre\/fim-de-semana-tera-calor-forte-em-sao-paulo-e-no-centro\/#breadcrumblist"},"author":{"@id":"https:\/\/www.encontracentrosaopaulo.com.br\/sobre\/author\/ecentrosaopaulo\/#author"},"creator":{"@id":"https:\/\/www.encontracentrosaopaulo.com.br\/sobre\/author\/ecentrosaopaulo\/#author"},"image":{"@type":"ImageObject","url":"https:\/\/www.encontracentrosaopaulo.com.br\/sobre\/wp-content\/uploads\/fim-de-semana-tera-calor-forte-em-sao-paulo-e-no-centro.webp","@id":"https:\/\/www.encontracentrosaopaulo.com.br\/sobre\/fim-de-semana-tera-calor-forte-em-sao-paulo-e-no-centro\/#mainImage","width":280,"height":280,"caption":"calor forte em S\u00e3o Paulo e no Centro-Oeste"},"primaryImageOfPage":{"@id":"https:\/\/www.encontracentrosaopaulo.com.br\/sobre\/fim-de-semana-tera-calor-forte-em-sao-paulo-e-no-centro\/#mainImage"},"datePublished":"2026-08-30T05:20:33-03:00","dateModified":"2026-08-30T05:20:33-03:00"},{"@type":"WebSite","@id":"https:\/\/www.encontracentrosaopaulo.com.br\/sobre\/#website","url":"https:\/\/www.encontracentrosaopaulo.com.br\/sobre\/","name":"Encontra Centro SP","description":"Not\u00edcias, eventos, informa\u00e7\u00f5es e dicas na cidade de Centro SP e regi\u00e3o.","inLanguage":"pt-BR","publisher":{"@id":"https:\/\/www.encontracentrosaopaulo.com.br\/sobre\/#organization"}}]},"og:locale":"pt_BR","og:site_name":"Encontra Centro SP | Not\u00edcias, eventos, informa\u00e7\u00f5es e dicas na cidade de Centro SP e regi\u00e3o.","og:type":"article","og:title":"Fim de semana ter\u00e1 calor forte em S\u00e3o Paulo e no Centro | Encontra Centro SP","og:description":"Calor extremo promete impactar S\u00e3o Paulo e Centro-Oeste neste fim de semana.","og:url":"https:\/\/www.encontracentrosaopaulo.com.br\/sobre\/fim-de-semana-tera-calor-forte-em-sao-paulo-e-no-centro\/","article:published_time":"2026-08-30T08:20:33+00:00","article:modified_time":"2026-08-30T08:20:33+00:00","twitter:card":"summary","twitter:title":"Fim de semana ter\u00e1 calor forte em S\u00e3o Paulo e no Centro | Encontra Centro SP","twitter:description":"Calor extremo promete impactar S\u00e3o Paulo e Centro-Oeste neste fim de semana."},"aioseo_meta_data":{"post_id":"7266","title":null,"description":null,"keywords":null,"keyphrases":null,"primary_term":null,"canonical_url":null,"og_title":null,"og_description":null,"og_object_type":"default","og_image_type":"default","og_image_url":null,"og_image_width":null,"og_image_height":null,"og_image_custom_url":null,"og_image_custom_fields":null,"og_video":null,"og_custom_url":null,"og_article_section":null,"og_article_tags":null,"twitter_use_og":false,"twitter_card":"default","twitter_image_type":"default","twitter_image_url":null,"twitter_image_custom_url":null,"twitter_image_custom_fields":null,"twitter_title":null,"twitter_description":null,"schema":{"blockGraphs":[],"customGraphs":[],"default":{"data":{"Article":[],"Course":[],"Dataset":[],"FAQPage":[],"Movie":[],"Person":[],"Product":[],"ProductReview":[],"Car":[],"Recipe":[],"Service":[],"SoftwareApplication":[],"WebPage":[]},"graphName":"Article","isEnabled":true},"graphs":[]},"schema_type":"default","schema_type_options":null,"pillar_content":false,"robots_default":true,"robots_noindex":false,"robots_noarchive":false,"robots_nosnippet":false,"robots_nofollow":false,"robots_noimageindex":false,"robots_noodp":false,"robots_notranslate":false,"robots_max_snippet":null,"robots_max_videopreview":null,"robots_max_imagepreview":"large","priority":null,"frequency":null,"local_seo":null,"breadcrumb_settings":null,"limit_modified_date":false,"ai":null,"created":"2026-08-30 08:20:33","updated":"2026-08-30 09:16:55","seo_analyzer_scan_date":null,"focus_keyword":null,"additional_keywords":null,"truseo_locale":null},"aioseo_breadcrumb":"<div class=\"aioseo-breadcrumbs\"><span class=\"aioseo-breadcrumb\">\n\t\t\t<a href=\"https:\/\/www.encontracentrosaopaulo.com.br\/sobre\" title=\"In\u00edcio\">In\u00edcio<\/a>\n\t\t<\/span><span class=\"aioseo-breadcrumb-separator\">&raquo;<\/span><span class=\"aioseo-breadcrumb\">\n\t\t\t<a href=\"https:\/\/www.encontracentrosaopaulo.com.br\/sobre\/noticias-no-centro-sp\/\" title=\"Not\u00edcias Centro SP\">Not\u00edcias Centro SP<\/a>\n\t\t<\/span><span class=\"aioseo-breadcrumb-separator\">&raquo;<\/span><span class=\"aioseo-breadcrumb\">\n\t\t\tFim de semana ter\u00e1 calor forte em S\u00e3o Paulo e no Centro\n\t\t<\/span><\/div>","aioseo_breadcrumb_json":[{"label":"In\u00edcio","link":"https:\/\/www.encontracentrosaopaulo.com.br\/sobre"},{"label":"Not\u00edcias Centro SP","link":"https:\/\/www.encontracentrosaopaulo.com.br\/sobre\/noticias-no-centro-sp\/"},{"label":"Fim de semana ter\u00e1 calor forte em S\u00e3o Paulo e no Centro","link":"https:\/\/www.encontracentrosaopaulo.com.br\/sobre\/fim-de-semana-tera-calor-forte-em-sao-paulo-e-no-centro\/"}],"_links":{"self":[{"href":"https:\/\/www.encontracentrosaopaulo.com.br\/sobre\/wp-json\/wp\/v2\/posts\/7266","targetHints":{"allow":["GET"]}}],"collection":[{"href":"https:\/\/www.encontracentrosaopaulo.com.br\/sobre\/wp-json\/wp\/v2\/posts"}],"about":[{"href":"https:\/\/www.encontracentrosaopaulo.com.br\/sobre\/wp-json\/wp\/v2\/types\/post"}],"author":[{"embeddable":true,"href":"https:\/\/www.encontracentrosaopaulo.com.br\/sobre\/wp-json\/wp\/v2\/users\/1"}],"replies":[{"embeddable":true,"href":"https:\/\/www.encontracentrosaopaulo.com.br\/sobre\/wp-json\/wp\/v2\/comments?post=7266"}],"version-history":[{"count":0,"href":"https:\/\/www.encontracentrosaopaulo.com.br\/sobre\/wp-json\/wp\/v2\/posts\/7266\/revisions"}],"wp:featuredmedia":[{"embeddable":true,"href":"https:\/\/www.encontracentrosaopaulo.com.br\/sobre\/wp-json\/wp\/v2\/media\/7265"}],"wp:attachment":[{"href":"https:\/\/www.encontracentrosaopaulo.com.br\/sobre\/wp-json\/wp\/v2\/media?parent=7266"}],"wp:term":[{"taxonomy":"category","embeddable":true,"href":"https:\/\/www.encontracentrosaopaulo.com.br\/sobre\/wp-json\/wp\/v2\/categories?post=7266"},{"taxonomy":"post_tag","embeddable":true,"href":"https:\/\/www.encontracentrosaopaulo.com.br\/sobre\/wp-json\/wp\/v2\/tags?post=7266"}],"curies":[{"name":"wp","href":"https:\/\/api.w.org\/{rel}","templated":true}]}}