{"id":779,"date":"2012-07-17T07:21:10","date_gmt":"2012-07-17T09:21:10","guid":{"rendered":"http:\/\/www.encontracentrosaopaulo.com.br\/noticias\/?p=779"},"modified":"2019-04-29T16:22:27","modified_gmt":"2019-04-29T19:22:27","slug":"centro-recebe-maratona-rocknroll","status":"publish","type":"post","link":"https:\/\/www.encontracentrosaopaulo.com.br\/sobre\/centro-recebe-maratona-rocknroll\/","title":{"rendered":"Centro recebe maratona rock\u2019n\u2019roll"},"content":{"rendered":"<div class=\"d6585b5127f45a35450431d0abc3f90c\" data-index=\"1\" style=\"float: none; margin:0px;\">\n<!-- Anuncio display - global -->\r\n<ins class=\"adsbygoogle\"\r\n     style=\"display:block\"\r\n     data-ad-client=\"ca-pub-8585364105181520\"\r\n     data-ad-slot=\"8789329856\"\r\n     data-ad-format=\"auto\"\r\n     data-full-width-responsive=\"true\"><\/ins>\r\n<script>\r\n     (adsbygoogle = window.adsbygoogle || []).push({});\r\n<\/script>\n<\/div>\n<p>No m\u00eas em que se comemora o dia mundial do rock, a Galeria Olido  promove no s\u00e1bado (21\/7) uma s\u00e9rie de shows gratuitos em homenagem ao  g\u00eanero musical. Batizada de <em>Nunca \u00e9 Tarde para o Rock<\/em>, a  programa\u00e7\u00e3o do especial come\u00e7a \u00e0s 13h com a discotecagem do DJ Alexandre  Luppi, que leva para o Corredor da Olido os grandes cl\u00e1ssicos do rock  nacional e internacional. O repert\u00f3rio varia de <em>Aluga-se<\/em>, de Raul Seixas, e <em>Ser\u00e1<\/em>, do Legi\u00e3o Urbana, a <em>Roadhouse Blues<\/em>, do The Doors. O DJ tamb\u00e9m toca durante os intervalos entre os tr\u00eas shows que ocupam o palco da Sala Olido neste dia.<\/p>\n<p>O primeiro est\u00e1 marcado para as 14h, com a Banda Overal, uma das  revela\u00e7\u00f5es do pop rock brasileiro, formada por jovens m\u00fasicos que,  apesar da forma\u00e7\u00e3o cl\u00e1ssica roqueira, composta por baixo, bateria,  guitarras solo e base, tamb\u00e9m utilizam elementos do ska, hip hop e  reggae para apresentar composi\u00e7\u00f5es originais. Ser\u00e3o interpretadas faixas  autorais como <em>Le\u00e3o da St\u00e1tua<\/em>, <em>Janela da Babil\u00f4nia<\/em> e <em>Obras do Acaso<\/em>.<\/p>\n<p>O guitarrista angolano, naturalizado brasileiro, Nuno Mindelis mostra, \u00e0s 16h, composi\u00e7\u00f5es de seu novo \u00e1lbum <em>Free Blues<\/em>, al\u00e9m do repert\u00f3rio dos \u00faltimos shows no exterior, na Inglaterra e em Portugal, que re\u00fane temas dos CDs <em>Texas Bound<\/em>, <em>Blues on the Outside<\/em> e <em>Twelve Hours<\/em>, considerados os mais importantes de sua carreira. Est\u00e3o no set list can\u00e7\u00f5es como <em>Tenho Medo<\/em>, <em>A\u00e7oite da Noite<\/em>, uma parceria com Arnaldo Antunes, e <em>Mas que Nada<\/em>, de Jorge Ben Jor.<\/p>\n<p>A \u00faltima e grande atra\u00e7\u00e3o do dia \u00e9 a banda independente Velhas Virgens,  sucesso da cena underground brasileira que comemorou, no ano passado,  bodas de prata, com seus 11 CDs gravados, tr\u00eas DVDs e at\u00e9 mesmo uma  revista em quadrinhos. Com o nome inspirado no filme <em>A Banda das Velhas Virgens<\/em>,  de Am\u00e1cio Mazzaropi, e atualmente formado por Paulo Carvalho (gaita e  voz), Cavalo (guitarra), Tuca Paiva (baixo), Roy Carlini (guitarra),  Simon Brow (bateria) e Juliana Kosso (vocais), o grupo se apresenta \u00e0s  18h. No show, est\u00e3o m\u00fasicas como <em>Eu Todo Rock<\/em>, <em>A Mulher do Diabo<\/em> e <em>Som dos Solteiros<\/em>.<\/p>\n<p><strong>Confira a programa\u00e7\u00e3o completa<\/strong><\/p>\n<p><strong>DJ ALEXANDRE LUPPI<\/strong><br \/>\nA partir das 13h, e nos intervalos entre os shows apresentados na Sala Olido, o DJ toca cl\u00e1ssicos do rock\u2019n\u2019roll, como <em>Aluga-se<\/em>, de Raul Seixas, <em>Ser\u00e1<\/em>, do Legi\u00e3o Urbana, e <em>Lithium<\/em>, do Nirvana.<br \/>\n| Corredor da Olido. Dia 21, a partir das 13h (n\u00e3o \u00e9 necess\u00e1rio retirar ingresso)<\/p>\n<p><strong>BANDA OVERAL<\/strong><br \/>\nA banda, formada por jovens do cen\u00e1rio pop\/rock brasileiro, interpreta composi\u00e7\u00f5es originais de autoria de Marinho, como <em>Le\u00e3o de St\u00e1tua<\/em>, <em>Janela da Babil\u00f4nia<\/em> e <em>Overal<\/em>.<br \/>\n| Sala Olido. Dia 21, 14h (retirar ingresso uma hora antes)<\/p>\n<p><strong>NUNO MINDELIS<\/strong><br \/>\nO guitarrista re\u00fane, neste show, temas presentes em <em>Texas Bound<\/em>, <em>Blues on the Outside<\/em> e <em>Twelve Hours<\/em>,  \u00e1lbuns considerados os mais importantes de sua carreira e que fizeram  parte da \u00faltima turn\u00ea pela Inglaterra e Portugal. Entre as m\u00fasicas  interpretadas, est\u00e3o <em>Texas Bound<\/em> e <em>Siglas<\/em>, de autoria de Mindelis.<br \/>\n| Sala Olido. Dia 21, 16h (retirar ingresso uma hora antes)<\/p>\n<p><strong>VELHAS VIRGENS<\/strong><br \/>\nEm comemora\u00e7\u00e3o aos 25 anos de independ\u00eancia, a banda interpreta cl\u00e1ssicos de autoria de Paulo Carvalho, como <em>Eu Todo Rock<\/em>, <em>N\u00e3o Vale<\/em> e <em>Som dos Solteiros<\/em>.<br \/>\n| Sala Olido. Dia 21, 18h (retirar ingresso uma hora antes)<\/p>\n<p><strong>Servi\u00e7o<\/strong><\/p>\n<p><strong>Nunca \u00c9 Tarde para o Rock<\/strong><br \/>\n<strong>Data:<\/strong> 21 de julho<br \/>\n<strong>Hor\u00e1rio:<\/strong> 13h \u00e0s 18h<br \/>\n<strong>Local:<\/strong> Galeria Olido<br \/>\n<strong>Endere\u00e7o:<\/strong> Avenida S\u00e3o Jo\u00e3o, 473, Centro de SP<br \/>\n<strong>Informa\u00e7\u00f5es:<\/strong> 3331-8399 e 3397-0171<\/p>\n<p><em>Fonte: Prefeitura de S. Paulo<\/em><\/p>\n\n<div style=\"font-size: 0px; height: 0px; line-height: 0px; margin: 0; padding: 0; clear: both;\"><\/div>","protected":false},"excerpt":{"rendered":"<p>No m\u00eas em que se comemora o dia mundial do rock, a Galeria Olido promove no s\u00e1bado (21\/7) uma s\u00e9rie de shows gratuitos em homenagem ao g\u00eanero musical. Batizada de Nunca \u00e9 Tarde para o Rock, a programa\u00e7\u00e3o do especial come\u00e7a \u00e0s 13h com a discotecagem do DJ Alexandre Luppi, que leva para o Corredor da Olido os grandes cl\u00e1ssicos do rock nacional e internacional. O repert\u00f3rio varia de Aluga-se, de Raul Seixas, e Ser\u00e1, do Legi\u00e3o Urbana, a Roadhouse Blues, do The Doors. O DJ tamb\u00e9m toca durante os intervalos entre os tr\u00eas shows que ocupam o palco da <\/p>\n","protected":false},"author":1,"featured_media":0,"comment_status":"open","ping_status":"closed","sticky":false,"template":"","format":"standard","meta":{"footnotes":""},"categories":[6],"tags":[],"class_list":["post-779","post","type-post","status-publish","format-standard","hentry","category-noticias-no-centro-sp"],"aioseo_notices":[],"aioseo_head":"\n\t\t<!-- All in One SEO 5.0.0.1 - aioseo.com -->\n\t<meta name=\"description\" content=\"No m\u00eas em que se comemora o dia mundial do rock, a Galeria Olido promove no s\u00e1bado (21\/7) uma s\u00e9rie de shows gratuitos em homenagem ao g\u00eanero musical. Batizada de Nunca \u00e9 Tarde para o Rock, a programa\u00e7\u00e3o do especial come\u00e7a \u00e0s 13h com a discotecagem do DJ Alexandre Luppi, que leva para o Corredor\" \/>\n\t<meta name=\"robots\" content=\"max-image-preview:large\" \/>\n\t<meta name=\"author\" content=\"Encontra Centro SP\"\/>\n\t<link rel=\"canonical\" href=\"https:\/\/www.encontracentrosaopaulo.com.br\/sobre\/centro-recebe-maratona-rocknroll\/\" \/>\n\t<meta name=\"generator\" content=\"All in One SEO (AIOSEO) 5.0.0.1\" \/>\n\t\t<meta property=\"og:locale\" content=\"pt_BR\" \/>\n\t\t<meta property=\"og:site_name\" content=\"Encontra Centro SP | Not\u00edcias, eventos, informa\u00e7\u00f5es e dicas na cidade de Centro SP e regi\u00e3o.\" \/>\n\t\t<meta property=\"og:type\" content=\"article\" \/>\n\t\t<meta property=\"og:title\" content=\"Centro recebe maratona rock\u2019n\u2019roll | Encontra Centro SP\" \/>\n\t\t<meta property=\"og:description\" content=\"No m\u00eas em que se comemora o dia mundial do rock, a Galeria Olido promove no s\u00e1bado (21\/7) uma s\u00e9rie de shows gratuitos em homenagem ao g\u00eanero musical. Batizada de Nunca \u00e9 Tarde para o Rock, a programa\u00e7\u00e3o do especial come\u00e7a \u00e0s 13h com a discotecagem do DJ Alexandre Luppi, que leva para o Corredor\" \/>\n\t\t<meta property=\"og:url\" content=\"https:\/\/www.encontracentrosaopaulo.com.br\/sobre\/centro-recebe-maratona-rocknroll\/\" \/>\n\t\t<meta property=\"article:published_time\" content=\"2012-07-17T09:21:10+00:00\" \/>\n\t\t<meta property=\"article:modified_time\" content=\"2019-04-29T19:22:27+00:00\" \/>\n\t\t<meta name=\"twitter:card\" content=\"summary\" \/>\n\t\t<meta name=\"twitter:title\" content=\"Centro recebe maratona rock\u2019n\u2019roll | Encontra Centro SP\" \/>\n\t\t<meta name=\"twitter:description\" content=\"No m\u00eas em que se comemora o dia mundial do rock, a Galeria Olido promove no s\u00e1bado (21\/7) uma s\u00e9rie de shows gratuitos em homenagem ao g\u00eanero musical. Batizada de Nunca \u00e9 Tarde para o Rock, a programa\u00e7\u00e3o do especial come\u00e7a \u00e0s 13h com a discotecagem do DJ Alexandre Luppi, que leva para o Corredor\" \/>\n\t\t<script type=\"application\/ld+json\" class=\"aioseo-schema\">\n\t\t\t{\"@context\":\"https:\\\/\\\/schema.org\",\"@graph\":[{\"@type\":\"Article\",\"@id\":\"https:\\\/\\\/www.encontracentrosaopaulo.com.br\\\/sobre\\\/centro-recebe-maratona-rocknroll\\\/#article\",\"name\":\"Centro recebe maratona rock\\u2019n\\u2019roll | Encontra Centro SP\",\"headline\":\"Centro recebe maratona rock\\u2019n\\u2019roll\",\"author\":{\"@id\":\"https:\\\/\\\/www.encontracentrosaopaulo.com.br\\\/sobre\\\/author\\\/ecentrosaopaulo\\\/#author\"},\"publisher\":{\"@id\":\"https:\\\/\\\/www.encontracentrosaopaulo.com.br\\\/sobre\\\/#organization\"},\"datePublished\":\"2012-07-17T07:21:10-03:00\",\"dateModified\":\"2019-04-29T16:22:27-03:00\",\"inLanguage\":\"pt-BR\",\"mainEntityOfPage\":{\"@id\":\"https:\\\/\\\/www.encontracentrosaopaulo.com.br\\\/sobre\\\/centro-recebe-maratona-rocknroll\\\/#webpage\"},\"isPartOf\":{\"@id\":\"https:\\\/\\\/www.encontracentrosaopaulo.com.br\\\/sobre\\\/centro-recebe-maratona-rocknroll\\\/#webpage\"},\"articleSection\":\"Not\\u00edcias Centro SP\"},{\"@type\":\"BreadcrumbList\",\"@id\":\"https:\\\/\\\/www.encontracentrosaopaulo.com.br\\\/sobre\\\/centro-recebe-maratona-rocknroll\\\/#breadcrumblist\",\"itemListElement\":[{\"@type\":\"ListItem\",\"@id\":\"https:\\\/\\\/www.encontracentrosaopaulo.com.br\\\/sobre#listItem\",\"position\":1,\"name\":\"In\\u00edcio\",\"item\":\"https:\\\/\\\/www.encontracentrosaopaulo.com.br\\\/sobre\",\"nextItem\":{\"@type\":\"ListItem\",\"@id\":\"https:\\\/\\\/www.encontracentrosaopaulo.com.br\\\/sobre\\\/noticias-no-centro-sp\\\/#listItem\",\"name\":\"Not\\u00edcias Centro SP\"}},{\"@type\":\"ListItem\",\"@id\":\"https:\\\/\\\/www.encontracentrosaopaulo.com.br\\\/sobre\\\/noticias-no-centro-sp\\\/#listItem\",\"position\":2,\"name\":\"Not\\u00edcias Centro SP\",\"item\":\"https:\\\/\\\/www.encontracentrosaopaulo.com.br\\\/sobre\\\/noticias-no-centro-sp\\\/\",\"nextItem\":{\"@type\":\"ListItem\",\"@id\":\"https:\\\/\\\/www.encontracentrosaopaulo.com.br\\\/sobre\\\/centro-recebe-maratona-rocknroll\\\/#listItem\",\"name\":\"Centro recebe maratona rock\\u2019n\\u2019roll\"},\"previousItem\":{\"@type\":\"ListItem\",\"@id\":\"https:\\\/\\\/www.encontracentrosaopaulo.com.br\\\/sobre#listItem\",\"name\":\"In\\u00edcio\"}},{\"@type\":\"ListItem\",\"@id\":\"https:\\\/\\\/www.encontracentrosaopaulo.com.br\\\/sobre\\\/centro-recebe-maratona-rocknroll\\\/#listItem\",\"position\":3,\"name\":\"Centro recebe maratona rock\\u2019n\\u2019roll\",\"previousItem\":{\"@type\":\"ListItem\",\"@id\":\"https:\\\/\\\/www.encontracentrosaopaulo.com.br\\\/sobre\\\/noticias-no-centro-sp\\\/#listItem\",\"name\":\"Not\\u00edcias Centro SP\"}}]},{\"@type\":\"Organization\",\"@id\":\"https:\\\/\\\/www.encontracentrosaopaulo.com.br\\\/sobre\\\/#organization\",\"name\":\"Encontra Centro SP\",\"description\":\"Not\\u00edcias, eventos, informa\\u00e7\\u00f5es e dicas na cidade de Centro SP e regi\\u00e3o.\",\"url\":\"https:\\\/\\\/www.encontracentrosaopaulo.com.br\\\/sobre\\\/\"},{\"@type\":\"Person\",\"@id\":\"https:\\\/\\\/www.encontracentrosaopaulo.com.br\\\/sobre\\\/author\\\/ecentrosaopaulo\\\/#author\",\"url\":\"https:\\\/\\\/www.encontracentrosaopaulo.com.br\\\/sobre\\\/author\\\/ecentrosaopaulo\\\/\",\"name\":\"Encontra Centro SP\",\"image\":{\"@type\":\"ImageObject\",\"@id\":\"https:\\\/\\\/www.encontracentrosaopaulo.com.br\\\/sobre\\\/centro-recebe-maratona-rocknroll\\\/#authorImage\",\"url\":\"https:\\\/\\\/secure.gravatar.com\\\/avatar\\\/507340682b8270222e1f208e23198b6ae7e2c6a1033ae84e99bc6bce4f82a387?s=96&d=mm&r=g\",\"width\":96,\"height\":96,\"caption\":\"Encontra Centro SP\"}},{\"@type\":\"WebPage\",\"@id\":\"https:\\\/\\\/www.encontracentrosaopaulo.com.br\\\/sobre\\\/centro-recebe-maratona-rocknroll\\\/#webpage\",\"url\":\"https:\\\/\\\/www.encontracentrosaopaulo.com.br\\\/sobre\\\/centro-recebe-maratona-rocknroll\\\/\",\"name\":\"Centro recebe maratona rock\\u2019n\\u2019roll | Encontra Centro SP\",\"description\":\"No m\\u00eas em que se comemora o dia mundial do rock, a Galeria Olido promove no s\\u00e1bado (21\\\/7) uma s\\u00e9rie de shows gratuitos em homenagem ao g\\u00eanero musical. Batizada de Nunca \\u00e9 Tarde para o Rock, a programa\\u00e7\\u00e3o do especial come\\u00e7a \\u00e0s 13h com a discotecagem do DJ Alexandre Luppi, que leva para o Corredor\",\"inLanguage\":\"pt-BR\",\"isPartOf\":{\"@id\":\"https:\\\/\\\/www.encontracentrosaopaulo.com.br\\\/sobre\\\/#website\"},\"breadcrumb\":{\"@id\":\"https:\\\/\\\/www.encontracentrosaopaulo.com.br\\\/sobre\\\/centro-recebe-maratona-rocknroll\\\/#breadcrumblist\"},\"author\":{\"@id\":\"https:\\\/\\\/www.encontracentrosaopaulo.com.br\\\/sobre\\\/author\\\/ecentrosaopaulo\\\/#author\"},\"creator\":{\"@id\":\"https:\\\/\\\/www.encontracentrosaopaulo.com.br\\\/sobre\\\/author\\\/ecentrosaopaulo\\\/#author\"},\"datePublished\":\"2012-07-17T07:21:10-03:00\",\"dateModified\":\"2019-04-29T16:22:27-03:00\"},{\"@type\":\"WebSite\",\"@id\":\"https:\\\/\\\/www.encontracentrosaopaulo.com.br\\\/sobre\\\/#website\",\"url\":\"https:\\\/\\\/www.encontracentrosaopaulo.com.br\\\/sobre\\\/\",\"name\":\"Encontra Centro SP\",\"description\":\"Not\\u00edcias, eventos, informa\\u00e7\\u00f5es e dicas na cidade de Centro SP e regi\\u00e3o.\",\"inLanguage\":\"pt-BR\",\"publisher\":{\"@id\":\"https:\\\/\\\/www.encontracentrosaopaulo.com.br\\\/sobre\\\/#organization\"}}]}\n\t\t<\/script>\n\t\t<!-- All in One SEO -->\n\n","aioseo_head_json":{"title":"Centro recebe maratona rock\u2019n\u2019roll | Encontra Centro SP","description":"No m\u00eas em que se comemora o dia mundial do rock, a Galeria Olido promove no s\u00e1bado (21\/7) uma s\u00e9rie de shows gratuitos em homenagem ao g\u00eanero musical. Batizada de Nunca \u00e9 Tarde para o Rock, a programa\u00e7\u00e3o do especial come\u00e7a \u00e0s 13h com a discotecagem do DJ Alexandre Luppi, que leva para o Corredor","canonical_url":"https:\/\/www.encontracentrosaopaulo.com.br\/sobre\/centro-recebe-maratona-rocknroll\/","robots":"max-image-preview:large","keywords":"","webmasterTools":{"miscellaneous":""},"schema":{"@context":"https:\/\/schema.org","@graph":[{"@type":"Article","@id":"https:\/\/www.encontracentrosaopaulo.com.br\/sobre\/centro-recebe-maratona-rocknroll\/#article","name":"Centro recebe maratona rock\u2019n\u2019roll | Encontra Centro SP","headline":"Centro recebe maratona rock\u2019n\u2019roll","author":{"@id":"https:\/\/www.encontracentrosaopaulo.com.br\/sobre\/author\/ecentrosaopaulo\/#author"},"publisher":{"@id":"https:\/\/www.encontracentrosaopaulo.com.br\/sobre\/#organization"},"datePublished":"2012-07-17T07:21:10-03:00","dateModified":"2019-04-29T16:22:27-03:00","inLanguage":"pt-BR","mainEntityOfPage":{"@id":"https:\/\/www.encontracentrosaopaulo.com.br\/sobre\/centro-recebe-maratona-rocknroll\/#webpage"},"isPartOf":{"@id":"https:\/\/www.encontracentrosaopaulo.com.br\/sobre\/centro-recebe-maratona-rocknroll\/#webpage"},"articleSection":"Not\u00edcias Centro SP"},{"@type":"BreadcrumbList","@id":"https:\/\/www.encontracentrosaopaulo.com.br\/sobre\/centro-recebe-maratona-rocknroll\/#breadcrumblist","itemListElement":[{"@type":"ListItem","@id":"https:\/\/www.encontracentrosaopaulo.com.br\/sobre#listItem","position":1,"name":"In\u00edcio","item":"https:\/\/www.encontracentrosaopaulo.com.br\/sobre","nextItem":{"@type":"ListItem","@id":"https:\/\/www.encontracentrosaopaulo.com.br\/sobre\/noticias-no-centro-sp\/#listItem","name":"Not\u00edcias Centro SP"}},{"@type":"ListItem","@id":"https:\/\/www.encontracentrosaopaulo.com.br\/sobre\/noticias-no-centro-sp\/#listItem","position":2,"name":"Not\u00edcias Centro SP","item":"https:\/\/www.encontracentrosaopaulo.com.br\/sobre\/noticias-no-centro-sp\/","nextItem":{"@type":"ListItem","@id":"https:\/\/www.encontracentrosaopaulo.com.br\/sobre\/centro-recebe-maratona-rocknroll\/#listItem","name":"Centro recebe maratona rock\u2019n\u2019roll"},"previousItem":{"@type":"ListItem","@id":"https:\/\/www.encontracentrosaopaulo.com.br\/sobre#listItem","name":"In\u00edcio"}},{"@type":"ListItem","@id":"https:\/\/www.encontracentrosaopaulo.com.br\/sobre\/centro-recebe-maratona-rocknroll\/#listItem","position":3,"name":"Centro recebe maratona rock\u2019n\u2019roll","previousItem":{"@type":"ListItem","@id":"https:\/\/www.encontracentrosaopaulo.com.br\/sobre\/noticias-no-centro-sp\/#listItem","name":"Not\u00edcias Centro SP"}}]},{"@type":"Organization","@id":"https:\/\/www.encontracentrosaopaulo.com.br\/sobre\/#organization","name":"Encontra Centro SP","description":"Not\u00edcias, eventos, informa\u00e7\u00f5es e dicas na cidade de Centro SP e regi\u00e3o.","url":"https:\/\/www.encontracentrosaopaulo.com.br\/sobre\/"},{"@type":"Person","@id":"https:\/\/www.encontracentrosaopaulo.com.br\/sobre\/author\/ecentrosaopaulo\/#author","url":"https:\/\/www.encontracentrosaopaulo.com.br\/sobre\/author\/ecentrosaopaulo\/","name":"Encontra Centro SP","image":{"@type":"ImageObject","@id":"https:\/\/www.encontracentrosaopaulo.com.br\/sobre\/centro-recebe-maratona-rocknroll\/#authorImage","url":"https:\/\/secure.gravatar.com\/avatar\/507340682b8270222e1f208e23198b6ae7e2c6a1033ae84e99bc6bce4f82a387?s=96&d=mm&r=g","width":96,"height":96,"caption":"Encontra Centro SP"}},{"@type":"WebPage","@id":"https:\/\/www.encontracentrosaopaulo.com.br\/sobre\/centro-recebe-maratona-rocknroll\/#webpage","url":"https:\/\/www.encontracentrosaopaulo.com.br\/sobre\/centro-recebe-maratona-rocknroll\/","name":"Centro recebe maratona rock\u2019n\u2019roll | Encontra Centro SP","description":"No m\u00eas em que se comemora o dia mundial do rock, a Galeria Olido promove no s\u00e1bado (21\/7) uma s\u00e9rie de shows gratuitos em homenagem ao g\u00eanero musical. Batizada de Nunca \u00e9 Tarde para o Rock, a programa\u00e7\u00e3o do especial come\u00e7a \u00e0s 13h com a discotecagem do DJ Alexandre Luppi, que leva para o Corredor","inLanguage":"pt-BR","isPartOf":{"@id":"https:\/\/www.encontracentrosaopaulo.com.br\/sobre\/#website"},"breadcrumb":{"@id":"https:\/\/www.encontracentrosaopaulo.com.br\/sobre\/centro-recebe-maratona-rocknroll\/#breadcrumblist"},"author":{"@id":"https:\/\/www.encontracentrosaopaulo.com.br\/sobre\/author\/ecentrosaopaulo\/#author"},"creator":{"@id":"https:\/\/www.encontracentrosaopaulo.com.br\/sobre\/author\/ecentrosaopaulo\/#author"},"datePublished":"2012-07-17T07:21:10-03:00","dateModified":"2019-04-29T16:22:27-03:00"},{"@type":"WebSite","@id":"https:\/\/www.encontracentrosaopaulo.com.br\/sobre\/#website","url":"https:\/\/www.encontracentrosaopaulo.com.br\/sobre\/","name":"Encontra Centro SP","description":"Not\u00edcias, eventos, informa\u00e7\u00f5es e dicas na cidade de Centro SP e regi\u00e3o.","inLanguage":"pt-BR","publisher":{"@id":"https:\/\/www.encontracentrosaopaulo.com.br\/sobre\/#organization"}}]},"og:locale":"pt_BR","og:site_name":"Encontra Centro SP | Not\u00edcias, eventos, informa\u00e7\u00f5es e dicas na cidade de Centro SP e regi\u00e3o.","og:type":"article","og:title":"Centro recebe maratona rock\u2019n\u2019roll | Encontra Centro SP","og:description":"No m\u00eas em que se comemora o dia mundial do rock, a Galeria Olido promove no s\u00e1bado (21\/7) uma s\u00e9rie de shows gratuitos em homenagem ao g\u00eanero musical. Batizada de Nunca \u00e9 Tarde para o Rock, a programa\u00e7\u00e3o do especial come\u00e7a \u00e0s 13h com a discotecagem do DJ Alexandre Luppi, que leva para o Corredor","og:url":"https:\/\/www.encontracentrosaopaulo.com.br\/sobre\/centro-recebe-maratona-rocknroll\/","article:published_time":"2012-07-17T09:21:10+00:00","article:modified_time":"2019-04-29T19:22:27+00:00","twitter:card":"summary","twitter:title":"Centro recebe maratona rock\u2019n\u2019roll | Encontra Centro SP","twitter:description":"No m\u00eas em que se comemora o dia mundial do rock, a Galeria Olido promove no s\u00e1bado (21\/7) uma s\u00e9rie de shows gratuitos em homenagem ao g\u00eanero musical. Batizada de Nunca \u00e9 Tarde para o Rock, a programa\u00e7\u00e3o do especial come\u00e7a \u00e0s 13h com a discotecagem do DJ Alexandre Luppi, que leva para o Corredor"},"aioseo_meta_data":{"post_id":"779","title":null,"description":null,"keywords":null,"keyphrases":null,"primary_term":null,"canonical_url":null,"og_title":null,"og_description":null,"og_object_type":"default","og_image_type":"default","og_image_url":null,"og_image_width":null,"og_image_height":null,"og_image_custom_url":null,"og_image_custom_fields":null,"og_video":null,"og_custom_url":null,"og_article_section":null,"og_article_tags":null,"twitter_use_og":false,"twitter_card":"default","twitter_image_type":"default","twitter_image_url":null,"twitter_image_custom_url":null,"twitter_image_custom_fields":null,"twitter_title":null,"twitter_description":null,"schema":{"blockGraphs":[],"customGraphs":[],"default":{"data":{"Article":[],"Course":[],"Dataset":[],"FAQPage":[],"Movie":[],"Person":[],"Product":[],"ProductReview":[],"Car":[],"Recipe":[],"Service":[],"SoftwareApplication":[],"WebPage":[]},"graphName":"Article","isEnabled":true},"graphs":[]},"schema_type":null,"schema_type_options":null,"pillar_content":false,"robots_default":true,"robots_noindex":false,"robots_noarchive":false,"robots_nosnippet":false,"robots_nofollow":false,"robots_noimageindex":false,"robots_noodp":false,"robots_notranslate":false,"robots_max_snippet":null,"robots_max_videopreview":null,"robots_max_imagepreview":"large","priority":null,"frequency":null,"local_seo":null,"breadcrumb_settings":null,"limit_modified_date":false,"ai":null,"created":"2021-01-20 23:28:58","updated":"2025-11-14 11:10:29","seo_analyzer_scan_date":null,"focus_keyword":null,"additional_keywords":null,"truseo_locale":null},"aioseo_breadcrumb":"<div class=\"aioseo-breadcrumbs\"><span class=\"aioseo-breadcrumb\">\n\t\t\t<a href=\"https:\/\/www.encontracentrosaopaulo.com.br\/sobre\" title=\"In\u00edcio\">In\u00edcio<\/a>\n\t\t<\/span><span class=\"aioseo-breadcrumb-separator\">&raquo;<\/span><span class=\"aioseo-breadcrumb\">\n\t\t\t<a href=\"https:\/\/www.encontracentrosaopaulo.com.br\/sobre\/noticias-no-centro-sp\/\" title=\"Not\u00edcias Centro SP\">Not\u00edcias Centro SP<\/a>\n\t\t<\/span><span class=\"aioseo-breadcrumb-separator\">&raquo;<\/span><span class=\"aioseo-breadcrumb\">\n\t\t\tCentro recebe maratona rock\u2019n\u2019roll\n\t\t<\/span><\/div>","aioseo_breadcrumb_json":[{"label":"In\u00edcio","link":"https:\/\/www.encontracentrosaopaulo.com.br\/sobre"},{"label":"Not\u00edcias Centro SP","link":"https:\/\/www.encontracentrosaopaulo.com.br\/sobre\/noticias-no-centro-sp\/"},{"label":"Centro recebe maratona rock\u2019n\u2019roll","link":"https:\/\/www.encontracentrosaopaulo.com.br\/sobre\/centro-recebe-maratona-rocknroll\/"}],"_links":{"self":[{"href":"https:\/\/www.encontracentrosaopaulo.com.br\/sobre\/wp-json\/wp\/v2\/posts\/779","targetHints":{"allow":["GET"]}}],"collection":[{"href":"https:\/\/www.encontracentrosaopaulo.com.br\/sobre\/wp-json\/wp\/v2\/posts"}],"about":[{"href":"https:\/\/www.encontracentrosaopaulo.com.br\/sobre\/wp-json\/wp\/v2\/types\/post"}],"author":[{"embeddable":true,"href":"https:\/\/www.encontracentrosaopaulo.com.br\/sobre\/wp-json\/wp\/v2\/users\/1"}],"replies":[{"embeddable":true,"href":"https:\/\/www.encontracentrosaopaulo.com.br\/sobre\/wp-json\/wp\/v2\/comments?post=779"}],"version-history":[{"count":0,"href":"https:\/\/www.encontracentrosaopaulo.com.br\/sobre\/wp-json\/wp\/v2\/posts\/779\/revisions"}],"wp:attachment":[{"href":"https:\/\/www.encontracentrosaopaulo.com.br\/sobre\/wp-json\/wp\/v2\/media?parent=779"}],"wp:term":[{"taxonomy":"category","embeddable":true,"href":"https:\/\/www.encontracentrosaopaulo.com.br\/sobre\/wp-json\/wp\/v2\/categories?post=779"},{"taxonomy":"post_tag","embeddable":true,"href":"https:\/\/www.encontracentrosaopaulo.com.br\/sobre\/wp-json\/wp\/v2\/tags?post=779"}],"curies":[{"name":"wp","href":"https:\/\/api.w.org\/{rel}","templated":true}]}}