{"id":811,"date":"2012-07-27T00:39:21","date_gmt":"2012-07-27T02:39:21","guid":{"rendered":"http:\/\/www.encontracentrosaopaulo.com.br\/noticias\/?p=811"},"modified":"2019-04-29T16:22:26","modified_gmt":"2019-04-29T19:22:26","slug":"centro-cultural-sao-paulo-recebe-a-mostra-obra-e-documento","status":"publish","type":"post","link":"https:\/\/www.encontracentrosaopaulo.com.br\/sobre\/centro-cultural-sao-paulo-recebe-a-mostra-obra-e-documento\/","title":{"rendered":"Centro Cultural S\u00e3o Paulo recebe a mostra &#8216;Obra e Documento&#8217;"},"content":{"rendered":"<div class=\"d6585b5127f45a35450431d0abc3f90c\" data-index=\"1\" style=\"float: none; margin:0px;\">\n<!-- Anuncio display - global -->\r\n<ins class=\"adsbygoogle\"\r\n     style=\"display:block\"\r\n     data-ad-client=\"ca-pub-8585364105181520\"\r\n     data-ad-slot=\"8789329856\"\r\n     data-ad-format=\"auto\"\r\n     data-full-width-responsive=\"true\"><\/ins>\r\n<script>\r\n     (adsbygoogle = window.adsbygoogle || []).push({});\r\n<\/script>\n<\/div>\n<p>O Centro Cultural S\u00e3o Paulo (CCSP) recebe a partir do dia 25 de agosto, a exposi\u00e7\u00e3o intitulada <em>Obra e Documento<\/em>, que pela primeira vez agrega os trabalhos dos grupos <em>Arte\/A\u00e7\u00e3o<\/em> e <em>3n\u00f3s3<\/em>.  Trata-se de coletivos que eram muito ativos nas d\u00e9cadas de 1970 e 1980  em S\u00e3o Paulo, e que trazem, entre seus integrantes, Mario Ramiro,  Hudinilson Jr. e Rafael Fran\u00e7a no 3n\u00f3s3, e Genilson Soares e Francisco  I\u00f1arra no Arte\/A\u00e7\u00e3o.<\/p>\n<p>Pertencentes a diferentes nichos da arte, o <em>Arte\/A\u00e7\u00e3o<\/em> tem  diversos trabalhos com apropria\u00e7\u00f5es de obras pertencentes a outros  artistas e normalmente realizava suas exposi\u00e7\u00f5es em locais destinados \u00e0  arte.<\/p>\n<p>Por outro lado, o <em>3n\u00f3s3<\/em> nasceu em meio a uma era de grupos que  tem como ideologia a apropria\u00e7\u00e3o e ocupa\u00e7\u00e3o de equipamentos da cidade  para projetar sua arte. \u201cO Arte\/A\u00e7\u00e3o atuou mais especificamente dentro  do circuito de sal\u00f5es e museus, enquanto o <em>3n\u00f3s3<\/em> operou fora  deste sistema, num circuito alternativo, embora ambos tenham trabalhado  dialeticamente dentro e fora do sistema das artes.\u201d, conta a curadora  Maria Adelaide Pontes.<\/p>\n<p>\u201cO visitante vai conhecer o conjunto de trabalhos de dois importantes  coletivos que foram atuantes em S\u00e3o Paulo, visto que hoje \u00e9 cada vez  maior o n\u00famero de coletivos de artistas atuando na cidade, ao tomar  contato com essas referencias anteriores por meio desses registros, bem  como participar dessa discuss\u00e3o arte e registro\u201d, conclui Maria  Adelaide.<\/p>\n<p><strong>Servi\u00e7o<\/strong><\/p>\n<p><strong>Obra e Documento<\/strong><\/p>\n<p><strong>Data:<\/strong> 25 de agosto a 14 de outubro<\/p>\n<p><strong>Local:<\/strong> Centro Cultural S\u00e3o Paulo<\/p>\n<p><strong>Endere\u00e7o:<\/strong> Rua Vergueiro, 1.000, Para\u00edso, Centro<\/p>\n<p><strong>Telefone:<\/strong> 3397-4002<\/p>\n<p><strong>Valor: <\/strong>Gr\u00e1tis<\/p>\n\n<div style=\"font-size: 0px; height: 0px; line-height: 0px; margin: 0; padding: 0; clear: both;\"><\/div>","protected":false},"excerpt":{"rendered":"<p>O Centro Cultural S\u00e3o Paulo (CCSP) recebe a partir do dia 25 de agosto, a exposi\u00e7\u00e3o intitulada Obra e Documento, que pela primeira vez agrega os trabalhos dos grupos Arte\/A\u00e7\u00e3o e 3n\u00f3s3. Trata-se de coletivos que eram muito ativos nas d\u00e9cadas de 1970 e 1980 em S\u00e3o Paulo, e que trazem, entre seus integrantes, Mario Ramiro, Hudinilson Jr. e Rafael Fran\u00e7a no 3n\u00f3s3, e Genilson Soares e Francisco I\u00f1arra no Arte\/A\u00e7\u00e3o. Pertencentes a diferentes nichos da arte, o Arte\/A\u00e7\u00e3o tem diversos trabalhos com apropria\u00e7\u00f5es de obras pertencentes a outros artistas e normalmente realizava suas exposi\u00e7\u00f5es em locais destinados \u00e0 arte. <\/p>\n","protected":false},"author":1,"featured_media":0,"comment_status":"open","ping_status":"closed","sticky":false,"template":"","format":"standard","meta":{"footnotes":""},"categories":[6],"tags":[],"class_list":["post-811","post","type-post","status-publish","format-standard","hentry","category-noticias-no-centro-sp"],"aioseo_notices":[],"aioseo_head":"\n\t\t<!-- All in One SEO 5.0.0.1 - aioseo.com -->\n\t<meta name=\"description\" content=\"O Centro Cultural S\u00e3o Paulo (CCSP) recebe a partir do dia 25 de agosto, a exposi\u00e7\u00e3o intitulada Obra e Documento, que pela primeira vez agrega os trabalhos dos grupos Arte\/A\u00e7\u00e3o e 3n\u00f3s3. Trata-se de coletivos que eram muito ativos nas d\u00e9cadas de 1970 e 1980 em S\u00e3o Paulo, e que trazem, entre seus integrantes, Mario\" \/>\n\t<meta name=\"robots\" content=\"max-image-preview:large\" \/>\n\t<meta name=\"author\" content=\"Encontra Centro SP\"\/>\n\t<link rel=\"canonical\" href=\"https:\/\/www.encontracentrosaopaulo.com.br\/sobre\/centro-cultural-sao-paulo-recebe-a-mostra-obra-e-documento\/\" \/>\n\t<meta name=\"generator\" content=\"All in One SEO (AIOSEO) 5.0.0.1\" \/>\n\t\t<meta property=\"og:locale\" content=\"pt_BR\" \/>\n\t\t<meta property=\"og:site_name\" content=\"Encontra Centro SP | Not\u00edcias, eventos, informa\u00e7\u00f5es e dicas na cidade de Centro SP e regi\u00e3o.\" \/>\n\t\t<meta property=\"og:type\" content=\"article\" \/>\n\t\t<meta property=\"og:title\" content=\"Centro Cultural S\u00e3o Paulo recebe a mostra \u2018Obra e Documento\u2019 | Encontra Centro SP\" \/>\n\t\t<meta property=\"og:description\" content=\"O Centro Cultural S\u00e3o Paulo (CCSP) recebe a partir do dia 25 de agosto, a exposi\u00e7\u00e3o intitulada Obra e Documento, que pela primeira vez agrega os trabalhos dos grupos Arte\/A\u00e7\u00e3o e 3n\u00f3s3. Trata-se de coletivos que eram muito ativos nas d\u00e9cadas de 1970 e 1980 em S\u00e3o Paulo, e que trazem, entre seus integrantes, Mario\" \/>\n\t\t<meta property=\"og:url\" content=\"https:\/\/www.encontracentrosaopaulo.com.br\/sobre\/centro-cultural-sao-paulo-recebe-a-mostra-obra-e-documento\/\" \/>\n\t\t<meta property=\"article:published_time\" content=\"2012-07-27T02:39:21+00:00\" \/>\n\t\t<meta property=\"article:modified_time\" content=\"2019-04-29T19:22:26+00:00\" \/>\n\t\t<meta name=\"twitter:card\" content=\"summary\" \/>\n\t\t<meta name=\"twitter:title\" content=\"Centro Cultural S\u00e3o Paulo recebe a mostra \u2018Obra e Documento\u2019 | Encontra Centro SP\" \/>\n\t\t<meta name=\"twitter:description\" content=\"O Centro Cultural S\u00e3o Paulo (CCSP) recebe a partir do dia 25 de agosto, a exposi\u00e7\u00e3o intitulada Obra e Documento, que pela primeira vez agrega os trabalhos dos grupos Arte\/A\u00e7\u00e3o e 3n\u00f3s3. Trata-se de coletivos que eram muito ativos nas d\u00e9cadas de 1970 e 1980 em S\u00e3o Paulo, e que trazem, entre seus integrantes, Mario\" \/>\n\t\t<script type=\"application\/ld+json\" class=\"aioseo-schema\">\n\t\t\t{\"@context\":\"https:\\\/\\\/schema.org\",\"@graph\":[{\"@type\":\"Article\",\"@id\":\"https:\\\/\\\/www.encontracentrosaopaulo.com.br\\\/sobre\\\/centro-cultural-sao-paulo-recebe-a-mostra-obra-e-documento\\\/#article\",\"name\":\"Centro Cultural S\\u00e3o Paulo recebe a mostra \\u2018Obra e Documento\\u2019 | Encontra Centro SP\",\"headline\":\"Centro Cultural S\\u00e3o Paulo recebe a mostra &#8216;Obra e Documento&#8217;\",\"author\":{\"@id\":\"https:\\\/\\\/www.encontracentrosaopaulo.com.br\\\/sobre\\\/author\\\/ecentrosaopaulo\\\/#author\"},\"publisher\":{\"@id\":\"https:\\\/\\\/www.encontracentrosaopaulo.com.br\\\/sobre\\\/#organization\"},\"datePublished\":\"2012-07-27T00:39:21-03:00\",\"dateModified\":\"2019-04-29T16:22:26-03:00\",\"inLanguage\":\"pt-BR\",\"mainEntityOfPage\":{\"@id\":\"https:\\\/\\\/www.encontracentrosaopaulo.com.br\\\/sobre\\\/centro-cultural-sao-paulo-recebe-a-mostra-obra-e-documento\\\/#webpage\"},\"isPartOf\":{\"@id\":\"https:\\\/\\\/www.encontracentrosaopaulo.com.br\\\/sobre\\\/centro-cultural-sao-paulo-recebe-a-mostra-obra-e-documento\\\/#webpage\"},\"articleSection\":\"Not\\u00edcias Centro SP\"},{\"@type\":\"BreadcrumbList\",\"@id\":\"https:\\\/\\\/www.encontracentrosaopaulo.com.br\\\/sobre\\\/centro-cultural-sao-paulo-recebe-a-mostra-obra-e-documento\\\/#breadcrumblist\",\"itemListElement\":[{\"@type\":\"ListItem\",\"@id\":\"https:\\\/\\\/www.encontracentrosaopaulo.com.br\\\/sobre#listItem\",\"position\":1,\"name\":\"In\\u00edcio\",\"item\":\"https:\\\/\\\/www.encontracentrosaopaulo.com.br\\\/sobre\",\"nextItem\":{\"@type\":\"ListItem\",\"@id\":\"https:\\\/\\\/www.encontracentrosaopaulo.com.br\\\/sobre\\\/noticias-no-centro-sp\\\/#listItem\",\"name\":\"Not\\u00edcias Centro SP\"}},{\"@type\":\"ListItem\",\"@id\":\"https:\\\/\\\/www.encontracentrosaopaulo.com.br\\\/sobre\\\/noticias-no-centro-sp\\\/#listItem\",\"position\":2,\"name\":\"Not\\u00edcias Centro SP\",\"item\":\"https:\\\/\\\/www.encontracentrosaopaulo.com.br\\\/sobre\\\/noticias-no-centro-sp\\\/\",\"nextItem\":{\"@type\":\"ListItem\",\"@id\":\"https:\\\/\\\/www.encontracentrosaopaulo.com.br\\\/sobre\\\/centro-cultural-sao-paulo-recebe-a-mostra-obra-e-documento\\\/#listItem\",\"name\":\"Centro Cultural S\\u00e3o Paulo recebe a mostra &#8216;Obra e Documento&#8217;\"},\"previousItem\":{\"@type\":\"ListItem\",\"@id\":\"https:\\\/\\\/www.encontracentrosaopaulo.com.br\\\/sobre#listItem\",\"name\":\"In\\u00edcio\"}},{\"@type\":\"ListItem\",\"@id\":\"https:\\\/\\\/www.encontracentrosaopaulo.com.br\\\/sobre\\\/centro-cultural-sao-paulo-recebe-a-mostra-obra-e-documento\\\/#listItem\",\"position\":3,\"name\":\"Centro Cultural S\\u00e3o Paulo recebe a mostra &#8216;Obra e Documento&#8217;\",\"previousItem\":{\"@type\":\"ListItem\",\"@id\":\"https:\\\/\\\/www.encontracentrosaopaulo.com.br\\\/sobre\\\/noticias-no-centro-sp\\\/#listItem\",\"name\":\"Not\\u00edcias Centro SP\"}}]},{\"@type\":\"Organization\",\"@id\":\"https:\\\/\\\/www.encontracentrosaopaulo.com.br\\\/sobre\\\/#organization\",\"name\":\"Encontra Centro SP\",\"description\":\"Not\\u00edcias, eventos, informa\\u00e7\\u00f5es e dicas na cidade de Centro SP e regi\\u00e3o.\",\"url\":\"https:\\\/\\\/www.encontracentrosaopaulo.com.br\\\/sobre\\\/\"},{\"@type\":\"Person\",\"@id\":\"https:\\\/\\\/www.encontracentrosaopaulo.com.br\\\/sobre\\\/author\\\/ecentrosaopaulo\\\/#author\",\"url\":\"https:\\\/\\\/www.encontracentrosaopaulo.com.br\\\/sobre\\\/author\\\/ecentrosaopaulo\\\/\",\"name\":\"Encontra Centro SP\",\"image\":{\"@type\":\"ImageObject\",\"@id\":\"https:\\\/\\\/www.encontracentrosaopaulo.com.br\\\/sobre\\\/centro-cultural-sao-paulo-recebe-a-mostra-obra-e-documento\\\/#authorImage\",\"url\":\"https:\\\/\\\/secure.gravatar.com\\\/avatar\\\/507340682b8270222e1f208e23198b6ae7e2c6a1033ae84e99bc6bce4f82a387?s=96&d=mm&r=g\",\"width\":96,\"height\":96,\"caption\":\"Encontra Centro SP\"}},{\"@type\":\"WebPage\",\"@id\":\"https:\\\/\\\/www.encontracentrosaopaulo.com.br\\\/sobre\\\/centro-cultural-sao-paulo-recebe-a-mostra-obra-e-documento\\\/#webpage\",\"url\":\"https:\\\/\\\/www.encontracentrosaopaulo.com.br\\\/sobre\\\/centro-cultural-sao-paulo-recebe-a-mostra-obra-e-documento\\\/\",\"name\":\"Centro Cultural S\\u00e3o Paulo recebe a mostra \\u2018Obra e Documento\\u2019 | Encontra Centro SP\",\"description\":\"O Centro Cultural S\\u00e3o Paulo (CCSP) recebe a partir do dia 25 de agosto, a exposi\\u00e7\\u00e3o intitulada Obra e Documento, que pela primeira vez agrega os trabalhos dos grupos Arte\\\/A\\u00e7\\u00e3o e 3n\\u00f3s3. Trata-se de coletivos que eram muito ativos nas d\\u00e9cadas de 1970 e 1980 em S\\u00e3o Paulo, e que trazem, entre seus integrantes, Mario\",\"inLanguage\":\"pt-BR\",\"isPartOf\":{\"@id\":\"https:\\\/\\\/www.encontracentrosaopaulo.com.br\\\/sobre\\\/#website\"},\"breadcrumb\":{\"@id\":\"https:\\\/\\\/www.encontracentrosaopaulo.com.br\\\/sobre\\\/centro-cultural-sao-paulo-recebe-a-mostra-obra-e-documento\\\/#breadcrumblist\"},\"author\":{\"@id\":\"https:\\\/\\\/www.encontracentrosaopaulo.com.br\\\/sobre\\\/author\\\/ecentrosaopaulo\\\/#author\"},\"creator\":{\"@id\":\"https:\\\/\\\/www.encontracentrosaopaulo.com.br\\\/sobre\\\/author\\\/ecentrosaopaulo\\\/#author\"},\"datePublished\":\"2012-07-27T00:39:21-03:00\",\"dateModified\":\"2019-04-29T16:22:26-03:00\"},{\"@type\":\"WebSite\",\"@id\":\"https:\\\/\\\/www.encontracentrosaopaulo.com.br\\\/sobre\\\/#website\",\"url\":\"https:\\\/\\\/www.encontracentrosaopaulo.com.br\\\/sobre\\\/\",\"name\":\"Encontra Centro SP\",\"description\":\"Not\\u00edcias, eventos, informa\\u00e7\\u00f5es e dicas na cidade de Centro SP e regi\\u00e3o.\",\"inLanguage\":\"pt-BR\",\"publisher\":{\"@id\":\"https:\\\/\\\/www.encontracentrosaopaulo.com.br\\\/sobre\\\/#organization\"}}]}\n\t\t<\/script>\n\t\t<!-- All in One SEO -->\n\n","aioseo_head_json":{"title":"Centro Cultural S\u00e3o Paulo recebe a mostra \u2018Obra e Documento\u2019 | Encontra Centro SP","description":"O Centro Cultural S\u00e3o Paulo (CCSP) recebe a partir do dia 25 de agosto, a exposi\u00e7\u00e3o intitulada Obra e Documento, que pela primeira vez agrega os trabalhos dos grupos Arte\/A\u00e7\u00e3o e 3n\u00f3s3. Trata-se de coletivos que eram muito ativos nas d\u00e9cadas de 1970 e 1980 em S\u00e3o Paulo, e que trazem, entre seus integrantes, Mario","canonical_url":"https:\/\/www.encontracentrosaopaulo.com.br\/sobre\/centro-cultural-sao-paulo-recebe-a-mostra-obra-e-documento\/","robots":"max-image-preview:large","keywords":"","webmasterTools":{"miscellaneous":""},"schema":{"@context":"https:\/\/schema.org","@graph":[{"@type":"Article","@id":"https:\/\/www.encontracentrosaopaulo.com.br\/sobre\/centro-cultural-sao-paulo-recebe-a-mostra-obra-e-documento\/#article","name":"Centro Cultural S\u00e3o Paulo recebe a mostra \u2018Obra e Documento\u2019 | Encontra Centro SP","headline":"Centro Cultural S\u00e3o Paulo recebe a mostra &#8216;Obra e Documento&#8217;","author":{"@id":"https:\/\/www.encontracentrosaopaulo.com.br\/sobre\/author\/ecentrosaopaulo\/#author"},"publisher":{"@id":"https:\/\/www.encontracentrosaopaulo.com.br\/sobre\/#organization"},"datePublished":"2012-07-27T00:39:21-03:00","dateModified":"2019-04-29T16:22:26-03:00","inLanguage":"pt-BR","mainEntityOfPage":{"@id":"https:\/\/www.encontracentrosaopaulo.com.br\/sobre\/centro-cultural-sao-paulo-recebe-a-mostra-obra-e-documento\/#webpage"},"isPartOf":{"@id":"https:\/\/www.encontracentrosaopaulo.com.br\/sobre\/centro-cultural-sao-paulo-recebe-a-mostra-obra-e-documento\/#webpage"},"articleSection":"Not\u00edcias Centro SP"},{"@type":"BreadcrumbList","@id":"https:\/\/www.encontracentrosaopaulo.com.br\/sobre\/centro-cultural-sao-paulo-recebe-a-mostra-obra-e-documento\/#breadcrumblist","itemListElement":[{"@type":"ListItem","@id":"https:\/\/www.encontracentrosaopaulo.com.br\/sobre#listItem","position":1,"name":"In\u00edcio","item":"https:\/\/www.encontracentrosaopaulo.com.br\/sobre","nextItem":{"@type":"ListItem","@id":"https:\/\/www.encontracentrosaopaulo.com.br\/sobre\/noticias-no-centro-sp\/#listItem","name":"Not\u00edcias Centro SP"}},{"@type":"ListItem","@id":"https:\/\/www.encontracentrosaopaulo.com.br\/sobre\/noticias-no-centro-sp\/#listItem","position":2,"name":"Not\u00edcias Centro SP","item":"https:\/\/www.encontracentrosaopaulo.com.br\/sobre\/noticias-no-centro-sp\/","nextItem":{"@type":"ListItem","@id":"https:\/\/www.encontracentrosaopaulo.com.br\/sobre\/centro-cultural-sao-paulo-recebe-a-mostra-obra-e-documento\/#listItem","name":"Centro Cultural S\u00e3o Paulo recebe a mostra &#8216;Obra e Documento&#8217;"},"previousItem":{"@type":"ListItem","@id":"https:\/\/www.encontracentrosaopaulo.com.br\/sobre#listItem","name":"In\u00edcio"}},{"@type":"ListItem","@id":"https:\/\/www.encontracentrosaopaulo.com.br\/sobre\/centro-cultural-sao-paulo-recebe-a-mostra-obra-e-documento\/#listItem","position":3,"name":"Centro Cultural S\u00e3o Paulo recebe a mostra &#8216;Obra e Documento&#8217;","previousItem":{"@type":"ListItem","@id":"https:\/\/www.encontracentrosaopaulo.com.br\/sobre\/noticias-no-centro-sp\/#listItem","name":"Not\u00edcias Centro SP"}}]},{"@type":"Organization","@id":"https:\/\/www.encontracentrosaopaulo.com.br\/sobre\/#organization","name":"Encontra Centro SP","description":"Not\u00edcias, eventos, informa\u00e7\u00f5es e dicas na cidade de Centro SP e regi\u00e3o.","url":"https:\/\/www.encontracentrosaopaulo.com.br\/sobre\/"},{"@type":"Person","@id":"https:\/\/www.encontracentrosaopaulo.com.br\/sobre\/author\/ecentrosaopaulo\/#author","url":"https:\/\/www.encontracentrosaopaulo.com.br\/sobre\/author\/ecentrosaopaulo\/","name":"Encontra Centro SP","image":{"@type":"ImageObject","@id":"https:\/\/www.encontracentrosaopaulo.com.br\/sobre\/centro-cultural-sao-paulo-recebe-a-mostra-obra-e-documento\/#authorImage","url":"https:\/\/secure.gravatar.com\/avatar\/507340682b8270222e1f208e23198b6ae7e2c6a1033ae84e99bc6bce4f82a387?s=96&d=mm&r=g","width":96,"height":96,"caption":"Encontra Centro SP"}},{"@type":"WebPage","@id":"https:\/\/www.encontracentrosaopaulo.com.br\/sobre\/centro-cultural-sao-paulo-recebe-a-mostra-obra-e-documento\/#webpage","url":"https:\/\/www.encontracentrosaopaulo.com.br\/sobre\/centro-cultural-sao-paulo-recebe-a-mostra-obra-e-documento\/","name":"Centro Cultural S\u00e3o Paulo recebe a mostra \u2018Obra e Documento\u2019 | Encontra Centro SP","description":"O Centro Cultural S\u00e3o Paulo (CCSP) recebe a partir do dia 25 de agosto, a exposi\u00e7\u00e3o intitulada Obra e Documento, que pela primeira vez agrega os trabalhos dos grupos Arte\/A\u00e7\u00e3o e 3n\u00f3s3. Trata-se de coletivos que eram muito ativos nas d\u00e9cadas de 1970 e 1980 em S\u00e3o Paulo, e que trazem, entre seus integrantes, Mario","inLanguage":"pt-BR","isPartOf":{"@id":"https:\/\/www.encontracentrosaopaulo.com.br\/sobre\/#website"},"breadcrumb":{"@id":"https:\/\/www.encontracentrosaopaulo.com.br\/sobre\/centro-cultural-sao-paulo-recebe-a-mostra-obra-e-documento\/#breadcrumblist"},"author":{"@id":"https:\/\/www.encontracentrosaopaulo.com.br\/sobre\/author\/ecentrosaopaulo\/#author"},"creator":{"@id":"https:\/\/www.encontracentrosaopaulo.com.br\/sobre\/author\/ecentrosaopaulo\/#author"},"datePublished":"2012-07-27T00:39:21-03:00","dateModified":"2019-04-29T16:22:26-03:00"},{"@type":"WebSite","@id":"https:\/\/www.encontracentrosaopaulo.com.br\/sobre\/#website","url":"https:\/\/www.encontracentrosaopaulo.com.br\/sobre\/","name":"Encontra Centro SP","description":"Not\u00edcias, eventos, informa\u00e7\u00f5es e dicas na cidade de Centro SP e regi\u00e3o.","inLanguage":"pt-BR","publisher":{"@id":"https:\/\/www.encontracentrosaopaulo.com.br\/sobre\/#organization"}}]},"og:locale":"pt_BR","og:site_name":"Encontra Centro SP | Not\u00edcias, eventos, informa\u00e7\u00f5es e dicas na cidade de Centro SP e regi\u00e3o.","og:type":"article","og:title":"Centro Cultural S\u00e3o Paulo recebe a mostra \u2018Obra e Documento\u2019 | Encontra Centro SP","og:description":"O Centro Cultural S\u00e3o Paulo (CCSP) recebe a partir do dia 25 de agosto, a exposi\u00e7\u00e3o intitulada Obra e Documento, que pela primeira vez agrega os trabalhos dos grupos Arte\/A\u00e7\u00e3o e 3n\u00f3s3. Trata-se de coletivos que eram muito ativos nas d\u00e9cadas de 1970 e 1980 em S\u00e3o Paulo, e que trazem, entre seus integrantes, Mario","og:url":"https:\/\/www.encontracentrosaopaulo.com.br\/sobre\/centro-cultural-sao-paulo-recebe-a-mostra-obra-e-documento\/","article:published_time":"2012-07-27T02:39:21+00:00","article:modified_time":"2019-04-29T19:22:26+00:00","twitter:card":"summary","twitter:title":"Centro Cultural S\u00e3o Paulo recebe a mostra \u2018Obra e Documento\u2019 | Encontra Centro SP","twitter:description":"O Centro Cultural S\u00e3o Paulo (CCSP) recebe a partir do dia 25 de agosto, a exposi\u00e7\u00e3o intitulada Obra e Documento, que pela primeira vez agrega os trabalhos dos grupos Arte\/A\u00e7\u00e3o e 3n\u00f3s3. Trata-se de coletivos que eram muito ativos nas d\u00e9cadas de 1970 e 1980 em S\u00e3o Paulo, e que trazem, entre seus integrantes, Mario"},"aioseo_meta_data":{"post_id":"811","title":null,"description":null,"keywords":null,"keyphrases":null,"primary_term":null,"canonical_url":null,"og_title":null,"og_description":null,"og_object_type":"default","og_image_type":"default","og_image_url":null,"og_image_width":null,"og_image_height":null,"og_image_custom_url":null,"og_image_custom_fields":null,"og_video":null,"og_custom_url":null,"og_article_section":null,"og_article_tags":null,"twitter_use_og":false,"twitter_card":"default","twitter_image_type":"default","twitter_image_url":null,"twitter_image_custom_url":null,"twitter_image_custom_fields":null,"twitter_title":null,"twitter_description":null,"schema":{"blockGraphs":[],"customGraphs":[],"default":{"data":{"Article":[],"Course":[],"Dataset":[],"FAQPage":[],"Movie":[],"Person":[],"Product":[],"ProductReview":[],"Car":[],"Recipe":[],"Service":[],"SoftwareApplication":[],"WebPage":[]},"graphName":"Article","isEnabled":true},"graphs":[]},"schema_type":null,"schema_type_options":null,"pillar_content":false,"robots_default":true,"robots_noindex":false,"robots_noarchive":false,"robots_nosnippet":false,"robots_nofollow":false,"robots_noimageindex":false,"robots_noodp":false,"robots_notranslate":false,"robots_max_snippet":null,"robots_max_videopreview":null,"robots_max_imagepreview":"large","priority":null,"frequency":null,"local_seo":null,"breadcrumb_settings":null,"limit_modified_date":false,"ai":null,"created":"2021-01-18 19:02:55","updated":"2025-11-14 11:30:51","seo_analyzer_scan_date":null,"focus_keyword":null,"additional_keywords":null,"truseo_locale":null},"aioseo_breadcrumb":"<div class=\"aioseo-breadcrumbs\"><span class=\"aioseo-breadcrumb\">\n\t\t\t<a href=\"https:\/\/www.encontracentrosaopaulo.com.br\/sobre\" title=\"In\u00edcio\">In\u00edcio<\/a>\n\t\t<\/span><span class=\"aioseo-breadcrumb-separator\">&raquo;<\/span><span class=\"aioseo-breadcrumb\">\n\t\t\t<a href=\"https:\/\/www.encontracentrosaopaulo.com.br\/sobre\/noticias-no-centro-sp\/\" title=\"Not\u00edcias Centro SP\">Not\u00edcias Centro SP<\/a>\n\t\t<\/span><span class=\"aioseo-breadcrumb-separator\">&raquo;<\/span><span class=\"aioseo-breadcrumb\">\n\t\t\tCentro Cultural S\u00e3o Paulo recebe a mostra \u2018Obra e Documento\u2019\n\t\t<\/span><\/div>","aioseo_breadcrumb_json":[{"label":"In\u00edcio","link":"https:\/\/www.encontracentrosaopaulo.com.br\/sobre"},{"label":"Not\u00edcias Centro SP","link":"https:\/\/www.encontracentrosaopaulo.com.br\/sobre\/noticias-no-centro-sp\/"},{"label":"Centro Cultural S\u00e3o Paulo recebe a mostra &#8216;Obra e Documento&#8217;","link":"https:\/\/www.encontracentrosaopaulo.com.br\/sobre\/centro-cultural-sao-paulo-recebe-a-mostra-obra-e-documento\/"}],"_links":{"self":[{"href":"https:\/\/www.encontracentrosaopaulo.com.br\/sobre\/wp-json\/wp\/v2\/posts\/811","targetHints":{"allow":["GET"]}}],"collection":[{"href":"https:\/\/www.encontracentrosaopaulo.com.br\/sobre\/wp-json\/wp\/v2\/posts"}],"about":[{"href":"https:\/\/www.encontracentrosaopaulo.com.br\/sobre\/wp-json\/wp\/v2\/types\/post"}],"author":[{"embeddable":true,"href":"https:\/\/www.encontracentrosaopaulo.com.br\/sobre\/wp-json\/wp\/v2\/users\/1"}],"replies":[{"embeddable":true,"href":"https:\/\/www.encontracentrosaopaulo.com.br\/sobre\/wp-json\/wp\/v2\/comments?post=811"}],"version-history":[{"count":0,"href":"https:\/\/www.encontracentrosaopaulo.com.br\/sobre\/wp-json\/wp\/v2\/posts\/811\/revisions"}],"wp:attachment":[{"href":"https:\/\/www.encontracentrosaopaulo.com.br\/sobre\/wp-json\/wp\/v2\/media?parent=811"}],"wp:term":[{"taxonomy":"category","embeddable":true,"href":"https:\/\/www.encontracentrosaopaulo.com.br\/sobre\/wp-json\/wp\/v2\/categories?post=811"},{"taxonomy":"post_tag","embeddable":true,"href":"https:\/\/www.encontracentrosaopaulo.com.br\/sobre\/wp-json\/wp\/v2\/tags?post=811"}],"curies":[{"name":"wp","href":"https:\/\/api.w.org\/{rel}","templated":true}]}}