{"id":839,"date":"2012-08-03T10:55:17","date_gmt":"2012-08-03T12:55:17","guid":{"rendered":"http:\/\/www.encontracentrosaopaulo.com.br\/noticias\/?p=839"},"modified":"2019-04-29T16:22:25","modified_gmt":"2019-04-29T19:22:25","slug":"centro-de-sp-recebe-obras-primas-de-monet-van-gogh-e-outros-impressionistas","status":"publish","type":"post","link":"https:\/\/www.encontracentrosaopaulo.com.br\/sobre\/centro-de-sp-recebe-obras-primas-de-monet-van-gogh-e-outros-impressionistas\/","title":{"rendered":"Centro de SP recebe Obras-primas de Monet, Van Gogh e outros impressionistas"},"content":{"rendered":"<div class=\"d6585b5127f45a35450431d0abc3f90c\" data-index=\"1\" style=\"float: none; margin:0px;\">\n<!-- Anuncio display - global -->\r\n<ins class=\"adsbygoogle\"\r\n     style=\"display:block\"\r\n     data-ad-client=\"ca-pub-8585364105181520\"\r\n     data-ad-slot=\"8789329856\"\r\n     data-ad-format=\"auto\"\r\n     data-full-width-responsive=\"true\"><\/ins>\r\n<script>\r\n     (adsbygoogle = window.adsbygoogle || []).push({});\r\n<\/script>\n<\/div>\n<p>A partir deste s\u00e1bado (dia 4), quem mora em S\u00e3o Paulo n\u00e3o precisar\u00e1 mais ir at\u00e9 a Fran\u00e7a para ver de perto obras-primas de Monet, Van Gogh e Gauguin. Pinturas destes e de outros mestres estar\u00e3o expostas no Centro Cultural Banco do Brasil, dentro da exposi\u00e7\u00e3o &#8220;Impressionismo: Paris e a Modernidade&#8221;. A mostra fica em cartaz na cidade at\u00e9 outubro e depois segue para o Rio de Janeiro.<\/p>\n<p>Todas as 85 pinturas da exposi\u00e7\u00e3o fazem parte do acervo do Museu d&#8217;Orsay, em Paris. O local, que recebeu mais de tr\u00eas milh\u00f5es de visitantes em 2011, \u00e9 uma das joias da capital francesa. Instalado numa antiga esta\u00e7\u00e3o ferrovi\u00e1ria, \u00e9 conhecido como &#8220;o museu dos impressionistas&#8221;, porque sua cole\u00e7\u00e3o tem algumas das principais obras do g\u00eanero art\u00edstico.<\/p>\n<p>&#8220;Nosso desejo era trazer a alma do Museu d&#8217;Orsay ao Brasil&#8221;, explica  Caroline Mathieu, curadora-chefe do museu franc\u00eas. Essa alma, no caso, \u00e9  representada por obras de artistas consagrados como Claude Monet, Paul  Gauguin, Edgar Degas, Paul C\u00e9zanne e Vincent Van Gogh, entre outros. Sem  contar a estrela da mostra, a tela &#8220;Le Fifre&#8221; (&#8220;O Tocador de P\u00edfano&#8221;),  de \u00c9douard Manet.<\/p>\n<p>&#8220;Digamos que insistimos um pouquinho para trazer esta pintura  espec\u00edfica&#8221;, conta Marcos Mantoan, diretor do CCBB paulista. A ideia de  fazer a exposi\u00e7\u00e3o no Brasil, no entanto, veio da Fran\u00e7a. &#8220;Come\u00e7amos a  conversar com o Guy Cogeval (presidente do Museu d&#8217;Orsay) em fevereiro  de 2011. Em novembro, veio a proposta de expor em S\u00e3o Paulo e no Rio de  Janeiro.&#8221;<\/p>\n<p>A rapidez (negocia\u00e7\u00f5es para mostras desse porte costumam  durar pelo menos dois anos) \u00e9 justificada pelo interesse dos franceses  em expor no pa\u00eds. &#8220;A imagem do Brasil \u00e9 cada vez mais forte na Europa.  Por isso, para n\u00f3s \u00e9 importante expor aqui&#8221;, diz Cogeval. &#8220;Al\u00e9m disso, o  Museu d&#8217;Orsay tem la\u00e7os fortes com seu pa\u00eds. Nosso restaurante foi  projetado por dois brasileiros, os irm\u00e3os Campana.&#8221;<\/p>\n<p>A expectativa \u00e9 a de que a mostra atraia cerca de 600 mil  pessoas nos dois meses que estar\u00e1 em cartaz na cidade de S\u00e3o Paulo. &#8220;Nosso  objetivo n\u00e3o \u00e9 bater recordes de p\u00fablico, mas sabemos que esta exposi\u00e7\u00e3o  tem potencial para alcan\u00e7ar o mesmo p\u00fablico do Escher&#8221;, afirma Montoan,  referindo-se \u00e0 mostra do artista holand\u00eas M.C. Escher, uma das mais vistas do planeta em 2011.<\/p>\n<p>Para atender \u00e0 demanda, o CCBB paulista ter\u00e1 um hor\u00e1rio  especial de funcionamento neste final de semana. O local ficar\u00e1 aberto  ininterruptamente das 15h de s\u00e1bado (4) \u00e0ss 22h do domingo (5). O evento  foi batizado de Virada Impressionista. &#8220;Se der certo, podemos fazer  mais dois ou tr\u00eas at\u00e9 o final da mostra&#8221;, adianta Mantoan.<\/p>\n<p>&#8220;Impressionismo: Paris e a Modernidade&#8221; est\u00e1 dividida em sete  blocos. Tr\u00eas deles (&#8220;Paris \u00e9 uma Festa&#8221;, &#8220;A Vida Urbana e Seus Atores&#8221; e  &#8220;Paris: A Cidade Moderna&#8221;) enfocam a metr\u00f3pole na virada do s\u00e9culo 19  para o s\u00e9culo 20. Os outros quatro (&#8220;Fugir da Cidade&#8221;, &#8220;Convite \u00e0  Viagem&#8221;, &#8220;Na Bretanha&#8221; e &#8220;A Vida Silenciosa&#8221;) tratam da vida calma no  campo.<\/p>\n<p>Apesar do nome, nem todas as pinturas s\u00e3o impressionistas.  &#8220;Artistas como Gauguin eram contr\u00e1rios ao impressionismo. Ele n\u00e3o se  preocupava em retratar o que via e usava as cores de modo arbitr\u00e1rio,  simb\u00f3lico&#8221;, diz Caroline Mathieu. Bem diferente, por exemplo, de Monet e  sua obsess\u00e3o por captar as m\u00ednimas altera\u00e7\u00f5es da luz em uma paisagem.<\/p>\n<p><strong>Servi\u00e7o<\/strong><\/p>\n<p><strong>O que:<\/strong> Impressionismo: Paris e a Modernidade<br \/>\n<strong>Local: <\/strong>Centro Cultural Banco do Brasil de S\u00e3o Paulo<br \/>\n<strong>Endere\u00e7o: <\/strong>Rua \u00c1lvares Penteado, 112, Centro<br \/>\n<strong>Quando: <\/strong>De 4 de agosto a 7 de outubro<br \/>\n<strong>Hor\u00e1rios: <\/strong>Das 7h \u00e0s 10h (visitas agendadas) &#8211; Das 10h \u00e0s 22h (p\u00fablico em geral)<br \/>\n<strong>Valor:<\/strong> Entrada gratuita<br \/>\n<strong>Informa\u00e7\u00f5es:<\/strong> 11-3113-3651 \/ 3113-3652<\/p>\n<p><em>Fonte: Portal Ig<\/em><\/p>\n\n<div style=\"font-size: 0px; height: 0px; line-height: 0px; margin: 0; padding: 0; clear: both;\"><\/div>","protected":false},"excerpt":{"rendered":"<p>A partir deste s\u00e1bado (dia 4), quem mora em S\u00e3o Paulo n\u00e3o precisar\u00e1 mais ir at\u00e9 a Fran\u00e7a para ver de perto obras-primas de Monet, Van Gogh e Gauguin. Pinturas destes e de outros mestres estar\u00e3o expostas no Centro Cultural Banco do Brasil, dentro da exposi\u00e7\u00e3o &#8220;Impressionismo: Paris e a Modernidade&#8221;. A mostra fica em cartaz na cidade at\u00e9 outubro e depois segue para o Rio de Janeiro. Todas as 85 pinturas da exposi\u00e7\u00e3o fazem parte do acervo do Museu d&#8217;Orsay, em Paris. O local, que recebeu mais de tr\u00eas milh\u00f5es de visitantes em 2011, \u00e9 uma das joias da <\/p>\n","protected":false},"author":1,"featured_media":0,"comment_status":"open","ping_status":"closed","sticky":false,"template":"","format":"standard","meta":{"footnotes":""},"categories":[20],"tags":[],"class_list":["post-839","post","type-post","status-publish","format-standard","hentry","category-cultura-no-centro-sp"],"aioseo_notices":[],"_links":{"self":[{"href":"https:\/\/www.encontracentrosaopaulo.com.br\/sobre\/wp-json\/wp\/v2\/posts\/839","targetHints":{"allow":["GET"]}}],"collection":[{"href":"https:\/\/www.encontracentrosaopaulo.com.br\/sobre\/wp-json\/wp\/v2\/posts"}],"about":[{"href":"https:\/\/www.encontracentrosaopaulo.com.br\/sobre\/wp-json\/wp\/v2\/types\/post"}],"author":[{"embeddable":true,"href":"https:\/\/www.encontracentrosaopaulo.com.br\/sobre\/wp-json\/wp\/v2\/users\/1"}],"replies":[{"embeddable":true,"href":"https:\/\/www.encontracentrosaopaulo.com.br\/sobre\/wp-json\/wp\/v2\/comments?post=839"}],"version-history":[{"count":0,"href":"https:\/\/www.encontracentrosaopaulo.com.br\/sobre\/wp-json\/wp\/v2\/posts\/839\/revisions"}],"wp:attachment":[{"href":"https:\/\/www.encontracentrosaopaulo.com.br\/sobre\/wp-json\/wp\/v2\/media?parent=839"}],"wp:term":[{"taxonomy":"category","embeddable":true,"href":"https:\/\/www.encontracentrosaopaulo.com.br\/sobre\/wp-json\/wp\/v2\/categories?post=839"},{"taxonomy":"post_tag","embeddable":true,"href":"https:\/\/www.encontracentrosaopaulo.com.br\/sobre\/wp-json\/wp\/v2\/tags?post=839"}],"curies":[{"name":"wp","href":"https:\/\/api.w.org\/{rel}","templated":true}]}}