{"id":865,"date":"2012-08-13T10:59:44","date_gmt":"2012-08-13T12:59:44","guid":{"rendered":"http:\/\/www.encontracentrosaopaulo.com.br\/noticias\/?p=865"},"modified":"2019-04-29T16:22:24","modified_gmt":"2019-04-29T19:22:24","slug":"musical-a-familia-addams-anuncia-prorrogacao-de-apresentacoes-no-centro-de-sp","status":"publish","type":"post","link":"https:\/\/www.encontracentrosaopaulo.com.br\/sobre\/musical-a-familia-addams-anuncia-prorrogacao-de-apresentacoes-no-centro-de-sp\/","title":{"rendered":"Musical A Fam\u00edlia Addams anuncia prorroga\u00e7\u00e3o de apresenta\u00e7\u00f5es no Centro de SP"},"content":{"rendered":"<div class=\"d6585b5127f45a35450431d0abc3f90c\" data-index=\"1\" style=\"float: none; margin:0px;\">\n<!-- Anuncio display - global -->\r\n<ins class=\"adsbygoogle\"\r\n     style=\"display:block\"\r\n     data-ad-client=\"ca-pub-8585364105181520\"\r\n     data-ad-slot=\"8789329856\"\r\n     data-ad-format=\"auto\"\r\n     data-full-width-responsive=\"true\"><\/ins>\r\n<script>\r\n     (adsbygoogle = window.adsbygoogle || []).push({});\r\n<\/script>\n<\/div>\n<div id=\"HOTWordsTxt\">\n<p>Em temporada desde mar\u00e7o no Teatro Abril, o musical \u201cA Fam\u00edlia Addams\u201d  segue arrebatando o p\u00fablico paulistano e atinge a expressiva marca de  200 mil ingressos vendidos. Por conta do sucesso, a produ\u00e7\u00e3o da Time for Fun (T4F) anuncia que as apresenta\u00e7\u00f5es ser\u00e3o prorrogadas at\u00e9 28 de outubro.<\/p>\n<p>No elenco, Marisa Orth e Daniel Boaventura d\u00e3o vida ao irresist\u00edvel  casal Morticia e Gomez Addams. O elenco conta ainda com Laura Lobo no  papel da filha Wandinha e, Gustavo Daneluz, Matheus Lustosa e Nicholas  Torres aprontam todas na pele do filho mais novo Feioso. J\u00e1 In\u00e1 de  Carvalho \u00e9 a Vov\u00f3 Addams e Claudio Galvan \u00e9 Fester, enquanto Rog\u00e9rio  Guedes faz o mordomo Trope\u00e7o. Completam o elenco principal, Wellington  Nogueira, Paula Capovilla e Beto Sargentelli. A vers\u00e3o brasileira \u00e9 assinada por Claudio Botelho, com dire\u00e7\u00e3o de Jerry Zaks, coreografia de Sergio Trujillo e dire\u00e7\u00e3o musical de Mary-Mitchell Campbell.<\/p>\n<p>O texto apresenta uma est\u00f3ria original que \u00e9 o pesadelo de todos os pais.  Wandinha Addams \u00a0cresceu e apaixonou-se por um doce e esperto jovem de  uma fam\u00edlia respeit\u00e1vel. Ela confidencia ao seu pai e implora para que  ele n\u00e3o conte a sua m\u00e3e. \u00a0Gomez Addams precisa fazer algo que nunca fez \u2013  guardar um segredo de sua amada esposa, Morticia. Tudo muda para toda  fam\u00edlia na noite em que oferecem um jantar para o namorado \u201cnormal\u201d de  Wandinha e seus pais.<\/p>\n<p><strong>Servi\u00e7o:<\/strong><br \/>\n<strong>Evento: <\/strong>Fam\u00edlia Addams<br \/>\n<strong>Local: <\/strong>Teatro Abril<br \/>\n<strong>Endere\u00e7o:<\/strong> Avenida Brigadeiro Lu\u00eds Ant\u00f4nio, 411 &#8211; Bairro da Bela Vista &#8211; Centro de SP<br \/>\n<strong>Datas:<\/strong> At\u00e9 28 de outubro de 2012.<br \/>\n<strong>Hor\u00e1rios:<\/strong> Quinta e sexta, 21h; s\u00e1bado, 17h e 21h; domingo, 16h e 20h.<br \/>\n<strong>Pre\u00e7os: <\/strong>R$ 70 a R$ 250<br \/>\n<strong>Informa\u00e7\u00f5es: <\/strong>(11) 2846-6060<\/p>\n<p><em>Fonte: Portal DCI<\/em><\/p>\n<\/div>\n\n<div style=\"font-size: 0px; height: 0px; line-height: 0px; margin: 0; padding: 0; clear: both;\"><\/div>","protected":false},"excerpt":{"rendered":"<p>Em temporada desde mar\u00e7o no Teatro Abril, o musical \u201cA Fam\u00edlia Addams\u201d segue arrebatando o p\u00fablico paulistano e atinge a expressiva marca de 200 mil ingressos vendidos. Por conta do sucesso, a produ\u00e7\u00e3o da Time for Fun (T4F) anuncia que as apresenta\u00e7\u00f5es ser\u00e3o prorrogadas at\u00e9 28 de outubro. No elenco, Marisa Orth e Daniel Boaventura d\u00e3o vida ao irresist\u00edvel casal Morticia e Gomez Addams. O elenco conta ainda com Laura Lobo no papel da filha Wandinha e, Gustavo Daneluz, Matheus Lustosa e Nicholas Torres aprontam todas na pele do filho mais novo Feioso. J\u00e1 In\u00e1 de Carvalho \u00e9 a Vov\u00f3 <\/p>\n","protected":false},"author":1,"featured_media":0,"comment_status":"open","ping_status":"closed","sticky":false,"template":"","format":"standard","meta":{"footnotes":""},"categories":[20],"tags":[],"class_list":["post-865","post","type-post","status-publish","format-standard","hentry","category-cultura-no-centro-sp"],"aioseo_notices":[],"_links":{"self":[{"href":"https:\/\/www.encontracentrosaopaulo.com.br\/sobre\/wp-json\/wp\/v2\/posts\/865","targetHints":{"allow":["GET"]}}],"collection":[{"href":"https:\/\/www.encontracentrosaopaulo.com.br\/sobre\/wp-json\/wp\/v2\/posts"}],"about":[{"href":"https:\/\/www.encontracentrosaopaulo.com.br\/sobre\/wp-json\/wp\/v2\/types\/post"}],"author":[{"embeddable":true,"href":"https:\/\/www.encontracentrosaopaulo.com.br\/sobre\/wp-json\/wp\/v2\/users\/1"}],"replies":[{"embeddable":true,"href":"https:\/\/www.encontracentrosaopaulo.com.br\/sobre\/wp-json\/wp\/v2\/comments?post=865"}],"version-history":[{"count":0,"href":"https:\/\/www.encontracentrosaopaulo.com.br\/sobre\/wp-json\/wp\/v2\/posts\/865\/revisions"}],"wp:attachment":[{"href":"https:\/\/www.encontracentrosaopaulo.com.br\/sobre\/wp-json\/wp\/v2\/media?parent=865"}],"wp:term":[{"taxonomy":"category","embeddable":true,"href":"https:\/\/www.encontracentrosaopaulo.com.br\/sobre\/wp-json\/wp\/v2\/categories?post=865"},{"taxonomy":"post_tag","embeddable":true,"href":"https:\/\/www.encontracentrosaopaulo.com.br\/sobre\/wp-json\/wp\/v2\/tags?post=865"}],"curies":[{"name":"wp","href":"https:\/\/api.w.org\/{rel}","templated":true}]}}