{"id":888,"date":"2012-08-23T10:44:15","date_gmt":"2012-08-23T12:44:15","guid":{"rendered":"http:\/\/www.encontracentrosaopaulo.com.br\/noticias\/?p=888"},"modified":"2019-04-29T16:22:23","modified_gmt":"2019-04-29T19:22:23","slug":"galeria-olido-recebe-espetaculos-de-danca-coreografados-pelo-bale-da-cidade","status":"publish","type":"post","link":"https:\/\/www.encontracentrosaopaulo.com.br\/sobre\/galeria-olido-recebe-espetaculos-de-danca-coreografados-pelo-bale-da-cidade\/","title":{"rendered":"Galeria Olido recebe espet\u00e1culos de dan\u00e7a coreografados pelo Bal\u00e9 da Cidade"},"content":{"rendered":"<div class=\"d6585b5127f45a35450431d0abc3f90c\" data-index=\"1\" style=\"float: none; margin:0px;\">\n<!-- Anuncio display - global -->\r\n<ins class=\"adsbygoogle\"\r\n     style=\"display:block\"\r\n     data-ad-client=\"ca-pub-8585364105181520\"\r\n     data-ad-slot=\"8789329856\"\r\n     data-ad-format=\"auto\"\r\n     data-full-width-responsive=\"true\"><\/ins>\r\n<script>\r\n     (adsbygoogle = window.adsbygoogle || []).push({});\r\n<\/script>\n<\/div>\n<p>Qualquer relacionamento, dizem os psic\u00f3logos, torna-se mais maduro quando uma das partes desenvolve a capacidade de se colocar no lugar da outra. Com base nessa premissa, Lara Pinheiro, diretora art\u00edstica do Bal\u00e9 da Cidade de S\u00e3o Paulo, tem dado \u00eanfase, h\u00e1 tr\u00eas anos, ao projeto Experimentos Coreogr\u00e1ficos, no qual bailarinos da companhia criam espet\u00e1culos para serem dan\u00e7ados por seus colegas. Dos dez trabalhos concebidos este ano, quatro ser\u00e3o apresentados, entre os dias 23 e 26 de agosto, na Sala Pai\u00e7andu da Galeria Olido.<\/p>\n<p>Uma das coreografias, Aquele que V\u00ea, \u00e9 assinada por Liliane de Grammont, que, al\u00e9m de bailarina, \u00e9 psic\u00f3loga com especializa\u00e7\u00e3o em Reich e Psican\u00e1lise Lacaniana. Seu foco \u00e9 o voyeurismo. \u201cEstamos sempre vendo e sendo vistos\u201d, afirma ela. \u201cAssim, utilizando um cen\u00e1rio s\u00f3brio, cadeiras vazias, uma trilha sonora instigante, com os homens em trajes antigos e as mo\u00e7as de roupas \u00edntimas, quero que a plateia tenha a sensa\u00e7\u00e3o de que, ao mesmo tempo em que v\u00ea, \u00e9 observada por quem ela olha.\u201d<\/p>\n<p>Henrique Lima, em No\u2019 Toque, procura transformar os bailarinos \u2013todos unidos por fios\u2013 em componentes de uma bateria eletr\u00f4nica. \u201cMinha inten\u00e7\u00e3o \u00e9 fazer ressoar, vibrar e expandir os movimentos, amplificando os corpos no espa\u00e7o, num jogo de din\u00e2micas vari\u00e1veis\u201d, diz o core\u00f3grafo.<\/p>\n<p>Fernanda Bueno \u00e9 mais singela em sua concep\u00e7\u00e3o de Em Tempo. Segundo ela, o trabalho procura fazer uma reflex\u00e3o do porqu\u00ea, quase sempre, a dor, e n\u00e3o o prazer, \u00e9 o agente transformador em nossas vidas. \u201cN\u00e3o deveria ser necessariamente assim. Por isso, em ritmo de festa e brincadeiras l\u00fadicas, proponho que encaremos poeticamente as mudan\u00e7as pelas quais temos de passar\u201d, conta.<\/p>\n<p>J\u00e1 Papillon, de Igor Vieira, reflete sobre a relatividade da vida e das coisas. \u201cImobilizado ap\u00f3s uma cirurgia delicada, assisti a um document\u00e1rio sobre borboletas e tentei coreografar algo que, mostrando o ciclo de vida delas, nos fizesse pensar em qu\u00e3o fr\u00e1geis e ef\u00eameros tamb\u00e9m somos\u201d, revela o bailarino.<\/p>\n<p><strong>Servi\u00e7o<\/strong><br \/>\n<strong>Eventos: <\/strong>Experimentos Coreogr\u00e1ficos<br \/>\n<strong>Data: <\/strong>23 a 26 de agosto<br \/>\n<strong>Hor\u00e1rio:<\/strong> quinta-feira a s\u00e1bado, 20h; Domingo, 19h<br \/>\n<strong>Local:<\/strong> Galeria Olido \u2013 Sala Pai\u00e7andu.<br \/>\n<strong>Endere\u00e7o:<\/strong> Avenida S\u00e3o Jo\u00e3o, 473, Regi\u00e3o Central de S\u00e3o Paulo<br \/>\n<strong>Valor: <\/strong>Gr\u00e1tis (retirar ingresso uma hora antes)<br \/>\n<strong>Informa\u00e7\u00f5es: <\/strong>3331-8399 e 3397-0171<\/p>\n\n<div style=\"font-size: 0px; height: 0px; line-height: 0px; margin: 0; padding: 0; clear: both;\"><\/div>","protected":false},"excerpt":{"rendered":"<p>Qualquer relacionamento, dizem os psic\u00f3logos, torna-se mais maduro quando uma das partes desenvolve a capacidade de se colocar no lugar da outra. Com base nessa premissa, Lara Pinheiro, diretora art\u00edstica do Bal\u00e9 da Cidade de S\u00e3o Paulo, tem dado \u00eanfase, h\u00e1 tr\u00eas anos, ao projeto Experimentos Coreogr\u00e1ficos, no qual bailarinos da companhia criam espet\u00e1culos para serem dan\u00e7ados por seus colegas. Dos dez trabalhos concebidos este ano, quatro ser\u00e3o apresentados, entre os dias 23 e 26 de agosto, na Sala Pai\u00e7andu da Galeria Olido. Uma das coreografias, Aquele que V\u00ea, \u00e9 assinada por Liliane de Grammont, que, al\u00e9m de bailarina, \u00e9 <\/p>\n","protected":false},"author":1,"featured_media":0,"comment_status":"open","ping_status":"closed","sticky":false,"template":"","format":"standard","meta":{"footnotes":""},"categories":[6],"tags":[],"class_list":["post-888","post","type-post","status-publish","format-standard","hentry","category-noticias-no-centro-sp"],"aioseo_notices":[],"aioseo_head":"\n\t\t<!-- All in One SEO 5.0.0.1 - aioseo.com -->\n\t<meta name=\"description\" content=\"Qualquer relacionamento, dizem os psic\u00f3logos, torna-se mais maduro quando uma das partes desenvolve a capacidade de se colocar no lugar da outra. Com base nessa premissa, Lara Pinheiro, diretora art\u00edstica do Bal\u00e9 da Cidade de S\u00e3o Paulo, tem dado \u00eanfase, h\u00e1 tr\u00eas anos, ao projeto Experimentos Coreogr\u00e1ficos, no qual bailarinos da companhia criam espet\u00e1culos para\" \/>\n\t<meta name=\"robots\" content=\"max-image-preview:large\" \/>\n\t<meta name=\"author\" content=\"Encontra Centro SP\"\/>\n\t<link rel=\"canonical\" href=\"https:\/\/www.encontracentrosaopaulo.com.br\/sobre\/galeria-olido-recebe-espetaculos-de-danca-coreografados-pelo-bale-da-cidade\/\" \/>\n\t<meta name=\"generator\" content=\"All in One SEO (AIOSEO) 5.0.0.1\" \/>\n\t\t<meta property=\"og:locale\" content=\"pt_BR\" \/>\n\t\t<meta property=\"og:site_name\" content=\"Encontra Centro SP | Not\u00edcias, eventos, informa\u00e7\u00f5es e dicas na cidade de Centro SP e regi\u00e3o.\" \/>\n\t\t<meta property=\"og:type\" content=\"article\" \/>\n\t\t<meta property=\"og:title\" content=\"Galeria Olido recebe espet\u00e1culos de dan\u00e7a coreografados pelo Bal\u00e9 da Cidade | Encontra Centro SP\" \/>\n\t\t<meta property=\"og:description\" content=\"Qualquer relacionamento, dizem os psic\u00f3logos, torna-se mais maduro quando uma das partes desenvolve a capacidade de se colocar no lugar da outra. Com base nessa premissa, Lara Pinheiro, diretora art\u00edstica do Bal\u00e9 da Cidade de S\u00e3o Paulo, tem dado \u00eanfase, h\u00e1 tr\u00eas anos, ao projeto Experimentos Coreogr\u00e1ficos, no qual bailarinos da companhia criam espet\u00e1culos para\" \/>\n\t\t<meta property=\"og:url\" content=\"https:\/\/www.encontracentrosaopaulo.com.br\/sobre\/galeria-olido-recebe-espetaculos-de-danca-coreografados-pelo-bale-da-cidade\/\" \/>\n\t\t<meta property=\"article:published_time\" content=\"2012-08-23T12:44:15+00:00\" \/>\n\t\t<meta property=\"article:modified_time\" content=\"2019-04-29T19:22:23+00:00\" \/>\n\t\t<meta name=\"twitter:card\" content=\"summary\" \/>\n\t\t<meta name=\"twitter:title\" content=\"Galeria Olido recebe espet\u00e1culos de dan\u00e7a coreografados pelo Bal\u00e9 da Cidade | Encontra Centro SP\" \/>\n\t\t<meta name=\"twitter:description\" content=\"Qualquer relacionamento, dizem os psic\u00f3logos, torna-se mais maduro quando uma das partes desenvolve a capacidade de se colocar no lugar da outra. Com base nessa premissa, Lara Pinheiro, diretora art\u00edstica do Bal\u00e9 da Cidade de S\u00e3o Paulo, tem dado \u00eanfase, h\u00e1 tr\u00eas anos, ao projeto Experimentos Coreogr\u00e1ficos, no qual bailarinos da companhia criam espet\u00e1culos para\" \/>\n\t\t<script type=\"application\/ld+json\" class=\"aioseo-schema\">\n\t\t\t{\"@context\":\"https:\\\/\\\/schema.org\",\"@graph\":[{\"@type\":\"Article\",\"@id\":\"https:\\\/\\\/www.encontracentrosaopaulo.com.br\\\/sobre\\\/galeria-olido-recebe-espetaculos-de-danca-coreografados-pelo-bale-da-cidade\\\/#article\",\"name\":\"Galeria Olido recebe espet\\u00e1culos de dan\\u00e7a coreografados pelo Bal\\u00e9 da Cidade | Encontra Centro SP\",\"headline\":\"Galeria Olido recebe espet\\u00e1culos de dan\\u00e7a coreografados pelo Bal\\u00e9 da Cidade\",\"author\":{\"@id\":\"https:\\\/\\\/www.encontracentrosaopaulo.com.br\\\/sobre\\\/author\\\/ecentrosaopaulo\\\/#author\"},\"publisher\":{\"@id\":\"https:\\\/\\\/www.encontracentrosaopaulo.com.br\\\/sobre\\\/#organization\"},\"datePublished\":\"2012-08-23T10:44:15-03:00\",\"dateModified\":\"2019-04-29T16:22:23-03:00\",\"inLanguage\":\"pt-BR\",\"mainEntityOfPage\":{\"@id\":\"https:\\\/\\\/www.encontracentrosaopaulo.com.br\\\/sobre\\\/galeria-olido-recebe-espetaculos-de-danca-coreografados-pelo-bale-da-cidade\\\/#webpage\"},\"isPartOf\":{\"@id\":\"https:\\\/\\\/www.encontracentrosaopaulo.com.br\\\/sobre\\\/galeria-olido-recebe-espetaculos-de-danca-coreografados-pelo-bale-da-cidade\\\/#webpage\"},\"articleSection\":\"Not\\u00edcias Centro SP\"},{\"@type\":\"BreadcrumbList\",\"@id\":\"https:\\\/\\\/www.encontracentrosaopaulo.com.br\\\/sobre\\\/galeria-olido-recebe-espetaculos-de-danca-coreografados-pelo-bale-da-cidade\\\/#breadcrumblist\",\"itemListElement\":[{\"@type\":\"ListItem\",\"@id\":\"https:\\\/\\\/www.encontracentrosaopaulo.com.br\\\/sobre#listItem\",\"position\":1,\"name\":\"In\\u00edcio\",\"item\":\"https:\\\/\\\/www.encontracentrosaopaulo.com.br\\\/sobre\",\"nextItem\":{\"@type\":\"ListItem\",\"@id\":\"https:\\\/\\\/www.encontracentrosaopaulo.com.br\\\/sobre\\\/noticias-no-centro-sp\\\/#listItem\",\"name\":\"Not\\u00edcias Centro SP\"}},{\"@type\":\"ListItem\",\"@id\":\"https:\\\/\\\/www.encontracentrosaopaulo.com.br\\\/sobre\\\/noticias-no-centro-sp\\\/#listItem\",\"position\":2,\"name\":\"Not\\u00edcias Centro SP\",\"item\":\"https:\\\/\\\/www.encontracentrosaopaulo.com.br\\\/sobre\\\/noticias-no-centro-sp\\\/\",\"nextItem\":{\"@type\":\"ListItem\",\"@id\":\"https:\\\/\\\/www.encontracentrosaopaulo.com.br\\\/sobre\\\/galeria-olido-recebe-espetaculos-de-danca-coreografados-pelo-bale-da-cidade\\\/#listItem\",\"name\":\"Galeria Olido recebe espet\\u00e1culos de dan\\u00e7a coreografados pelo Bal\\u00e9 da Cidade\"},\"previousItem\":{\"@type\":\"ListItem\",\"@id\":\"https:\\\/\\\/www.encontracentrosaopaulo.com.br\\\/sobre#listItem\",\"name\":\"In\\u00edcio\"}},{\"@type\":\"ListItem\",\"@id\":\"https:\\\/\\\/www.encontracentrosaopaulo.com.br\\\/sobre\\\/galeria-olido-recebe-espetaculos-de-danca-coreografados-pelo-bale-da-cidade\\\/#listItem\",\"position\":3,\"name\":\"Galeria Olido recebe espet\\u00e1culos de dan\\u00e7a coreografados pelo Bal\\u00e9 da Cidade\",\"previousItem\":{\"@type\":\"ListItem\",\"@id\":\"https:\\\/\\\/www.encontracentrosaopaulo.com.br\\\/sobre\\\/noticias-no-centro-sp\\\/#listItem\",\"name\":\"Not\\u00edcias Centro SP\"}}]},{\"@type\":\"Organization\",\"@id\":\"https:\\\/\\\/www.encontracentrosaopaulo.com.br\\\/sobre\\\/#organization\",\"name\":\"Encontra Centro SP\",\"description\":\"Not\\u00edcias, eventos, informa\\u00e7\\u00f5es e dicas na cidade de Centro SP e regi\\u00e3o.\",\"url\":\"https:\\\/\\\/www.encontracentrosaopaulo.com.br\\\/sobre\\\/\"},{\"@type\":\"Person\",\"@id\":\"https:\\\/\\\/www.encontracentrosaopaulo.com.br\\\/sobre\\\/author\\\/ecentrosaopaulo\\\/#author\",\"url\":\"https:\\\/\\\/www.encontracentrosaopaulo.com.br\\\/sobre\\\/author\\\/ecentrosaopaulo\\\/\",\"name\":\"Encontra Centro SP\",\"image\":{\"@type\":\"ImageObject\",\"@id\":\"https:\\\/\\\/www.encontracentrosaopaulo.com.br\\\/sobre\\\/galeria-olido-recebe-espetaculos-de-danca-coreografados-pelo-bale-da-cidade\\\/#authorImage\",\"url\":\"https:\\\/\\\/secure.gravatar.com\\\/avatar\\\/507340682b8270222e1f208e23198b6ae7e2c6a1033ae84e99bc6bce4f82a387?s=96&d=mm&r=g\",\"width\":96,\"height\":96,\"caption\":\"Encontra Centro SP\"}},{\"@type\":\"WebPage\",\"@id\":\"https:\\\/\\\/www.encontracentrosaopaulo.com.br\\\/sobre\\\/galeria-olido-recebe-espetaculos-de-danca-coreografados-pelo-bale-da-cidade\\\/#webpage\",\"url\":\"https:\\\/\\\/www.encontracentrosaopaulo.com.br\\\/sobre\\\/galeria-olido-recebe-espetaculos-de-danca-coreografados-pelo-bale-da-cidade\\\/\",\"name\":\"Galeria Olido recebe espet\\u00e1culos de dan\\u00e7a coreografados pelo Bal\\u00e9 da Cidade | Encontra Centro SP\",\"description\":\"Qualquer relacionamento, dizem os psic\\u00f3logos, torna-se mais maduro quando uma das partes desenvolve a capacidade de se colocar no lugar da outra. Com base nessa premissa, Lara Pinheiro, diretora art\\u00edstica do Bal\\u00e9 da Cidade de S\\u00e3o Paulo, tem dado \\u00eanfase, h\\u00e1 tr\\u00eas anos, ao projeto Experimentos Coreogr\\u00e1ficos, no qual bailarinos da companhia criam espet\\u00e1culos para\",\"inLanguage\":\"pt-BR\",\"isPartOf\":{\"@id\":\"https:\\\/\\\/www.encontracentrosaopaulo.com.br\\\/sobre\\\/#website\"},\"breadcrumb\":{\"@id\":\"https:\\\/\\\/www.encontracentrosaopaulo.com.br\\\/sobre\\\/galeria-olido-recebe-espetaculos-de-danca-coreografados-pelo-bale-da-cidade\\\/#breadcrumblist\"},\"author\":{\"@id\":\"https:\\\/\\\/www.encontracentrosaopaulo.com.br\\\/sobre\\\/author\\\/ecentrosaopaulo\\\/#author\"},\"creator\":{\"@id\":\"https:\\\/\\\/www.encontracentrosaopaulo.com.br\\\/sobre\\\/author\\\/ecentrosaopaulo\\\/#author\"},\"datePublished\":\"2012-08-23T10:44:15-03:00\",\"dateModified\":\"2019-04-29T16:22:23-03:00\"},{\"@type\":\"WebSite\",\"@id\":\"https:\\\/\\\/www.encontracentrosaopaulo.com.br\\\/sobre\\\/#website\",\"url\":\"https:\\\/\\\/www.encontracentrosaopaulo.com.br\\\/sobre\\\/\",\"name\":\"Encontra Centro SP\",\"description\":\"Not\\u00edcias, eventos, informa\\u00e7\\u00f5es e dicas na cidade de Centro SP e regi\\u00e3o.\",\"inLanguage\":\"pt-BR\",\"publisher\":{\"@id\":\"https:\\\/\\\/www.encontracentrosaopaulo.com.br\\\/sobre\\\/#organization\"}}]}\n\t\t<\/script>\n\t\t<!-- All in One SEO -->\n\n","aioseo_head_json":{"title":"Galeria Olido recebe espet\u00e1culos de dan\u00e7a coreografados pelo Bal\u00e9 da Cidade | Encontra Centro SP","description":"Qualquer relacionamento, dizem os psic\u00f3logos, torna-se mais maduro quando uma das partes desenvolve a capacidade de se colocar no lugar da outra. Com base nessa premissa, Lara Pinheiro, diretora art\u00edstica do Bal\u00e9 da Cidade de S\u00e3o Paulo, tem dado \u00eanfase, h\u00e1 tr\u00eas anos, ao projeto Experimentos Coreogr\u00e1ficos, no qual bailarinos da companhia criam espet\u00e1culos para","canonical_url":"https:\/\/www.encontracentrosaopaulo.com.br\/sobre\/galeria-olido-recebe-espetaculos-de-danca-coreografados-pelo-bale-da-cidade\/","robots":"max-image-preview:large","keywords":"","webmasterTools":{"miscellaneous":""},"schema":{"@context":"https:\/\/schema.org","@graph":[{"@type":"Article","@id":"https:\/\/www.encontracentrosaopaulo.com.br\/sobre\/galeria-olido-recebe-espetaculos-de-danca-coreografados-pelo-bale-da-cidade\/#article","name":"Galeria Olido recebe espet\u00e1culos de dan\u00e7a coreografados pelo Bal\u00e9 da Cidade | Encontra Centro SP","headline":"Galeria Olido recebe espet\u00e1culos de dan\u00e7a coreografados pelo Bal\u00e9 da Cidade","author":{"@id":"https:\/\/www.encontracentrosaopaulo.com.br\/sobre\/author\/ecentrosaopaulo\/#author"},"publisher":{"@id":"https:\/\/www.encontracentrosaopaulo.com.br\/sobre\/#organization"},"datePublished":"2012-08-23T10:44:15-03:00","dateModified":"2019-04-29T16:22:23-03:00","inLanguage":"pt-BR","mainEntityOfPage":{"@id":"https:\/\/www.encontracentrosaopaulo.com.br\/sobre\/galeria-olido-recebe-espetaculos-de-danca-coreografados-pelo-bale-da-cidade\/#webpage"},"isPartOf":{"@id":"https:\/\/www.encontracentrosaopaulo.com.br\/sobre\/galeria-olido-recebe-espetaculos-de-danca-coreografados-pelo-bale-da-cidade\/#webpage"},"articleSection":"Not\u00edcias Centro SP"},{"@type":"BreadcrumbList","@id":"https:\/\/www.encontracentrosaopaulo.com.br\/sobre\/galeria-olido-recebe-espetaculos-de-danca-coreografados-pelo-bale-da-cidade\/#breadcrumblist","itemListElement":[{"@type":"ListItem","@id":"https:\/\/www.encontracentrosaopaulo.com.br\/sobre#listItem","position":1,"name":"In\u00edcio","item":"https:\/\/www.encontracentrosaopaulo.com.br\/sobre","nextItem":{"@type":"ListItem","@id":"https:\/\/www.encontracentrosaopaulo.com.br\/sobre\/noticias-no-centro-sp\/#listItem","name":"Not\u00edcias Centro SP"}},{"@type":"ListItem","@id":"https:\/\/www.encontracentrosaopaulo.com.br\/sobre\/noticias-no-centro-sp\/#listItem","position":2,"name":"Not\u00edcias Centro SP","item":"https:\/\/www.encontracentrosaopaulo.com.br\/sobre\/noticias-no-centro-sp\/","nextItem":{"@type":"ListItem","@id":"https:\/\/www.encontracentrosaopaulo.com.br\/sobre\/galeria-olido-recebe-espetaculos-de-danca-coreografados-pelo-bale-da-cidade\/#listItem","name":"Galeria Olido recebe espet\u00e1culos de dan\u00e7a coreografados pelo Bal\u00e9 da Cidade"},"previousItem":{"@type":"ListItem","@id":"https:\/\/www.encontracentrosaopaulo.com.br\/sobre#listItem","name":"In\u00edcio"}},{"@type":"ListItem","@id":"https:\/\/www.encontracentrosaopaulo.com.br\/sobre\/galeria-olido-recebe-espetaculos-de-danca-coreografados-pelo-bale-da-cidade\/#listItem","position":3,"name":"Galeria Olido recebe espet\u00e1culos de dan\u00e7a coreografados pelo Bal\u00e9 da Cidade","previousItem":{"@type":"ListItem","@id":"https:\/\/www.encontracentrosaopaulo.com.br\/sobre\/noticias-no-centro-sp\/#listItem","name":"Not\u00edcias Centro SP"}}]},{"@type":"Organization","@id":"https:\/\/www.encontracentrosaopaulo.com.br\/sobre\/#organization","name":"Encontra Centro SP","description":"Not\u00edcias, eventos, informa\u00e7\u00f5es e dicas na cidade de Centro SP e regi\u00e3o.","url":"https:\/\/www.encontracentrosaopaulo.com.br\/sobre\/"},{"@type":"Person","@id":"https:\/\/www.encontracentrosaopaulo.com.br\/sobre\/author\/ecentrosaopaulo\/#author","url":"https:\/\/www.encontracentrosaopaulo.com.br\/sobre\/author\/ecentrosaopaulo\/","name":"Encontra Centro SP","image":{"@type":"ImageObject","@id":"https:\/\/www.encontracentrosaopaulo.com.br\/sobre\/galeria-olido-recebe-espetaculos-de-danca-coreografados-pelo-bale-da-cidade\/#authorImage","url":"https:\/\/secure.gravatar.com\/avatar\/507340682b8270222e1f208e23198b6ae7e2c6a1033ae84e99bc6bce4f82a387?s=96&d=mm&r=g","width":96,"height":96,"caption":"Encontra Centro SP"}},{"@type":"WebPage","@id":"https:\/\/www.encontracentrosaopaulo.com.br\/sobre\/galeria-olido-recebe-espetaculos-de-danca-coreografados-pelo-bale-da-cidade\/#webpage","url":"https:\/\/www.encontracentrosaopaulo.com.br\/sobre\/galeria-olido-recebe-espetaculos-de-danca-coreografados-pelo-bale-da-cidade\/","name":"Galeria Olido recebe espet\u00e1culos de dan\u00e7a coreografados pelo Bal\u00e9 da Cidade | Encontra Centro SP","description":"Qualquer relacionamento, dizem os psic\u00f3logos, torna-se mais maduro quando uma das partes desenvolve a capacidade de se colocar no lugar da outra. Com base nessa premissa, Lara Pinheiro, diretora art\u00edstica do Bal\u00e9 da Cidade de S\u00e3o Paulo, tem dado \u00eanfase, h\u00e1 tr\u00eas anos, ao projeto Experimentos Coreogr\u00e1ficos, no qual bailarinos da companhia criam espet\u00e1culos para","inLanguage":"pt-BR","isPartOf":{"@id":"https:\/\/www.encontracentrosaopaulo.com.br\/sobre\/#website"},"breadcrumb":{"@id":"https:\/\/www.encontracentrosaopaulo.com.br\/sobre\/galeria-olido-recebe-espetaculos-de-danca-coreografados-pelo-bale-da-cidade\/#breadcrumblist"},"author":{"@id":"https:\/\/www.encontracentrosaopaulo.com.br\/sobre\/author\/ecentrosaopaulo\/#author"},"creator":{"@id":"https:\/\/www.encontracentrosaopaulo.com.br\/sobre\/author\/ecentrosaopaulo\/#author"},"datePublished":"2012-08-23T10:44:15-03:00","dateModified":"2019-04-29T16:22:23-03:00"},{"@type":"WebSite","@id":"https:\/\/www.encontracentrosaopaulo.com.br\/sobre\/#website","url":"https:\/\/www.encontracentrosaopaulo.com.br\/sobre\/","name":"Encontra Centro SP","description":"Not\u00edcias, eventos, informa\u00e7\u00f5es e dicas na cidade de Centro SP e regi\u00e3o.","inLanguage":"pt-BR","publisher":{"@id":"https:\/\/www.encontracentrosaopaulo.com.br\/sobre\/#organization"}}]},"og:locale":"pt_BR","og:site_name":"Encontra Centro SP | Not\u00edcias, eventos, informa\u00e7\u00f5es e dicas na cidade de Centro SP e regi\u00e3o.","og:type":"article","og:title":"Galeria Olido recebe espet\u00e1culos de dan\u00e7a coreografados pelo Bal\u00e9 da Cidade | Encontra Centro SP","og:description":"Qualquer relacionamento, dizem os psic\u00f3logos, torna-se mais maduro quando uma das partes desenvolve a capacidade de se colocar no lugar da outra. Com base nessa premissa, Lara Pinheiro, diretora art\u00edstica do Bal\u00e9 da Cidade de S\u00e3o Paulo, tem dado \u00eanfase, h\u00e1 tr\u00eas anos, ao projeto Experimentos Coreogr\u00e1ficos, no qual bailarinos da companhia criam espet\u00e1culos para","og:url":"https:\/\/www.encontracentrosaopaulo.com.br\/sobre\/galeria-olido-recebe-espetaculos-de-danca-coreografados-pelo-bale-da-cidade\/","article:published_time":"2012-08-23T12:44:15+00:00","article:modified_time":"2019-04-29T19:22:23+00:00","twitter:card":"summary","twitter:title":"Galeria Olido recebe espet\u00e1culos de dan\u00e7a coreografados pelo Bal\u00e9 da Cidade | Encontra Centro SP","twitter:description":"Qualquer relacionamento, dizem os psic\u00f3logos, torna-se mais maduro quando uma das partes desenvolve a capacidade de se colocar no lugar da outra. Com base nessa premissa, Lara Pinheiro, diretora art\u00edstica do Bal\u00e9 da Cidade de S\u00e3o Paulo, tem dado \u00eanfase, h\u00e1 tr\u00eas anos, ao projeto Experimentos Coreogr\u00e1ficos, no qual bailarinos da companhia criam espet\u00e1culos para"},"aioseo_meta_data":{"post_id":"888","title":null,"description":null,"keywords":null,"keyphrases":null,"primary_term":null,"canonical_url":null,"og_title":null,"og_description":null,"og_object_type":"default","og_image_type":"default","og_image_url":null,"og_image_width":null,"og_image_height":null,"og_image_custom_url":null,"og_image_custom_fields":null,"og_video":null,"og_custom_url":null,"og_article_section":null,"og_article_tags":null,"twitter_use_og":false,"twitter_card":"default","twitter_image_type":"default","twitter_image_url":null,"twitter_image_custom_url":null,"twitter_image_custom_fields":null,"twitter_title":null,"twitter_description":null,"schema":{"blockGraphs":[],"customGraphs":[],"default":{"data":{"Article":[],"Course":[],"Dataset":[],"FAQPage":[],"Movie":[],"Person":[],"Product":[],"ProductReview":[],"Car":[],"Recipe":[],"Service":[],"SoftwareApplication":[],"WebPage":[]},"graphName":"Article","isEnabled":true},"graphs":[]},"schema_type":null,"schema_type_options":null,"pillar_content":false,"robots_default":true,"robots_noindex":false,"robots_noarchive":false,"robots_nosnippet":false,"robots_nofollow":false,"robots_noimageindex":false,"robots_noodp":false,"robots_notranslate":false,"robots_max_snippet":null,"robots_max_videopreview":null,"robots_max_imagepreview":"large","priority":null,"frequency":null,"local_seo":null,"breadcrumb_settings":null,"limit_modified_date":false,"ai":null,"created":"2021-01-18 19:02:55","updated":"2025-11-14 21:24:06","seo_analyzer_scan_date":null,"focus_keyword":null,"additional_keywords":null,"truseo_locale":null},"aioseo_breadcrumb":"<div class=\"aioseo-breadcrumbs\"><span class=\"aioseo-breadcrumb\">\n\t\t\t<a href=\"https:\/\/www.encontracentrosaopaulo.com.br\/sobre\" title=\"In\u00edcio\">In\u00edcio<\/a>\n\t\t<\/span><span class=\"aioseo-breadcrumb-separator\">&raquo;<\/span><span class=\"aioseo-breadcrumb\">\n\t\t\t<a href=\"https:\/\/www.encontracentrosaopaulo.com.br\/sobre\/noticias-no-centro-sp\/\" title=\"Not\u00edcias Centro SP\">Not\u00edcias Centro SP<\/a>\n\t\t<\/span><span class=\"aioseo-breadcrumb-separator\">&raquo;<\/span><span class=\"aioseo-breadcrumb\">\n\t\t\tGaleria Olido recebe espet\u00e1culos de dan\u00e7a coreografados pelo Bal\u00e9 da Cidade\n\t\t<\/span><\/div>","aioseo_breadcrumb_json":[{"label":"In\u00edcio","link":"https:\/\/www.encontracentrosaopaulo.com.br\/sobre"},{"label":"Not\u00edcias Centro SP","link":"https:\/\/www.encontracentrosaopaulo.com.br\/sobre\/noticias-no-centro-sp\/"},{"label":"Galeria Olido recebe espet\u00e1culos de dan\u00e7a coreografados pelo Bal\u00e9 da Cidade","link":"https:\/\/www.encontracentrosaopaulo.com.br\/sobre\/galeria-olido-recebe-espetaculos-de-danca-coreografados-pelo-bale-da-cidade\/"}],"_links":{"self":[{"href":"https:\/\/www.encontracentrosaopaulo.com.br\/sobre\/wp-json\/wp\/v2\/posts\/888","targetHints":{"allow":["GET"]}}],"collection":[{"href":"https:\/\/www.encontracentrosaopaulo.com.br\/sobre\/wp-json\/wp\/v2\/posts"}],"about":[{"href":"https:\/\/www.encontracentrosaopaulo.com.br\/sobre\/wp-json\/wp\/v2\/types\/post"}],"author":[{"embeddable":true,"href":"https:\/\/www.encontracentrosaopaulo.com.br\/sobre\/wp-json\/wp\/v2\/users\/1"}],"replies":[{"embeddable":true,"href":"https:\/\/www.encontracentrosaopaulo.com.br\/sobre\/wp-json\/wp\/v2\/comments?post=888"}],"version-history":[{"count":0,"href":"https:\/\/www.encontracentrosaopaulo.com.br\/sobre\/wp-json\/wp\/v2\/posts\/888\/revisions"}],"wp:attachment":[{"href":"https:\/\/www.encontracentrosaopaulo.com.br\/sobre\/wp-json\/wp\/v2\/media?parent=888"}],"wp:term":[{"taxonomy":"category","embeddable":true,"href":"https:\/\/www.encontracentrosaopaulo.com.br\/sobre\/wp-json\/wp\/v2\/categories?post=888"},{"taxonomy":"post_tag","embeddable":true,"href":"https:\/\/www.encontracentrosaopaulo.com.br\/sobre\/wp-json\/wp\/v2\/tags?post=888"}],"curies":[{"name":"wp","href":"https:\/\/api.w.org\/{rel}","templated":true}]}}