{"id":891,"date":"2012-08-28T15:04:11","date_gmt":"2012-08-28T17:04:11","guid":{"rendered":"http:\/\/www.encontracentrosaopaulo.com.br\/noticias\/?p=891"},"modified":"2019-04-29T16:22:23","modified_gmt":"2019-04-29T19:22:23","slug":"centro-recebe-iii-encontro-de-representantes-regionais-de-museus-nos-dias-30-e-31-de-agosto","status":"publish","type":"post","link":"https:\/\/www.encontracentrosaopaulo.com.br\/sobre\/centro-recebe-iii-encontro-de-representantes-regionais-de-museus-nos-dias-30-e-31-de-agosto\/","title":{"rendered":"Centro recebe III Encontro de Representantes Regionais de Museus nos dias 30 e 31 de agosto"},"content":{"rendered":"<div class=\"d6585b5127f45a35450431d0abc3f90c\" data-index=\"1\" style=\"float: none; margin:0px;\">\n<!-- Anuncio display - global -->\r\n<ins class=\"adsbygoogle\"\r\n     style=\"display:block\"\r\n     data-ad-client=\"ca-pub-8585364105181520\"\r\n     data-ad-slot=\"8789329856\"\r\n     data-ad-format=\"auto\"\r\n     data-full-width-responsive=\"true\"><\/ins>\r\n<script>\r\n     (adsbygoogle = window.adsbygoogle || []).push({});\r\n<\/script>\n<\/div>\n<p>A Secretaria de Estado da Cultura, por meio do Sistema Estadual de  Museus (Sisem-SP), promove o terceiro Encontro de Representantes  Regionais, nos dias 30 e 31 de agosto. O evento no <a title=\"Museu da L\u00edngua Portuguesa\" href=\"http:\/\/www.encontracentrosaopaulo.com.br\/centro-sp\/museu-da-lingua-portuguesa-naluz.shtml\" target=\"_blank\">Museu da L\u00edngua  Portuguesa<\/a>, na cidade de S\u00e3o Paulo, reunir\u00e1 os coordenadores do SISEM das 15  regi\u00f5es administrativas do Estado e profissionais da \u00e1rea museol\u00f3gica.<\/p>\n<p>O encontro vai originar uma resolu\u00e7\u00e3o que  formalizar\u00e1 as representa\u00e7\u00f5es regionais com publica\u00e7\u00e3o no Di\u00e1rio Oficial  do Estado de S\u00e3o Paulo.<\/p>\n<p>A programa\u00e7\u00e3o trar\u00e1, ainda, uma discuss\u00e3o  sobre as estrat\u00e9gias de a\u00e7\u00e3o cultural no \u00e2mbito municipal, a divulga\u00e7\u00e3o  das demandas regionais para 2013, a consolida\u00e7\u00e3o do plano de trabalho e  cronograma das atividades de 2012 a 2014, a defini\u00e7\u00e3o do tema e proposta  de tarefas para o 5\u00ba Encontro Paulista de Museus, entre outros  assuntos.<br \/>\n<strong><br \/>\nSistema Estadual de Museus<\/strong><\/p>\n<p>O  SISEM-SP re\u00fane e articula todos os museus do Estado em busca de  promover o desenvolvimento e fortalecimento institucional. \u00c9 coordenado  pela Unidade de Preserva\u00e7\u00e3o do Patrim\u00f4nio Museol\u00f3gico da Secretaria de  Estado da Cultura (UPPM) e atualmente re\u00fane cerca de 415 institui\u00e7\u00f5es,  p\u00fablicas e privadas, de 190 munic\u00edpios.<\/p>\n<p><em>Fonte: Portal do Governo do Estado<\/em><\/p>\n\n<div style=\"font-size: 0px; height: 0px; line-height: 0px; margin: 0; padding: 0; clear: both;\"><\/div>","protected":false},"excerpt":{"rendered":"<p>A Secretaria de Estado da Cultura, por meio do Sistema Estadual de Museus (Sisem-SP), promove o terceiro Encontro de Representantes Regionais, nos dias 30 e 31 de agosto. O evento no Museu da L\u00edngua Portuguesa, na cidade de S\u00e3o Paulo, reunir\u00e1 os coordenadores do SISEM das 15 regi\u00f5es administrativas do Estado e profissionais da \u00e1rea museol\u00f3gica. O encontro vai originar uma resolu\u00e7\u00e3o que formalizar\u00e1 as representa\u00e7\u00f5es regionais com publica\u00e7\u00e3o no Di\u00e1rio Oficial do Estado de S\u00e3o Paulo. A programa\u00e7\u00e3o trar\u00e1, ainda, uma discuss\u00e3o sobre as estrat\u00e9gias de a\u00e7\u00e3o cultural no \u00e2mbito municipal, a divulga\u00e7\u00e3o das demandas regionais para 2013, a <\/p>\n","protected":false},"author":1,"featured_media":0,"comment_status":"open","ping_status":"closed","sticky":false,"template":"","format":"standard","meta":{"footnotes":""},"categories":[6],"tags":[],"class_list":["post-891","post","type-post","status-publish","format-standard","hentry","category-noticias-no-centro-sp"],"aioseo_notices":[],"_links":{"self":[{"href":"https:\/\/www.encontracentrosaopaulo.com.br\/sobre\/wp-json\/wp\/v2\/posts\/891","targetHints":{"allow":["GET"]}}],"collection":[{"href":"https:\/\/www.encontracentrosaopaulo.com.br\/sobre\/wp-json\/wp\/v2\/posts"}],"about":[{"href":"https:\/\/www.encontracentrosaopaulo.com.br\/sobre\/wp-json\/wp\/v2\/types\/post"}],"author":[{"embeddable":true,"href":"https:\/\/www.encontracentrosaopaulo.com.br\/sobre\/wp-json\/wp\/v2\/users\/1"}],"replies":[{"embeddable":true,"href":"https:\/\/www.encontracentrosaopaulo.com.br\/sobre\/wp-json\/wp\/v2\/comments?post=891"}],"version-history":[{"count":0,"href":"https:\/\/www.encontracentrosaopaulo.com.br\/sobre\/wp-json\/wp\/v2\/posts\/891\/revisions"}],"wp:attachment":[{"href":"https:\/\/www.encontracentrosaopaulo.com.br\/sobre\/wp-json\/wp\/v2\/media?parent=891"}],"wp:term":[{"taxonomy":"category","embeddable":true,"href":"https:\/\/www.encontracentrosaopaulo.com.br\/sobre\/wp-json\/wp\/v2\/categories?post=891"},{"taxonomy":"post_tag","embeddable":true,"href":"https:\/\/www.encontracentrosaopaulo.com.br\/sobre\/wp-json\/wp\/v2\/tags?post=891"}],"curies":[{"name":"wp","href":"https:\/\/api.w.org\/{rel}","templated":true}]}}