{"id":912,"date":"2012-09-10T16:25:07","date_gmt":"2012-09-10T18:25:07","guid":{"rendered":"http:\/\/www.encontracentrosaopaulo.com.br\/noticias\/?p=912"},"modified":"2019-04-29T16:22:23","modified_gmt":"2019-04-29T19:22:23","slug":"edificio-garagem-no-centro-de-sp-dara-lugar-a-shopping","status":"publish","type":"post","link":"https:\/\/www.encontracentrosaopaulo.com.br\/sobre\/edificio-garagem-no-centro-de-sp-dara-lugar-a-shopping\/","title":{"rendered":"Edif\u00edcio-garagem no Centro de SP dar\u00e1 lugar a shopping"},"content":{"rendered":"<div class=\"d6585b5127f45a35450431d0abc3f90c\" data-index=\"1\" style=\"float: none; margin:0px;\">\n<!-- Anuncio display - global -->\r\n<ins class=\"adsbygoogle\"\r\n     style=\"display:block\"\r\n     data-ad-client=\"ca-pub-8585364105181520\"\r\n     data-ad-slot=\"8789329856\"\r\n     data-ad-format=\"auto\"\r\n     data-full-width-responsive=\"true\"><\/ins>\r\n<script>\r\n     (adsbygoogle = window.adsbygoogle || []).push({});\r\n<\/script>\n<\/div>\n<p>Um edif\u00edcio-garagem de 31 andares localizado na Rua 25 de Mar\u00e7o ser\u00e1 desapropriado pela Prefeitura, como parte do projeto de recupera\u00e7\u00e3o na regi\u00e3o central de S\u00e3o Paulo. O pr\u00e9dio \u00e9 considerado um \u201cobst\u00e1culo visual\u201d entre a v\u00e1rzea do Rio Tamanduate\u00ed e a chamada colina hist\u00f3rica, onde fica o <a title=\"Pateo do Collegio\" href=\"http:\/\/www.encontracentrosaopaulo.com.br\/centro-sp\/patio-do-colegio-no-centro.shtml\" target=\"_blank\">Pateo do Collegio<\/a> e a Catedral da S\u00e9. No terreno, ser\u00e1 erguido um shopping popular.<\/p>\n<p>O im\u00f3vel ser\u00e1 bem mais baixo &#8211; os pr\u00e9dios vizinhos t\u00eam, no m\u00e1ximo, quatro andares. Segundo a Prefeitura, ainda ser\u00e3o feitos estudos para definir o projeto, mas j\u00e1 est\u00e1 previsto um mirante, com vista para a colina hist\u00f3rica, e um setor de bares e restaurantes.<\/p>\n<p>O centro de compras ter\u00e1 10 mil metros quadrados, divididos em um subsolo e mais tr\u00eas pavimentos. \u201cA galeria abrigar\u00e1 espa\u00e7os para a instala\u00e7\u00e3o de boxes comerciais de portes variados\u201d, informa a Prefeitura por meio de nota. N\u00e3o h\u00e1 prazo para o in\u00edcio da obra, que est\u00e1 inserida na segunda fase de revitaliza\u00e7\u00e3o do Parque Dom Pedro II. A primeira j\u00e1 foi iniciada, com a demoli\u00e7\u00e3o dos Edif\u00edcios S\u00e3o Vito e Merc\u00fario. A desapropria\u00e7\u00e3o deve custar cerca de R$ 5 milh\u00f5es.<\/p>\n<p>O Garage Parque 25 foi constru\u00eddo no anos 1980. Al\u00e9m de oferecer 630 vagas de estacionamento, ele abriga, no t\u00e9rreo, lojas de roupas e bijuterias. O plano municipal prev\u00ea a cria\u00e7\u00e3o de 2.600 vagas &#8211; parte delas em uma garagem subterr\u00e2nea na Pra\u00e7a Fernando Costa.<\/p>\n<p>Apesar da decis\u00e3o da <a title=\"Prefeitura de S\u00e3o Paulo\" href=\"http:\/\/www.encontracentrosaopaulo.com.br\/centro-sp\/prefeitura-de-sao-paulo-no-centro.shtml\" target=\"_blank\">Prefeitura de S\u00e3o Paulo<\/a>, muitos comerciantes desconheciam o projeto. \u201cFaz uns dois anos que come\u00e7aram a falar de desapropria\u00e7\u00e3o aqui, mas isso a\u00ed deu uma parada. Acho que j\u00e1 desistiram\u201d, diz a balconista Carmen de Oliveira, de 31 anos.<\/p>\n<p><em>Fonte: Yahoo <\/em><\/p>\n\n<div style=\"font-size: 0px; height: 0px; line-height: 0px; margin: 0; padding: 0; clear: both;\"><\/div>","protected":false},"excerpt":{"rendered":"<p>Um edif\u00edcio-garagem de 31 andares localizado na Rua 25 de Mar\u00e7o ser\u00e1 desapropriado pela Prefeitura, como parte do projeto de recupera\u00e7\u00e3o na regi\u00e3o central de S\u00e3o Paulo. O pr\u00e9dio \u00e9 considerado um \u201cobst\u00e1culo visual\u201d entre a v\u00e1rzea do Rio Tamanduate\u00ed e a chamada colina hist\u00f3rica, onde fica o Pateo do Collegio e a Catedral da S\u00e9. No terreno, ser\u00e1 erguido um shopping popular. O im\u00f3vel ser\u00e1 bem mais baixo &#8211; os pr\u00e9dios vizinhos t\u00eam, no m\u00e1ximo, quatro andares. Segundo a Prefeitura, ainda ser\u00e3o feitos estudos para definir o projeto, mas j\u00e1 est\u00e1 previsto um mirante, com vista para a colina <\/p>\n","protected":false},"author":1,"featured_media":0,"comment_status":"open","ping_status":"closed","sticky":false,"template":"","format":"standard","meta":{"footnotes":""},"categories":[6],"tags":[],"class_list":["post-912","post","type-post","status-publish","format-standard","hentry","category-noticias-no-centro-sp"],"aioseo_notices":[],"aioseo_head":"\n\t\t<!-- All in One SEO 5.0.0.1 - aioseo.com -->\n\t<meta name=\"description\" content=\"Um edif\u00edcio-garagem de 31 andares localizado na Rua 25 de Mar\u00e7o ser\u00e1 desapropriado pela Prefeitura, como parte do projeto de recupera\u00e7\u00e3o na regi\u00e3o central de S\u00e3o Paulo. O pr\u00e9dio \u00e9 considerado um \u201cobst\u00e1culo visual\u201d entre a v\u00e1rzea do Rio Tamanduate\u00ed e a chamada colina hist\u00f3rica, onde fica o Pateo do Collegio e a Catedral da\" \/>\n\t<meta name=\"robots\" content=\"max-image-preview:large\" \/>\n\t<meta name=\"author\" content=\"Encontra Centro SP\"\/>\n\t<link rel=\"canonical\" href=\"https:\/\/www.encontracentrosaopaulo.com.br\/sobre\/edificio-garagem-no-centro-de-sp-dara-lugar-a-shopping\/\" \/>\n\t<meta name=\"generator\" content=\"All in One SEO (AIOSEO) 5.0.0.1\" \/>\n\t\t<meta property=\"og:locale\" content=\"pt_BR\" \/>\n\t\t<meta property=\"og:site_name\" content=\"Encontra Centro SP | Not\u00edcias, eventos, informa\u00e7\u00f5es e dicas na cidade de Centro SP e regi\u00e3o.\" \/>\n\t\t<meta property=\"og:type\" content=\"article\" \/>\n\t\t<meta property=\"og:title\" content=\"Edif\u00edcio-garagem no Centro de SP dar\u00e1 lugar a shopping | Encontra Centro SP\" \/>\n\t\t<meta property=\"og:description\" content=\"Um edif\u00edcio-garagem de 31 andares localizado na Rua 25 de Mar\u00e7o ser\u00e1 desapropriado pela Prefeitura, como parte do projeto de recupera\u00e7\u00e3o na regi\u00e3o central de S\u00e3o Paulo. O pr\u00e9dio \u00e9 considerado um \u201cobst\u00e1culo visual\u201d entre a v\u00e1rzea do Rio Tamanduate\u00ed e a chamada colina hist\u00f3rica, onde fica o Pateo do Collegio e a Catedral da\" \/>\n\t\t<meta property=\"og:url\" content=\"https:\/\/www.encontracentrosaopaulo.com.br\/sobre\/edificio-garagem-no-centro-de-sp-dara-lugar-a-shopping\/\" \/>\n\t\t<meta property=\"article:published_time\" content=\"2012-09-10T18:25:07+00:00\" \/>\n\t\t<meta property=\"article:modified_time\" content=\"2019-04-29T19:22:23+00:00\" \/>\n\t\t<meta name=\"twitter:card\" content=\"summary\" \/>\n\t\t<meta name=\"twitter:title\" content=\"Edif\u00edcio-garagem no Centro de SP dar\u00e1 lugar a shopping | Encontra Centro SP\" \/>\n\t\t<meta name=\"twitter:description\" content=\"Um edif\u00edcio-garagem de 31 andares localizado na Rua 25 de Mar\u00e7o ser\u00e1 desapropriado pela Prefeitura, como parte do projeto de recupera\u00e7\u00e3o na regi\u00e3o central de S\u00e3o Paulo. O pr\u00e9dio \u00e9 considerado um \u201cobst\u00e1culo visual\u201d entre a v\u00e1rzea do Rio Tamanduate\u00ed e a chamada colina hist\u00f3rica, onde fica o Pateo do Collegio e a Catedral da\" \/>\n\t\t<script type=\"application\/ld+json\" class=\"aioseo-schema\">\n\t\t\t{\"@context\":\"https:\\\/\\\/schema.org\",\"@graph\":[{\"@type\":\"Article\",\"@id\":\"https:\\\/\\\/www.encontracentrosaopaulo.com.br\\\/sobre\\\/edificio-garagem-no-centro-de-sp-dara-lugar-a-shopping\\\/#article\",\"name\":\"Edif\\u00edcio-garagem no Centro de SP dar\\u00e1 lugar a shopping | Encontra Centro SP\",\"headline\":\"Edif\\u00edcio-garagem no Centro de SP dar\\u00e1 lugar a shopping\",\"author\":{\"@id\":\"https:\\\/\\\/www.encontracentrosaopaulo.com.br\\\/sobre\\\/author\\\/ecentrosaopaulo\\\/#author\"},\"publisher\":{\"@id\":\"https:\\\/\\\/www.encontracentrosaopaulo.com.br\\\/sobre\\\/#organization\"},\"datePublished\":\"2012-09-10T16:25:07-03:00\",\"dateModified\":\"2019-04-29T16:22:23-03:00\",\"inLanguage\":\"pt-BR\",\"mainEntityOfPage\":{\"@id\":\"https:\\\/\\\/www.encontracentrosaopaulo.com.br\\\/sobre\\\/edificio-garagem-no-centro-de-sp-dara-lugar-a-shopping\\\/#webpage\"},\"isPartOf\":{\"@id\":\"https:\\\/\\\/www.encontracentrosaopaulo.com.br\\\/sobre\\\/edificio-garagem-no-centro-de-sp-dara-lugar-a-shopping\\\/#webpage\"},\"articleSection\":\"Not\\u00edcias Centro SP\"},{\"@type\":\"BreadcrumbList\",\"@id\":\"https:\\\/\\\/www.encontracentrosaopaulo.com.br\\\/sobre\\\/edificio-garagem-no-centro-de-sp-dara-lugar-a-shopping\\\/#breadcrumblist\",\"itemListElement\":[{\"@type\":\"ListItem\",\"@id\":\"https:\\\/\\\/www.encontracentrosaopaulo.com.br\\\/sobre#listItem\",\"position\":1,\"name\":\"In\\u00edcio\",\"item\":\"https:\\\/\\\/www.encontracentrosaopaulo.com.br\\\/sobre\",\"nextItem\":{\"@type\":\"ListItem\",\"@id\":\"https:\\\/\\\/www.encontracentrosaopaulo.com.br\\\/sobre\\\/noticias-no-centro-sp\\\/#listItem\",\"name\":\"Not\\u00edcias Centro SP\"}},{\"@type\":\"ListItem\",\"@id\":\"https:\\\/\\\/www.encontracentrosaopaulo.com.br\\\/sobre\\\/noticias-no-centro-sp\\\/#listItem\",\"position\":2,\"name\":\"Not\\u00edcias Centro SP\",\"item\":\"https:\\\/\\\/www.encontracentrosaopaulo.com.br\\\/sobre\\\/noticias-no-centro-sp\\\/\",\"nextItem\":{\"@type\":\"ListItem\",\"@id\":\"https:\\\/\\\/www.encontracentrosaopaulo.com.br\\\/sobre\\\/edificio-garagem-no-centro-de-sp-dara-lugar-a-shopping\\\/#listItem\",\"name\":\"Edif\\u00edcio-garagem no Centro de SP dar\\u00e1 lugar a shopping\"},\"previousItem\":{\"@type\":\"ListItem\",\"@id\":\"https:\\\/\\\/www.encontracentrosaopaulo.com.br\\\/sobre#listItem\",\"name\":\"In\\u00edcio\"}},{\"@type\":\"ListItem\",\"@id\":\"https:\\\/\\\/www.encontracentrosaopaulo.com.br\\\/sobre\\\/edificio-garagem-no-centro-de-sp-dara-lugar-a-shopping\\\/#listItem\",\"position\":3,\"name\":\"Edif\\u00edcio-garagem no Centro de SP dar\\u00e1 lugar a shopping\",\"previousItem\":{\"@type\":\"ListItem\",\"@id\":\"https:\\\/\\\/www.encontracentrosaopaulo.com.br\\\/sobre\\\/noticias-no-centro-sp\\\/#listItem\",\"name\":\"Not\\u00edcias Centro SP\"}}]},{\"@type\":\"Organization\",\"@id\":\"https:\\\/\\\/www.encontracentrosaopaulo.com.br\\\/sobre\\\/#organization\",\"name\":\"Encontra Centro SP\",\"description\":\"Not\\u00edcias, eventos, informa\\u00e7\\u00f5es e dicas na cidade de Centro SP e regi\\u00e3o.\",\"url\":\"https:\\\/\\\/www.encontracentrosaopaulo.com.br\\\/sobre\\\/\"},{\"@type\":\"Person\",\"@id\":\"https:\\\/\\\/www.encontracentrosaopaulo.com.br\\\/sobre\\\/author\\\/ecentrosaopaulo\\\/#author\",\"url\":\"https:\\\/\\\/www.encontracentrosaopaulo.com.br\\\/sobre\\\/author\\\/ecentrosaopaulo\\\/\",\"name\":\"Encontra Centro SP\",\"image\":{\"@type\":\"ImageObject\",\"@id\":\"https:\\\/\\\/www.encontracentrosaopaulo.com.br\\\/sobre\\\/edificio-garagem-no-centro-de-sp-dara-lugar-a-shopping\\\/#authorImage\",\"url\":\"https:\\\/\\\/secure.gravatar.com\\\/avatar\\\/507340682b8270222e1f208e23198b6ae7e2c6a1033ae84e99bc6bce4f82a387?s=96&d=mm&r=g\",\"width\":96,\"height\":96,\"caption\":\"Encontra Centro SP\"}},{\"@type\":\"WebPage\",\"@id\":\"https:\\\/\\\/www.encontracentrosaopaulo.com.br\\\/sobre\\\/edificio-garagem-no-centro-de-sp-dara-lugar-a-shopping\\\/#webpage\",\"url\":\"https:\\\/\\\/www.encontracentrosaopaulo.com.br\\\/sobre\\\/edificio-garagem-no-centro-de-sp-dara-lugar-a-shopping\\\/\",\"name\":\"Edif\\u00edcio-garagem no Centro de SP dar\\u00e1 lugar a shopping | Encontra Centro SP\",\"description\":\"Um edif\\u00edcio-garagem de 31 andares localizado na Rua 25 de Mar\\u00e7o ser\\u00e1 desapropriado pela Prefeitura, como parte do projeto de recupera\\u00e7\\u00e3o na regi\\u00e3o central de S\\u00e3o Paulo. O pr\\u00e9dio \\u00e9 considerado um \\u201cobst\\u00e1culo visual\\u201d entre a v\\u00e1rzea do Rio Tamanduate\\u00ed e a chamada colina hist\\u00f3rica, onde fica o Pateo do Collegio e a Catedral da\",\"inLanguage\":\"pt-BR\",\"isPartOf\":{\"@id\":\"https:\\\/\\\/www.encontracentrosaopaulo.com.br\\\/sobre\\\/#website\"},\"breadcrumb\":{\"@id\":\"https:\\\/\\\/www.encontracentrosaopaulo.com.br\\\/sobre\\\/edificio-garagem-no-centro-de-sp-dara-lugar-a-shopping\\\/#breadcrumblist\"},\"author\":{\"@id\":\"https:\\\/\\\/www.encontracentrosaopaulo.com.br\\\/sobre\\\/author\\\/ecentrosaopaulo\\\/#author\"},\"creator\":{\"@id\":\"https:\\\/\\\/www.encontracentrosaopaulo.com.br\\\/sobre\\\/author\\\/ecentrosaopaulo\\\/#author\"},\"datePublished\":\"2012-09-10T16:25:07-03:00\",\"dateModified\":\"2019-04-29T16:22:23-03:00\"},{\"@type\":\"WebSite\",\"@id\":\"https:\\\/\\\/www.encontracentrosaopaulo.com.br\\\/sobre\\\/#website\",\"url\":\"https:\\\/\\\/www.encontracentrosaopaulo.com.br\\\/sobre\\\/\",\"name\":\"Encontra Centro SP\",\"description\":\"Not\\u00edcias, eventos, informa\\u00e7\\u00f5es e dicas na cidade de Centro SP e regi\\u00e3o.\",\"inLanguage\":\"pt-BR\",\"publisher\":{\"@id\":\"https:\\\/\\\/www.encontracentrosaopaulo.com.br\\\/sobre\\\/#organization\"}}]}\n\t\t<\/script>\n\t\t<!-- All in One SEO -->\n\n","aioseo_head_json":{"title":"Edif\u00edcio-garagem no Centro de SP dar\u00e1 lugar a shopping | Encontra Centro SP","description":"Um edif\u00edcio-garagem de 31 andares localizado na Rua 25 de Mar\u00e7o ser\u00e1 desapropriado pela Prefeitura, como parte do projeto de recupera\u00e7\u00e3o na regi\u00e3o central de S\u00e3o Paulo. O pr\u00e9dio \u00e9 considerado um \u201cobst\u00e1culo visual\u201d entre a v\u00e1rzea do Rio Tamanduate\u00ed e a chamada colina hist\u00f3rica, onde fica o Pateo do Collegio e a Catedral da","canonical_url":"https:\/\/www.encontracentrosaopaulo.com.br\/sobre\/edificio-garagem-no-centro-de-sp-dara-lugar-a-shopping\/","robots":"max-image-preview:large","keywords":"","webmasterTools":{"miscellaneous":""},"schema":{"@context":"https:\/\/schema.org","@graph":[{"@type":"Article","@id":"https:\/\/www.encontracentrosaopaulo.com.br\/sobre\/edificio-garagem-no-centro-de-sp-dara-lugar-a-shopping\/#article","name":"Edif\u00edcio-garagem no Centro de SP dar\u00e1 lugar a shopping | Encontra Centro SP","headline":"Edif\u00edcio-garagem no Centro de SP dar\u00e1 lugar a shopping","author":{"@id":"https:\/\/www.encontracentrosaopaulo.com.br\/sobre\/author\/ecentrosaopaulo\/#author"},"publisher":{"@id":"https:\/\/www.encontracentrosaopaulo.com.br\/sobre\/#organization"},"datePublished":"2012-09-10T16:25:07-03:00","dateModified":"2019-04-29T16:22:23-03:00","inLanguage":"pt-BR","mainEntityOfPage":{"@id":"https:\/\/www.encontracentrosaopaulo.com.br\/sobre\/edificio-garagem-no-centro-de-sp-dara-lugar-a-shopping\/#webpage"},"isPartOf":{"@id":"https:\/\/www.encontracentrosaopaulo.com.br\/sobre\/edificio-garagem-no-centro-de-sp-dara-lugar-a-shopping\/#webpage"},"articleSection":"Not\u00edcias Centro SP"},{"@type":"BreadcrumbList","@id":"https:\/\/www.encontracentrosaopaulo.com.br\/sobre\/edificio-garagem-no-centro-de-sp-dara-lugar-a-shopping\/#breadcrumblist","itemListElement":[{"@type":"ListItem","@id":"https:\/\/www.encontracentrosaopaulo.com.br\/sobre#listItem","position":1,"name":"In\u00edcio","item":"https:\/\/www.encontracentrosaopaulo.com.br\/sobre","nextItem":{"@type":"ListItem","@id":"https:\/\/www.encontracentrosaopaulo.com.br\/sobre\/noticias-no-centro-sp\/#listItem","name":"Not\u00edcias Centro SP"}},{"@type":"ListItem","@id":"https:\/\/www.encontracentrosaopaulo.com.br\/sobre\/noticias-no-centro-sp\/#listItem","position":2,"name":"Not\u00edcias Centro SP","item":"https:\/\/www.encontracentrosaopaulo.com.br\/sobre\/noticias-no-centro-sp\/","nextItem":{"@type":"ListItem","@id":"https:\/\/www.encontracentrosaopaulo.com.br\/sobre\/edificio-garagem-no-centro-de-sp-dara-lugar-a-shopping\/#listItem","name":"Edif\u00edcio-garagem no Centro de SP dar\u00e1 lugar a shopping"},"previousItem":{"@type":"ListItem","@id":"https:\/\/www.encontracentrosaopaulo.com.br\/sobre#listItem","name":"In\u00edcio"}},{"@type":"ListItem","@id":"https:\/\/www.encontracentrosaopaulo.com.br\/sobre\/edificio-garagem-no-centro-de-sp-dara-lugar-a-shopping\/#listItem","position":3,"name":"Edif\u00edcio-garagem no Centro de SP dar\u00e1 lugar a shopping","previousItem":{"@type":"ListItem","@id":"https:\/\/www.encontracentrosaopaulo.com.br\/sobre\/noticias-no-centro-sp\/#listItem","name":"Not\u00edcias Centro SP"}}]},{"@type":"Organization","@id":"https:\/\/www.encontracentrosaopaulo.com.br\/sobre\/#organization","name":"Encontra Centro SP","description":"Not\u00edcias, eventos, informa\u00e7\u00f5es e dicas na cidade de Centro SP e regi\u00e3o.","url":"https:\/\/www.encontracentrosaopaulo.com.br\/sobre\/"},{"@type":"Person","@id":"https:\/\/www.encontracentrosaopaulo.com.br\/sobre\/author\/ecentrosaopaulo\/#author","url":"https:\/\/www.encontracentrosaopaulo.com.br\/sobre\/author\/ecentrosaopaulo\/","name":"Encontra Centro SP","image":{"@type":"ImageObject","@id":"https:\/\/www.encontracentrosaopaulo.com.br\/sobre\/edificio-garagem-no-centro-de-sp-dara-lugar-a-shopping\/#authorImage","url":"https:\/\/secure.gravatar.com\/avatar\/507340682b8270222e1f208e23198b6ae7e2c6a1033ae84e99bc6bce4f82a387?s=96&d=mm&r=g","width":96,"height":96,"caption":"Encontra Centro SP"}},{"@type":"WebPage","@id":"https:\/\/www.encontracentrosaopaulo.com.br\/sobre\/edificio-garagem-no-centro-de-sp-dara-lugar-a-shopping\/#webpage","url":"https:\/\/www.encontracentrosaopaulo.com.br\/sobre\/edificio-garagem-no-centro-de-sp-dara-lugar-a-shopping\/","name":"Edif\u00edcio-garagem no Centro de SP dar\u00e1 lugar a shopping | Encontra Centro SP","description":"Um edif\u00edcio-garagem de 31 andares localizado na Rua 25 de Mar\u00e7o ser\u00e1 desapropriado pela Prefeitura, como parte do projeto de recupera\u00e7\u00e3o na regi\u00e3o central de S\u00e3o Paulo. O pr\u00e9dio \u00e9 considerado um \u201cobst\u00e1culo visual\u201d entre a v\u00e1rzea do Rio Tamanduate\u00ed e a chamada colina hist\u00f3rica, onde fica o Pateo do Collegio e a Catedral da","inLanguage":"pt-BR","isPartOf":{"@id":"https:\/\/www.encontracentrosaopaulo.com.br\/sobre\/#website"},"breadcrumb":{"@id":"https:\/\/www.encontracentrosaopaulo.com.br\/sobre\/edificio-garagem-no-centro-de-sp-dara-lugar-a-shopping\/#breadcrumblist"},"author":{"@id":"https:\/\/www.encontracentrosaopaulo.com.br\/sobre\/author\/ecentrosaopaulo\/#author"},"creator":{"@id":"https:\/\/www.encontracentrosaopaulo.com.br\/sobre\/author\/ecentrosaopaulo\/#author"},"datePublished":"2012-09-10T16:25:07-03:00","dateModified":"2019-04-29T16:22:23-03:00"},{"@type":"WebSite","@id":"https:\/\/www.encontracentrosaopaulo.com.br\/sobre\/#website","url":"https:\/\/www.encontracentrosaopaulo.com.br\/sobre\/","name":"Encontra Centro SP","description":"Not\u00edcias, eventos, informa\u00e7\u00f5es e dicas na cidade de Centro SP e regi\u00e3o.","inLanguage":"pt-BR","publisher":{"@id":"https:\/\/www.encontracentrosaopaulo.com.br\/sobre\/#organization"}}]},"og:locale":"pt_BR","og:site_name":"Encontra Centro SP | Not\u00edcias, eventos, informa\u00e7\u00f5es e dicas na cidade de Centro SP e regi\u00e3o.","og:type":"article","og:title":"Edif\u00edcio-garagem no Centro de SP dar\u00e1 lugar a shopping | Encontra Centro SP","og:description":"Um edif\u00edcio-garagem de 31 andares localizado na Rua 25 de Mar\u00e7o ser\u00e1 desapropriado pela Prefeitura, como parte do projeto de recupera\u00e7\u00e3o na regi\u00e3o central de S\u00e3o Paulo. O pr\u00e9dio \u00e9 considerado um \u201cobst\u00e1culo visual\u201d entre a v\u00e1rzea do Rio Tamanduate\u00ed e a chamada colina hist\u00f3rica, onde fica o Pateo do Collegio e a Catedral da","og:url":"https:\/\/www.encontracentrosaopaulo.com.br\/sobre\/edificio-garagem-no-centro-de-sp-dara-lugar-a-shopping\/","article:published_time":"2012-09-10T18:25:07+00:00","article:modified_time":"2019-04-29T19:22:23+00:00","twitter:card":"summary","twitter:title":"Edif\u00edcio-garagem no Centro de SP dar\u00e1 lugar a shopping | Encontra Centro SP","twitter:description":"Um edif\u00edcio-garagem de 31 andares localizado na Rua 25 de Mar\u00e7o ser\u00e1 desapropriado pela Prefeitura, como parte do projeto de recupera\u00e7\u00e3o na regi\u00e3o central de S\u00e3o Paulo. O pr\u00e9dio \u00e9 considerado um \u201cobst\u00e1culo visual\u201d entre a v\u00e1rzea do Rio Tamanduate\u00ed e a chamada colina hist\u00f3rica, onde fica o Pateo do Collegio e a Catedral da"},"aioseo_meta_data":{"post_id":"912","title":null,"description":null,"keywords":null,"keyphrases":null,"primary_term":null,"canonical_url":null,"og_title":null,"og_description":null,"og_object_type":"default","og_image_type":"default","og_image_url":null,"og_image_width":null,"og_image_height":null,"og_image_custom_url":null,"og_image_custom_fields":null,"og_video":null,"og_custom_url":null,"og_article_section":null,"og_article_tags":null,"twitter_use_og":false,"twitter_card":"default","twitter_image_type":"default","twitter_image_url":null,"twitter_image_custom_url":null,"twitter_image_custom_fields":null,"twitter_title":null,"twitter_description":null,"schema":{"blockGraphs":[],"customGraphs":[],"default":{"data":{"Article":[],"Course":[],"Dataset":[],"FAQPage":[],"Movie":[],"Person":[],"Product":[],"ProductReview":[],"Car":[],"Recipe":[],"Service":[],"SoftwareApplication":[],"WebPage":[]},"graphName":"Article","isEnabled":true},"graphs":[]},"schema_type":null,"schema_type_options":null,"pillar_content":false,"robots_default":true,"robots_noindex":false,"robots_noarchive":false,"robots_nosnippet":false,"robots_nofollow":false,"robots_noimageindex":false,"robots_noodp":false,"robots_notranslate":false,"robots_max_snippet":null,"robots_max_videopreview":null,"robots_max_imagepreview":"large","priority":null,"frequency":null,"local_seo":null,"breadcrumb_settings":null,"limit_modified_date":false,"ai":null,"created":"2021-01-18 19:02:55","updated":"2025-11-14 21:24:06","seo_analyzer_scan_date":null,"focus_keyword":null,"additional_keywords":null,"truseo_locale":null},"aioseo_breadcrumb":"<div class=\"aioseo-breadcrumbs\"><span class=\"aioseo-breadcrumb\">\n\t\t\t<a href=\"https:\/\/www.encontracentrosaopaulo.com.br\/sobre\" title=\"In\u00edcio\">In\u00edcio<\/a>\n\t\t<\/span><span class=\"aioseo-breadcrumb-separator\">&raquo;<\/span><span class=\"aioseo-breadcrumb\">\n\t\t\t<a href=\"https:\/\/www.encontracentrosaopaulo.com.br\/sobre\/noticias-no-centro-sp\/\" title=\"Not\u00edcias Centro SP\">Not\u00edcias Centro SP<\/a>\n\t\t<\/span><span class=\"aioseo-breadcrumb-separator\">&raquo;<\/span><span class=\"aioseo-breadcrumb\">\n\t\t\tEdif\u00edcio-garagem no Centro de SP dar\u00e1 lugar a shopping\n\t\t<\/span><\/div>","aioseo_breadcrumb_json":[{"label":"In\u00edcio","link":"https:\/\/www.encontracentrosaopaulo.com.br\/sobre"},{"label":"Not\u00edcias Centro SP","link":"https:\/\/www.encontracentrosaopaulo.com.br\/sobre\/noticias-no-centro-sp\/"},{"label":"Edif\u00edcio-garagem no Centro de SP dar\u00e1 lugar a shopping","link":"https:\/\/www.encontracentrosaopaulo.com.br\/sobre\/edificio-garagem-no-centro-de-sp-dara-lugar-a-shopping\/"}],"_links":{"self":[{"href":"https:\/\/www.encontracentrosaopaulo.com.br\/sobre\/wp-json\/wp\/v2\/posts\/912","targetHints":{"allow":["GET"]}}],"collection":[{"href":"https:\/\/www.encontracentrosaopaulo.com.br\/sobre\/wp-json\/wp\/v2\/posts"}],"about":[{"href":"https:\/\/www.encontracentrosaopaulo.com.br\/sobre\/wp-json\/wp\/v2\/types\/post"}],"author":[{"embeddable":true,"href":"https:\/\/www.encontracentrosaopaulo.com.br\/sobre\/wp-json\/wp\/v2\/users\/1"}],"replies":[{"embeddable":true,"href":"https:\/\/www.encontracentrosaopaulo.com.br\/sobre\/wp-json\/wp\/v2\/comments?post=912"}],"version-history":[{"count":0,"href":"https:\/\/www.encontracentrosaopaulo.com.br\/sobre\/wp-json\/wp\/v2\/posts\/912\/revisions"}],"wp:attachment":[{"href":"https:\/\/www.encontracentrosaopaulo.com.br\/sobre\/wp-json\/wp\/v2\/media?parent=912"}],"wp:term":[{"taxonomy":"category","embeddable":true,"href":"https:\/\/www.encontracentrosaopaulo.com.br\/sobre\/wp-json\/wp\/v2\/categories?post=912"},{"taxonomy":"post_tag","embeddable":true,"href":"https:\/\/www.encontracentrosaopaulo.com.br\/sobre\/wp-json\/wp\/v2\/tags?post=912"}],"curies":[{"name":"wp","href":"https:\/\/api.w.org\/{rel}","templated":true}]}}