{"id":981,"date":"2012-10-05T18:23:16","date_gmt":"2012-10-05T20:23:16","guid":{"rendered":"http:\/\/www.encontracentrosaopaulo.com.br\/noticias\/?p=981"},"modified":"2019-04-29T16:21:38","modified_gmt":"2019-04-29T19:21:38","slug":"galeria-olido-apresenta-a-arte-do-cinema-e-das-tatuagens","status":"publish","type":"post","link":"https:\/\/www.encontracentrosaopaulo.com.br\/sobre\/galeria-olido-apresenta-a-arte-do-cinema-e-das-tatuagens\/","title":{"rendered":"Galeria Olido apresenta a arte do cinema e das tatuagens"},"content":{"rendered":"<div class=\"d6585b5127f45a35450431d0abc3f90c\" data-index=\"1\" style=\"float: none; margin:0px;\">\n<!-- Anuncio display - global -->\r\n<ins class=\"adsbygoogle\"\r\n     style=\"display:block\"\r\n     data-ad-client=\"ca-pub-8585364105181520\"\r\n     data-ad-slot=\"8789329856\"\r\n     data-ad-format=\"auto\"\r\n     data-full-width-responsive=\"true\"><\/ins>\r\n<script>\r\n     (adsbygoogle = window.adsbygoogle || []).push({});\r\n<\/script>\n<\/div>\n<p>A Galeria Olido ser\u00e1 a sede de uma mostra especial de cinema que prestar\u00e1 uma homenagem aos 80 anos da morte do cineasta Joaquim Pedro de Andrade. Todos os seus 14 filmes foram restaurados e ser\u00e3o exibidos em 35 mm para o grande p\u00fablico.<\/p>\n<p>Conhecido pelo seu humor ir\u00f4nico, uma de suas obras mais conhecidas \u00e9 o filme Macuna\u00edma, de 1969, com a participa\u00e7\u00e3o dos atores Grande Otelo e Paulo Jos\u00e9.<\/p>\n<div>O que voc\u00ea pode esperar dos filmes de Joaquim Pedro de Andrade? Uma vis\u00e3o pol\u00edtica e cultural dos movimentos sociais antes de 1964, o golpe militar e a ditadura, al\u00e9m da oposi\u00e7\u00e3o da sociedade ao regime militar.<\/p>\n<p>E como tatuagem tamb\u00e9m \u00e9 arte, voc\u00ea pode se deliciar com a exposi\u00e7\u00e3o Na Pele- Grupos que se comunicam e se identificam pela tatuagem. Com curadoria de Paulo Tattoo, conhecido no meio como &#8220;tatuador das celebridades&#8221; e criador do Soul Tatoo Art &amp; Caf\u00e9, al\u00e9m das fotos, depoimentos e objetos, o espa\u00e7o exibe poesias e cita\u00e7\u00f5es sobre a arte de tatuar e apresenta as diferentes tribos urbanas, segundo as raz\u00f5es mais frequentes que levam cada grupo a se tatuar: amor, amizade, religi\u00e3o, vaidade, repara\u00e7\u00e3o cir\u00fargica, protesto, idolatria, impulso, amuleto, filosofia de vida, identidade tribal, identidade carcer\u00e1ria, lifestyle, ritos de passagem, afirma\u00e7\u00e3o do sexo, excentricidade, promessa, modismo.<\/p><\/div>\n<p><strong>Servi\u00e7o:<\/strong><\/p>\n<p><strong>O que: <\/strong> Retrospectiva Joaquim Pedro De Andrade.<br \/>\n<strong>Quando: <\/strong> 5 at\u00e9 11 de outubro.<br \/>\n<strong>Valor:<\/strong> R$ 1,00.<\/p>\n<p><strong>O que:<\/strong> Na Pele, Grupos que se comunicam e se identificam pela tatuagem<br \/>\n<strong>Data:<\/strong> At\u00e9 14 de dezembro.<br \/>\n<strong>Valor: <\/strong>Gratuito.<br \/>\n<strong>Local: <\/strong>Galeria Olido<br \/>\n<strong>Endere\u00e7o:<\/strong> Avenida S\u00e3o Jo\u00e3o, 473, Regi\u00e3o Central de SP<br \/>\n<strong>Informa\u00e7\u00f5es:<\/strong> (11) 3331-8399 e 3397-0171<\/p>\n<p><em>Fonte: Yahoo <\/em><\/p>\n\n<div style=\"font-size: 0px; height: 0px; line-height: 0px; margin: 0; padding: 0; clear: both;\"><\/div>","protected":false},"excerpt":{"rendered":"<p>A Galeria Olido ser\u00e1 a sede de uma mostra especial de cinema que prestar\u00e1 uma homenagem aos 80 anos da morte do cineasta Joaquim Pedro de Andrade. Todos os seus 14 filmes foram restaurados e ser\u00e3o exibidos em 35 mm para o grande p\u00fablico. Conhecido pelo seu humor ir\u00f4nico, uma de suas obras mais conhecidas \u00e9 o filme Macuna\u00edma, de 1969, com a participa\u00e7\u00e3o dos atores Grande Otelo e Paulo Jos\u00e9. O que voc\u00ea pode esperar dos filmes de Joaquim Pedro de Andrade? Uma vis\u00e3o pol\u00edtica e cultural dos movimentos sociais antes de 1964, o golpe militar e a ditadura, <\/p>\n","protected":false},"author":1,"featured_media":0,"comment_status":"open","ping_status":"closed","sticky":false,"template":"","format":"standard","meta":{"footnotes":""},"categories":[20],"tags":[],"class_list":["post-981","post","type-post","status-publish","format-standard","hentry","category-cultura-no-centro-sp"],"aioseo_notices":[],"_links":{"self":[{"href":"https:\/\/www.encontracentrosaopaulo.com.br\/sobre\/wp-json\/wp\/v2\/posts\/981","targetHints":{"allow":["GET"]}}],"collection":[{"href":"https:\/\/www.encontracentrosaopaulo.com.br\/sobre\/wp-json\/wp\/v2\/posts"}],"about":[{"href":"https:\/\/www.encontracentrosaopaulo.com.br\/sobre\/wp-json\/wp\/v2\/types\/post"}],"author":[{"embeddable":true,"href":"https:\/\/www.encontracentrosaopaulo.com.br\/sobre\/wp-json\/wp\/v2\/users\/1"}],"replies":[{"embeddable":true,"href":"https:\/\/www.encontracentrosaopaulo.com.br\/sobre\/wp-json\/wp\/v2\/comments?post=981"}],"version-history":[{"count":0,"href":"https:\/\/www.encontracentrosaopaulo.com.br\/sobre\/wp-json\/wp\/v2\/posts\/981\/revisions"}],"wp:attachment":[{"href":"https:\/\/www.encontracentrosaopaulo.com.br\/sobre\/wp-json\/wp\/v2\/media?parent=981"}],"wp:term":[{"taxonomy":"category","embeddable":true,"href":"https:\/\/www.encontracentrosaopaulo.com.br\/sobre\/wp-json\/wp\/v2\/categories?post=981"},{"taxonomy":"post_tag","embeddable":true,"href":"https:\/\/www.encontracentrosaopaulo.com.br\/sobre\/wp-json\/wp\/v2\/tags?post=981"}],"curies":[{"name":"wp","href":"https:\/\/api.w.org\/{rel}","templated":true}]}}